{"id":18593,"date":"2023-07-01T12:56:33","date_gmt":"2023-07-01T15:56:33","guid":{"rendered":"https:\/\/grandepremio.com\/es\/2023\/07\/01\/perez-verstappen-lucha-austria\/"},"modified":"2023-07-01T12:56:41","modified_gmt":"2023-07-01T15:56:41","slug":"perez-verstappen-lucha-austria","status":"publish","type":"post","link":"https:\/\/grandepremio.com\/es\/f1\/perez-verstappen-lucha-austria\/","title":{"rendered":"P\u00e9rez casi golpea a Verstappen en la lucha por el liderato en la vuelta 1 del sprint de Austria"},"content":{"rendered":"\n<p class=\"wp-block-paragraph\">Ha sido un mejor s\u00e1bado, dentro de lo que cabe, para<strong> Sergio P\u00e9rez<\/strong>, en su intento de dejar atr\u00e1s lo que fueron <strong><a href=\"https:\/\/grandepremio.com\/es\/\/f1\/perez-vueltas-borradas-pierde-q3\/\" target=\"_blank\" rel=\"noreferrer noopener\">muy malas actuaciones en las \u00faltimas cuatro clasificaciones<\/a><\/strong>. Fue segundo en el Sprint Shootout, larg\u00f3 mejor que Max Verstappen, y se pudo en punta, pero apret\u00f3 de m\u00e1s a su compa\u00f1ero contra el pasto, y tuvo que devolver la posici\u00f3n.<\/p>\n\n\n\n<p class=\"wp-block-paragraph\">Nada m\u00e1s tomar la delantera, Verstappen no perdi\u00f3 el tiempo y busc\u00f3 el cambio en la siguiente curva, poniendo el coche a la par con P\u00e9rez, que se impuso en el primer intento. En la curva tres, sin embargo, el #11 hizo un trompo excesivo, abriendo el espacio que <strong>Max<\/strong> necesitaba para lanzarse por el interior y <strong>retomar el primer puesto con facilidad.<\/strong><\/p>\n\n\n\n<figure class=\"wp-block-image size-large\"><img decoding=\"async\" src=\"https:\/\/www.grandepremio.com\/br\/wp-content\/uploads\/2023\/07\/f1-2023-austria-sprint-redbull-sergioperez-02-1024x683.jpg\" alt=\"\" class=\"wp-image-702443\"\/><figcaption class=\"wp-element-caption\">Sergio P\u00e9rez \u00e0 frente de Verstappen na largada da sprint (Foto: Red Bull Content Pool)<\/figcaption><\/figure>\n\n\n\n<p class=\"wp-block-paragraph\">P\u00e9rez, por cierto, casi golpea la parte trasera del coche #1 intentando no perder la posici\u00f3n y casi es adelantado por Lando Norris. El piloto de McLaren qued\u00f3 patinando en la curva, y <strong>Nico H\u00fclkenberg<\/strong> aprovech\u00f3 la situaci\u00f3n para subir al segundo lugar en la carrera, solo por detr\u00e1s del campe\u00f3n del mundo. <strong>El piloto alem\u00e1n de Haas dej\u00f3 atr\u00e1s a Checo y se hizo moment\u00e1neamente con la segunda plaza.<\/strong><\/p>\n\n\n\n<p class=\"wp-block-paragraph\"><strong>\u00a1Conoce el canal de Grande Pr\u00eamio en Espa\u00f1ol en\u00a0<\/strong><a href=\"https:\/\/www.youtube.com\/channel\/UCDxWojGVUi9gWYhrY0pGbIQ\" target=\"_blank\" rel=\"noreferrer noopener\"><strong>YouTube<\/strong><\/a><strong>!<\/strong><br><strong>\u00a1Sigue a Grande Pr\u00eamio en Espa\u00f1ol en\u00a0<\/strong><a href=\"https:\/\/twitter.com\/grandepremioES\" target=\"_blank\" rel=\"noreferrer noopener\"><strong>Twitter\u00a0<\/strong><\/a><strong>y en\u00a0<\/strong><a href=\"https:\/\/www.instagram.com\/grandepremioes\/\" target=\"_blank\" rel=\"noreferrer noopener\"><strong>Instagram<\/strong><\/a><strong>!<\/strong><\/p>\n\n\n\n<p class=\"wp-block-paragraph\">Luego de esto, <strong>Checo<\/strong> demor\u00f3 una docena de vueltas en recuperar el segundo puesto, cosa que pudo conseguir, pero termin\u00f3 a 21 segundos de Max, en otra actuaci\u00f3n que ha estado fuera de ritmo del otro Red Bull. <\/p>\n\n\n\n<p class=\"wp-block-paragraph\">El <strong>GP de Austria<\/strong> se largar\u00e1 ma\u00f1ana a las 10:00, hora de Brasilia y Buenos Aires, con Verstappen en pole, y P\u00e9rez en 15to.<\/p>\n","protected":false},"excerpt":{"rendered":"<p>Sergio P\u00e9rez sorprendi\u00f3 a Max Verstappen al inicio de la carrera al sprint en Austria y se puso en cabeza, pero el holand\u00e9s no tard\u00f3 en recuperarla. Los pilotos de Red Bull estuvieron cerca de tocarse.<\/p>\n","protected":false},"author":0,"featured_media":1000702442,"comment_status":"closed","ping_status":"closed","sticky":false,"template":"","format":"standard","meta":{"42wp_featured_image_caption":"","42wp_featured_image_credits":"","42wp_featured_video":"","42wp_featured_image_hidden":false,"42wp_authors_list":[],"footnotes":""},"categories":[5],"tags":[181,179,414,268,249,269,486,206,294,1441],"42wp_author":[14237],"class_list":["post-18593","post","type-post","status-publish","format-standard","has-post-thumbnail","hentry","category-f1","tag-f1","tag-formula-1","tag-haas","tag-lando-norris","tag-max-verstappen","tag-mclaren","tag-nico-hulkenberg","tag-red-bull","tag-sergio-perez","tag-sprint","42wp_author-gabriel-garcia"],"_links":{"self":[{"href":"https:\/\/grandepremio.com\/es\/wp-json\/wp\/v2\/posts\/18593","targetHints":{"allow":["GET"]}}],"collection":[{"href":"https:\/\/grandepremio.com\/es\/wp-json\/wp\/v2\/posts"}],"about":[{"href":"https:\/\/grandepremio.com\/es\/wp-json\/wp\/v2\/types\/post"}],"replies":[{"embeddable":true,"href":"https:\/\/grandepremio.com\/es\/wp-json\/wp\/v2\/comments?post=18593"}],"version-history":[{"count":0,"href":"https:\/\/grandepremio.com\/es\/wp-json\/wp\/v2\/posts\/18593\/revisions"}],"wp:featuredmedia":[{"embeddable":true,"href":"https:\/\/grandepremio.com\/es\/wp-json\/wp\/v2\/media\/1000702442"}],"wp:attachment":[{"href":"https:\/\/grandepremio.com\/es\/wp-json\/wp\/v2\/media?parent=18593"}],"wp:term":[{"taxonomy":"category","embeddable":true,"href":"https:\/\/grandepremio.com\/es\/wp-json\/wp\/v2\/categories?post=18593"},{"taxonomy":"post_tag","embeddable":true,"href":"https:\/\/grandepremio.com\/es\/wp-json\/wp\/v2\/tags?post=18593"},{"taxonomy":"42wp_author","embeddable":true,"href":"https:\/\/grandepremio.com\/es\/wp-json\/wp\/v2\/42wp_author?post=18593"}],"curies":[{"name":"wp","href":"https:\/\/api.w.org\/{rel}","templated":true}]}}