{"id":18602,"date":"2023-07-01T07:08:04","date_gmt":"2023-07-01T10:08:04","guid":{"rendered":"https:\/\/grandepremio.com\/es\/2023\/07\/01\/aron-bate-marti-sprint-f3-colapinto\/"},"modified":"2023-07-01T07:11:25","modified_gmt":"2023-07-01T10:11:25","slug":"aron-bate-marti-sprint-f3-colapinto","status":"publish","type":"post","link":"https:\/\/grandepremio.com\/es\/f3\/aron-bate-marti-sprint-f3-colapinto\/","title":{"rendered":"Aron bate a Mart\u00ed para ganar la Sprint de F3 en Austria; Colapinto acaba en la 13\u00b0 posici\u00f3n"},"content":{"rendered":"\n<p class=\"wp-block-paragraph\">Un interesant\u00edsimo final tuvo la carrera al Sprint de la F\u00f3rmula 3 en Austria, luego de que la lluvia lo cambiara todo en la ma\u00f1ana del s\u00e1bado, y Paul Aron logr\u00f3 la victoria sobre Gabriele Mini y Caio Collet, quienes se subieron al podio. <\/p>\n\n\n\n<p class=\"wp-block-paragraph\">Por su parte, Pepe Mart\u00ed lider\u00f3 buena parte de la carrera, pero acab\u00f3 sexto, y Franco Colap\u00ednto fue 13ero, luego de un sobrepaso a Zak O&#8217;Sullivan, que no pudo concretar al terminar fuera de la pista, en la leca de la curva cuatro.<\/p>\n\n\n\n<p class=\"wp-block-paragraph\">La <strong>F\u00f3rmula 3<\/strong> volver\u00e1 el domingo, a las 3:25 hora de Buenos Aires y Brasilia, para la carrera principal de la quinta ronda del campeonato. <\/p>\n\n\n\n<p class=\"wp-block-paragraph\"><strong>\u00a1Conoce el canal de Grande Pr\u00eamio en Espa\u00f1ol en&nbsp;<\/strong><a href=\"https:\/\/www.youtube.com\/channel\/UCDxWojGVUi9gWYhrY0pGbIQ\" target=\"_blank\" rel=\"noreferrer noopener\"><strong>YouTube<\/strong><\/a><strong>!<\/strong><br><strong>\u00a1Sigue a Grande Pr\u00eamio en Espa\u00f1ol en&nbsp;<\/strong><a href=\"https:\/\/twitter.com\/grandepremioES\" target=\"_blank\" rel=\"noreferrer noopener\"><strong>Twitter&nbsp;<\/strong><\/a><strong>y en&nbsp;<\/strong><a href=\"https:\/\/www.instagram.com\/grandepremioes\/\" target=\"_blank\" rel=\"noreferrer noopener\"><strong>Instagram<\/strong><\/a><strong>!<\/strong><\/p>\n\n\n\n<figure class=\"wp-block-image size-large\"><img decoding=\"async\" src=\"https:\/\/www.grandepremio.com\/br\/wp-content\/uploads\/2023\/07\/Fz78ZZpaEAEAqE8-1024x576.jpg\" alt=\"\" class=\"wp-image-702155\"\/><figcaption class=\"wp-element-caption\">Salida de la carrera sprint de F3 en Austria (Foto: reproducci\u00f3n\/F1 TV)<\/figcaption><\/figure>\n\n\n\n<p class=\"wp-block-paragraph\"><strong><u>As\u00ed se desarroll\u00f3 la carrera Sprint de la F\u00f3rmula 3:<\/u><\/strong><\/p>\n\n\n\n<p class=\"wp-block-paragraph\">La lluvia se apoder\u00f3 del Red Bull Ring apenas una hora antes del comienzo de la actividad clasificatoria de s\u00e1bado para la F\u00f3rmula 1. Como es habitual, los doce primeros de la clasificaci\u00f3n del viernes se invirtieron para conformar la grilla, de modo que Pepe Mart\u00ed, con el Campos, tomaba la salida desde la pole.<\/p>\n\n\n\n<p class=\"wp-block-paragraph\">Debido a la lluvia, se dieron dos vueltas detr\u00e1s del auto de seguridad, aunque, eso s\u00ed, la direcci\u00f3n de carrera decidi\u00f3 que la prueba fuera con partida detenida. Mart\u00ed larg\u00f3 de manera excelente, no as\u00ed Oliver Goethe, quien se qued\u00f3 detenido en plena grilla, aunque nadie le peg\u00f3, afortunadamente.<\/p>\n\n\n\n<p class=\"wp-block-paragraph\">En el caso de Franco Colapinto, su partida fue algo floja, cayendo al noveno lugar desde su quinto puesto de salida. Al cabo de dos vueltas, Mart\u00ed le hizo 2.8s a Kaylen Frederick, 3.5s a Paul Aron, de gran recuperaci\u00f3n, Gabriele Mini y Caio Collet completaban los cinco mejores. El argentino, pod\u00eda avanzar al octavo puesto.<\/p>\n\n\n\n<p class=\"wp-block-paragraph\">Otro piloto complicado era Gabriel Bortoleto, quien no tuvo la mejor largada, hasta tuvo problemas con la caja de cambios, por esto apenas estaba colocado 12do el l\u00edder del campeonato.&nbsp; Mientras, con cinco vueltas, Franco era s\u00e9ptimo, tras haber superado al Campos de Christian Mansell.<\/p>\n\n\n\n<p class=\"wp-block-paragraph\">Aron superaba a Frederick en la vuelta 7 para ser segundo, aunque estaba a tres segundos y medio de Pepe Mart\u00ed, quien comandaba c\u00f3modamente las acciones de la carrera. El piloto de ART tambi\u00e9n perdi\u00f3 la posici\u00f3n con Gabriele Mini en el giro siguiente. Luego, vio como Collet lo pasaba con una gran \u201ctijera\u201d en el frenaje de la segunda curva.<\/p>\n\n\n\n<figure class=\"wp-block-image size-large\"><img decoding=\"async\" src=\"https:\/\/www.grandepremio.com\/br\/wp-content\/uploads\/2023\/07\/Fz8GddXaQAA8dPL-1024x576.jpg\" alt=\"Min\u00ec, Aron e Collet sprint da F3 na \u00c1ustria\" class=\"wp-image-702169\"\/><figcaption class=\"wp-element-caption\">Podio de la F3 en Austria (Foto: Reproducci\u00f3n\/F1 TV)<\/figcaption><\/figure>\n\n\n\n<p class=\"wp-block-paragraph\">Colapinto, lamentablemente, intent\u00f3 superar a Zak O\u2019Sullivan, entr\u00f3 pasado en la curva cuatro por afuera y se fue a la leca, perdiendo todos los puntos que estaba sumando, cuando iban diez vueltas.<\/p>\n\n\n\n<p class=\"wp-block-paragraph\">Justo cuando Aron se acercaba a Mart\u00ed, sali\u00f3 el auto de seguridad porque se chocaron Oliver Gray, con el Carlin, y el Van Amersfoort de Rafael Villagomez. De esta manera, en la vuelta 11 estaba neutralizada, y el argentino capitaliz\u00f3 el incidente para ganar dos puestos, y subir al 17mo lugar.<\/p>\n\n\n\n<p class=\"wp-block-paragraph\">El reinicio se dio en la vuelta 13, con Mart\u00ed, Aron, Mini, Collet y Frederick, entre los cinco primeros. Zak O\u2019Sullivan aprovechaba la ca\u00edda de nivel de Frederick para subir al quinto puesto, y Jonny Edgar, compa\u00f1ero de Colapinto en MP Motorsport, tambi\u00e9n avanzaba a costa del piloto de ART, para ubicarse sexto.<\/p>\n\n\n\n<p class=\"wp-block-paragraph\">Con una gran maniobra, Aron super\u00f3 a Mart\u00ed, y Mini hab\u00eda hecho lo mismo en el frenaje de la curva tres, y el liderato se comprimi\u00f3 entre los cuatro de cabeza, dado que Caio Collet los segu\u00eda de cerca. Tras esto, el piloto de Prema lograba un segundo de ventaja sobre el de Hitech, con una vuelta para el final de carrera.<\/p>\n\n\n\n<p class=\"wp-block-paragraph\">En el \u00faltimo giro, Collet atac\u00f3 a Mart\u00ed y pod\u00eda superarlo, O\u2019Sullivan lo capitaliz\u00f3 para quedarse cuarto. Parec\u00eda que el de Campos no lograba mantener el ritmo que hab\u00eda tenido cuando la pista estaba m\u00e1s mojada.<\/p>\n\n\n\n<p class=\"wp-block-paragraph\">Al cabo de las 20 vueltas, Paul Aron venci\u00f3 en la carrera Sprint de la F3 en Austria, Gabriele Mini y Caio Collet completaron el podio. Luego, llegaron O\u2019Sullivan, Egdar, Mart\u00ed, Frederick, Beganovic, Montoya y Bortoleto, los diez primeros. Colapinto avanz\u00f3 hasta el 13er puesto, sin puntos para el piloto argentino.<\/p>\n","protected":false},"excerpt":{"rendered":"<p>Tras haber perdido la pole position en la jornada del viernes, Paul Aron se qued\u00f3 con la victoria en la carrera del s\u00e1bado, luego de superar a Pepe Mart\u00ed sobre el final de carrera. Franco Colapinto arrib\u00f3 en la 13era colocaci\u00f3n. <\/p>\n","protected":false},"author":0,"featured_media":1000702157,"comment_status":"closed","ping_status":"closed","sticky":false,"template":"","format":"standard","meta":{"42wp_featured_image_caption":"","42wp_featured_image_credits":"","42wp_featured_video":"","42wp_featured_image_hidden":false,"42wp_authors_list":[],"footnotes":""},"categories":[4],"tags":[277,814,329,1088,2931,243],"42wp_author":[14237],"class_list":["post-18602","post","type-post","status-publish","format-standard","has-post-thumbnail","hentry","category-f3","tag-f3","tag-franco-colapinto","tag-gp-de-austria","tag-paul-aron","tag-pepe-marti","tag-red-bull-ring","42wp_author-gabriel-garcia"],"_links":{"self":[{"href":"https:\/\/grandepremio.com\/es\/wp-json\/wp\/v2\/posts\/18602","targetHints":{"allow":["GET"]}}],"collection":[{"href":"https:\/\/grandepremio.com\/es\/wp-json\/wp\/v2\/posts"}],"about":[{"href":"https:\/\/grandepremio.com\/es\/wp-json\/wp\/v2\/types\/post"}],"replies":[{"embeddable":true,"href":"https:\/\/grandepremio.com\/es\/wp-json\/wp\/v2\/comments?post=18602"}],"version-history":[{"count":0,"href":"https:\/\/grandepremio.com\/es\/wp-json\/wp\/v2\/posts\/18602\/revisions"}],"wp:featuredmedia":[{"embeddable":true,"href":"https:\/\/grandepremio.com\/es\/wp-json\/wp\/v2\/media\/1000702157"}],"wp:attachment":[{"href":"https:\/\/grandepremio.com\/es\/wp-json\/wp\/v2\/media?parent=18602"}],"wp:term":[{"taxonomy":"category","embeddable":true,"href":"https:\/\/grandepremio.com\/es\/wp-json\/wp\/v2\/categories?post=18602"},{"taxonomy":"post_tag","embeddable":true,"href":"https:\/\/grandepremio.com\/es\/wp-json\/wp\/v2\/tags?post=18602"},{"taxonomy":"42wp_author","embeddable":true,"href":"https:\/\/grandepremio.com\/es\/wp-json\/wp\/v2\/42wp_author?post=18602"}],"curies":[{"name":"wp","href":"https:\/\/api.w.org\/{rel}","templated":true}]}}