{"id":18647,"date":"2023-06-28T10:41:37","date_gmt":"2023-06-28T13:41:37","guid":{"rendered":"https:\/\/grandepremio.com\/es\/2023\/06\/28\/motos-pol-espargaro-accidente-goodwood\/"},"modified":"2023-06-28T10:42:24","modified_gmt":"2023-06-28T13:42:24","slug":"motos-pol-espargaro-accidente-goodwood","status":"publish","type":"post","link":"https:\/\/grandepremio.com\/es\/motogp\/motos-pol-espargaro-accidente-goodwood\/","title":{"rendered":"Pol Espargar\u00f3 se anticipa y vuelve a pilotar un MotoGP en el Festival de Goodwood"},"content":{"rendered":"\n<p class=\"wp-block-paragraph\"><strong>Pol Espargar\u00f3 <\/strong>ya tiene fecha para volver a subirse a una moto del <strong>MotoGP<\/strong>. Desde que sufri\u00f3 un fuerte accidente en el primer d\u00eda de la <strong>temporada 2023<\/strong>, el piloto catal\u00e1n ha estado alejado de la clase reina, pero ahora tendr\u00e1 la oportunidad de subirse a la <strong>RC16<\/strong> de <strong>GasGas<\/strong> <strong>Tech3<\/strong> por primera vez desde el <a href=\"https:\/\/grandepremio.com\/es\/\/motogp\/pol-espargaro-fracturas-mandibula-vertebras-contusion-pulmonar\/\">accidente en <strong>Portim\u00e3o<\/strong><\/a>. Ser\u00e1 durante el <strong>Festival de Goodwood<\/strong>, que se llevar\u00e1 a cabo del 13 al 16 de julio.<\/p>\n\n\n\n<p class=\"wp-block-paragraph\"><strong>\u00a1Conoce el canal de Grande Pr\u00eamio en Espa\u00f1ol en&nbsp;<a href=\"https:\/\/www.youtube.com\/channel\/UCDxWojGVUi9gWYhrY0pGbIQ\" target=\"_blank\" rel=\"noreferrer noopener\">YouTube<\/a>!<br>\u00a1Sigue a&nbsp;Grande Pr\u00eamio en Espa\u00f1ol&nbsp;en&nbsp;<a href=\"https:\/\/twitter.com\/grandepremioES\" target=\"_blank\" rel=\"noreferrer noopener\">Twitter&nbsp;<\/a>y en&nbsp;<a href=\"https:\/\/www.instagram.com\/grandepremioes\/\" target=\"_blank\" rel=\"noreferrer noopener\">Instagram<\/a>!<\/strong><\/p>\n\n\n\n<p class=\"wp-block-paragraph\">Pol se cay\u00f3 durante el segundo entrenamiento para el <strong>Gran Premio de Portugal<\/strong> y choc\u00f3 contra el muro. En el impacto, el n\u00famero 44 sufri\u00f3 fracturas en tres v\u00e9rtebras, fractura de mand\u00edbula y tambi\u00e9n tuvo una contusi\u00f3n pulmonar. Desde entonces, <a href=\"https:\/\/grandepremio.com\/es\/\/motogp\/pol-espargaro-testiminio-portugal-motogp\/\">ha estado en proceso de recuperaci\u00f3n<\/a>.<\/p>\n\n\n\n<figure class=\"wp-block-image size-large\"><img decoding=\"async\" src=\"https:\/\/www.grandepremio.com\/br\/wp-content\/uploads\/2023\/06\/60522_Pol-Espargaro_Tech3-GASGAS_MotoGP_TT-Circuit-Assen-_NED_24-06-2023-3-1024x682.jpg\" alt=\"\" class=\"wp-image-699688\"\/><figcaption class=\"wp-element-caption\">Pol Espargar\u00f3 en el GP de Holanda de visita (Foto: GasGas)<\/figcaption><\/figure>\n\n\n\n<p class=\"wp-block-paragraph\">Este mi\u00e9rcoles, el <strong><a href=\"https:\/\/grandepremio.com\/es\/\/?s=Goodwood\">Festival de Goodwood<\/a> <\/strong>anunci\u00f3 los pilotos de <strong>MotoGP<\/strong> que estar\u00e1n presentes en el llamado &#8216;Festival de la Velocidad&#8217; e incluy\u00f3 al hermano menor de los Espargar\u00f3 en la lista. Tech3 confirm\u00f3 a <strong>GRANDE PR\u00caMIO<\/strong> que Pol estar\u00e1 all\u00ed.<\/p>\n\n\n\n<p class=\"wp-block-paragraph\">El pasado fin de semana, convencido por su hermano, Pol visit\u00f3 el paddock de MotoGP en <strong>Assen<\/strong> y habl\u00f3 con la prensa sobre el largo proceso de recuperaci\u00f3n. El piloto de GasGas Tech3 coment\u00f3 que <strong>ha sufrido mucho dolor, ha perdido mucho peso y ha tenido dificultades<\/strong> incluso para reconocerse a s\u00ed mismo.<\/p>\n\n\n\n<p class=\"wp-block-paragraph\">Padre de dos ni\u00f1as, el piloto agradeci\u00f3 el apoyo de su familia y sus empleadores, y afirm\u00f3 que hab\u00eda planeado un intenso programa para el per\u00edodo de vacaciones para poder estar en forma para el <strong>Gran Premio de Gran Breta\u00f1a<\/strong> a principios de agosto.<\/p>\n\n\n\n<p class=\"wp-block-paragraph\">Adem\u00e1s de Pol, el <strong>Festival de Goodwood <\/strong>contar\u00e1 con la presencia de Augusto Fern\u00e1ndez, Francesco Bagnaia, Enea Bastianini, Michele Pirro, Brad Binder, Mika Kallio, Lorenzo Savadori, Ra\u00fal Fern\u00e1ndez y Miguel Oliveira. <strong>LCR Honda tambi\u00e9n confirm\u00f3 su participaci\u00f3n<\/strong>, pero a\u00fan no ha nombrado a un participante.<\/p>\n\n\n\n<p class=\"wp-block-paragraph\">Adem\u00e1s de los pilotos actuales, Goodwood tambi\u00e9n recibir\u00e1 a algunos pilotos c\u00e9lebres de la velocidad en motocicleta: \u00c1lex Crivill\u00e9, Casey Stoner, Freddie Spencer, Giacomo Agostini, Kenny Roberts Jr., Kevin Schwantz, Mick Doohan y Wayne Gardner.<\/p>\n\n\n\n<p class=\"wp-block-paragraph\">Uno de los eventos m\u00e1s destacados del deporte motor, el <strong>Festival de Goodwood <\/strong>re\u00fane veh\u00edculos actuales e hist\u00f3ricos en Goodwood House, en <strong>West Sussex<\/strong>, Inglaterra, para una carrera de monta\u00f1a.<\/p>\n\n\n\n<h3 class=\"wp-block-heading\" id=\"h-los-pilotos-de-motogp-que-estaran-presentes-en-el-festival-de-goodwood\"><strong>Los pilotos de MotoGP que estar\u00e1n presentes en el Festival de Goodwood:<\/strong><\/h3>\n\n\n\n<figure class=\"wp-block-table\"><table><tbody><tr><td><strong>Equipe<\/strong><\/td><td><strong>Piloto<\/strong><\/td><td><strong>Dia<\/strong><\/td><\/tr><tr><td><strong>Aprilia<\/strong><\/td><td>Lorenzo Savadori<\/td><td>Quinta e Sexta<\/td><\/tr><tr><td><strong>RNF Aprilia<\/strong><\/td><td>Ra\u00fal Fern\u00e1ndez<\/td><td>Domingo<\/td><\/tr><tr><td>&nbsp;<\/td><td>Miguel Oliveira<\/td><td>S\u00e1bado<\/td><\/tr><tr><td><strong>Ducati<\/strong><\/td><td>Enea Bastianini<\/td><td>S\u00e1bado e Domingo<\/td><\/tr><tr><td>&nbsp;<\/td><td>Francesco Bagnaia<\/td><td>S\u00e1bado e Domingo<\/td><\/tr><tr><td>&nbsp;<\/td><td>Michele Pirro<\/td><td>Quinta e Sexta<\/td><\/tr><tr><td><strong>GasGas Tech3<\/strong><\/td><td>Augusto Fern\u00e1ndez<\/td><td>S\u00e1bado e Domingo<\/td><\/tr><tr><td>&nbsp;<\/td><td>Pol Espargar\u00f3<\/td><td>Quinta e Sexta<\/td><\/tr><tr><td><strong>KTM<\/strong><\/td><td>Brad Binder<\/td><td>S\u00e1bado e Domingo<\/td><\/tr><tr><td>&nbsp;<\/td><td>Mika Kallio<\/td><td>Quinta e Sexta<\/td><\/tr><\/tbody><\/table><\/figure>\n\n\n\n<p class=\"wp-block-paragraph\">El <strong>MotoGP <\/strong>ahora entra en su per\u00edodo de vacaciones y regresar\u00e1 a la acci\u00f3n <strong>del 4 al 6 de agosto<\/strong> para el <strong>Gran Premio de Gran Breta\u00f1a<\/strong> en <strong>Silverstone<\/strong>. <strong>GRANDE PR\u00caMIO<\/strong> sigue de cerca todas las actividades del <strong>Campeonato Mundial de Motociclismo 2023<\/strong>.<\/p>\n","protected":false},"excerpt":{"rendered":"<p>GRANDE PR\u00caMIO confirm\u00f3 que Pol Espargar\u00f3 volver\u00e1 a pilotar un prototipo de la clase mayor del Campeonato Mundial de Motociclismo durante el Festival de Goodwood, del 13 al 16 de julio.<\/p>\n","protected":false},"author":0,"featured_media":1000699686,"comment_status":"closed","ping_status":"closed","sticky":false,"template":"","format":"standard","meta":{"42wp_featured_image_caption":"","42wp_featured_image_credits":"","42wp_featured_video":"","42wp_featured_image_hidden":false,"42wp_authors_list":[],"footnotes":""},"categories":[8],"tags":[6295,6311,6105,5242,7237,7236,6449,1304,855,1293,2657,2308,1764,1564],"42wp_author":[14235],"class_list":["post-18647","post","type-post","status-publish","format-standard","has-post-thumbnail","hentry","category-motogp","tag-accidente-de-pol-espargaro","tag-accidente-pol-espargaro","tag-cirurgia-espargaro","tag-espargaro","tag-festival-de-goodwood","tag-goodwood","tag-miguel-oliveira-pol-espargaro","tag-moto-gp","tag-motociclismo","tag-motogp","tag-motogp-2023","tag-motogp-hoy","tag-mundial-de-motociclismo","tag-pol-espargaro","42wp_author-barbara-mincioni"],"_links":{"self":[{"href":"https:\/\/grandepremio.com\/es\/wp-json\/wp\/v2\/posts\/18647","targetHints":{"allow":["GET"]}}],"collection":[{"href":"https:\/\/grandepremio.com\/es\/wp-json\/wp\/v2\/posts"}],"about":[{"href":"https:\/\/grandepremio.com\/es\/wp-json\/wp\/v2\/types\/post"}],"replies":[{"embeddable":true,"href":"https:\/\/grandepremio.com\/es\/wp-json\/wp\/v2\/comments?post=18647"}],"version-history":[{"count":0,"href":"https:\/\/grandepremio.com\/es\/wp-json\/wp\/v2\/posts\/18647\/revisions"}],"wp:featuredmedia":[{"embeddable":true,"href":"https:\/\/grandepremio.com\/es\/wp-json\/wp\/v2\/media\/1000699686"}],"wp:attachment":[{"href":"https:\/\/grandepremio.com\/es\/wp-json\/wp\/v2\/media?parent=18647"}],"wp:term":[{"taxonomy":"category","embeddable":true,"href":"https:\/\/grandepremio.com\/es\/wp-json\/wp\/v2\/categories?post=18647"},{"taxonomy":"post_tag","embeddable":true,"href":"https:\/\/grandepremio.com\/es\/wp-json\/wp\/v2\/tags?post=18647"},{"taxonomy":"42wp_author","embeddable":true,"href":"https:\/\/grandepremio.com\/es\/wp-json\/wp\/v2\/42wp_author?post=18647"}],"curies":[{"name":"wp","href":"https:\/\/api.w.org\/{rel}","templated":true}]}}