{"id":18654,"date":"2023-06-27T13:04:13","date_gmt":"2023-06-27T16:04:13","guid":{"rendered":"https:\/\/grandepremio.com\/es\/2023\/06\/27\/yamaha-cirugia-exitosa-fabio-quartararo\/"},"modified":"2023-06-27T13:04:21","modified_gmt":"2023-06-27T16:04:21","slug":"yamaha-cirugia-exitosa-fabio-quartararo","status":"publish","type":"post","link":"https:\/\/grandepremio.com\/es\/motogp\/yamaha-cirugia-exitosa-fabio-quartararo\/","title":{"rendered":"Yamaha confirma cirug\u00eda de Quartararo tras accidente en Holanda: &#8220;Fue exitosa&#8221;"},"content":{"rendered":"\n<figure class=\"wp-block-video\"><video class=\"video-js vjs-big-play-centered\" data-gp-vjs=\"1\" controls poster=\"https:\/\/www.grandepremio.com\/br\/wp-content\/uploads\/2023\/06\/Quartararo-e-Zarco-na-Holanda-poster.jpeg\" src=\"https:\/\/www.grandepremio.com\/br\/wp-content\/uploads\/2023\/06\/Quartararo-e-Zarco-na-Holanda.mp4\"><\/video><figcaption class=\"wp-element-caption\">Fabio Quartararo levou a pior no toque com Johann Zarco durante GP da Holanda (V\u00eddeo: reprodu\u00e7\u00e3o\/MotoGP)<\/figcaption><\/figure>\n\n\n\n<p class=\"wp-block-paragraph\">Despu\u00e9s de un encontronazo con<strong> Johann Zarco<\/strong> y caerse en el<strong> GP de Holanda<\/strong>, la lesi\u00f3n de <strong>Fabio Quartararo<\/strong> en el dedo gordo del pie izquierdo empeor\u00f3, luego de que se haya lastimado en un primer momento en el <strong>GP de Alemania.<\/strong> <a href=\"https:\/\/grandepremio.com\/es\/\/motogp\/fabio-quartararo-caida-cirugia-holanda-motogp\/\" target=\"_blank\" rel=\"noreferrer noopener\">Y como era de esperar, el franc\u00e9s se someti\u00f3 a una intervenci\u00f3n quir\u00fargica,<\/a> y <strong>Yamaha<\/strong> tranquiliz\u00f3 a los aficionados asegurando que hab\u00eda sido un \u00e9xito.<\/p>\n\n\n\n<p class=\"wp-block-paragraph\">&#8220;Los aficionados pueden estar tranquilos: \u00a1La operaci\u00f3n de Quartararo en el dedo gordo del pie izquierdo ha sido un \u00e9xito! Descansar\u00e1 bien y volver\u00e1 m\u00e1s fuerte que nunca. Todos le deseamos una pronta recuperaci\u00f3n&#8221;, escribi\u00f3 Yamaha en las redes sociales.<\/p>\n\n\n\n<p class=\"wp-block-paragraph\"><strong><strong>\u00a1Conoce el canal de Grande Pr\u00eamio en Espa\u00f1ol en\u00a0<a href=\"https:\/\/www.youtube.com\/channel\/UCDxWojGVUi9gWYhrY0pGbIQ\" target=\"_blank\" rel=\"noreferrer noopener\">YouTube<\/a>!<br>\u00a1Sigue a\u00a0Grande Pr\u00eamio en Espa\u00f1ol\u00a0en\u00a0<a href=\"https:\/\/twitter.com\/grandepremioES\" target=\"_blank\" rel=\"noreferrer noopener\">Twitter\u00a0<\/a>y en\u00a0<a href=\"https:\/\/www.instagram.com\/grandepremioes\/\" target=\"_blank\" rel=\"noreferrer noopener\">Instagram<\/a>!<\/strong><\/strong><\/p>\n\n\n\n<figure class=\"wp-block-image size-large\"><img decoding=\"async\" src=\"https:\/\/www.grandepremio.com\/br\/wp-content\/uploads\/2023\/06\/MEYM_2023-08-GP-Assen-72715-1024x682.jpg\" alt=\"\" class=\"wp-image-700257\"\/><figcaption class=\"wp-element-caption\">Fabio Quartararo se resinti\u00f3 de su lesi\u00f3n en el GP de Holanda (Foto: Yamaha)<\/figcaption><\/figure>\n\n\n\n<p class=\"wp-block-paragraph\">En el incidente, Zarco se levant\u00f3 inmediatamente, pero Quartararo debi\u00f3 recibir ayuda de los comisarios de pista y acudir al centro m\u00e9dico. En su testimonio poscarrera, el #20 explic\u00f3 las razones del accidente: &#8220;Comet\u00ed un error en la largada y a partir de ah\u00ed empuj\u00e9 un poco para compensar. Fue culpa m\u00eda. Pero ten\u00edamos un gran ritmo, una gran velocidad, as\u00ed que lo tomar\u00e9 como un fin de semana positivo. Siento que he estado a mi mejor nivel&#8221;, manifest\u00f3 en piloto de Yamaha.<\/p>\n\n\n\n<p class=\"wp-block-paragraph\">Zarco tambi\u00e9n coment\u00f3 la ca\u00edda, reiterando que no sufri\u00f3 &#8220;ninguna lesi\u00f3n importante&#8221;. &#8220;Cuando intentaba adelantar a Fabio entre las curvas 7 y 8, he vuelto a acelerar para salir justo en la entrada de la curva 8. Se ha ca\u00eddo y justo yo estaba muy cerca de su rueda&#8221;, explic\u00f3. En el momento del accidente, ambos ocupaban las posiciones 12\u00aa y 13\u00aa de la carrera.<\/p>\n\n\n\n<p class=\"wp-block-paragraph\">La pr\u00f3xima cita del <strong>MotoGP<\/strong> ser\u00e1 el 6 de agosto en el<strong> GP de Gran Breta\u00f1a<\/strong>. Tras la operaci\u00f3n, &#8220;El Diablo&#8221; tiene tiempo para recuperarse y prepararse para la segunda mitad de la temporada.<\/p>\n","protected":false},"excerpt":{"rendered":"<p>Luego de sufrir una lesi\u00f3n en un dedo del pie durante el GP de Holanda, Fabio Quartararo pas\u00f3 por una intervenci\u00f3n quir\u00fargica. Y en redes sociales, Yamaha inform\u00f3 que la cirug\u00eda de su piloto fue exitosa. <\/p>\n","protected":false},"author":0,"featured_media":1000700268,"comment_status":"closed","ping_status":"closed","sticky":false,"template":"","format":"standard","meta":{"42wp_featured_image_caption":"","42wp_featured_image_credits":"","42wp_featured_video":"","42wp_featured_image_hidden":false,"42wp_authors_list":[],"footnotes":""},"categories":[8],"tags":[1306,1443,1404,1293,2657,1309],"42wp_author":[14223],"class_list":["post-18654","post","type-post","status-publish","format-standard","has-post-thumbnail","hentry","category-motogp","tag-fabio-quartararo","tag-gp-de-holanda","tag-johann-zarco","tag-motogp","tag-motogp-2023","tag-yamaha","42wp_author-esteban-nieto"],"_links":{"self":[{"href":"https:\/\/grandepremio.com\/es\/wp-json\/wp\/v2\/posts\/18654","targetHints":{"allow":["GET"]}}],"collection":[{"href":"https:\/\/grandepremio.com\/es\/wp-json\/wp\/v2\/posts"}],"about":[{"href":"https:\/\/grandepremio.com\/es\/wp-json\/wp\/v2\/types\/post"}],"replies":[{"embeddable":true,"href":"https:\/\/grandepremio.com\/es\/wp-json\/wp\/v2\/comments?post=18654"}],"version-history":[{"count":0,"href":"https:\/\/grandepremio.com\/es\/wp-json\/wp\/v2\/posts\/18654\/revisions"}],"wp:featuredmedia":[{"embeddable":true,"href":"https:\/\/grandepremio.com\/es\/wp-json\/wp\/v2\/media\/1000700268"}],"wp:attachment":[{"href":"https:\/\/grandepremio.com\/es\/wp-json\/wp\/v2\/media?parent=18654"}],"wp:term":[{"taxonomy":"category","embeddable":true,"href":"https:\/\/grandepremio.com\/es\/wp-json\/wp\/v2\/categories?post=18654"},{"taxonomy":"post_tag","embeddable":true,"href":"https:\/\/grandepremio.com\/es\/wp-json\/wp\/v2\/tags?post=18654"},{"taxonomy":"42wp_author","embeddable":true,"href":"https:\/\/grandepremio.com\/es\/wp-json\/wp\/v2\/42wp_author?post=18654"}],"curies":[{"name":"wp","href":"https:\/\/api.w.org\/{rel}","templated":true}]}}