{"id":18668,"date":"2023-06-26T09:54:14","date_gmt":"2023-06-26T12:54:14","guid":{"rendered":"https:\/\/grandepremio.com\/es\/2023\/06\/26\/fabio-quartararo-caida-cirugia-holanda-motogp\/"},"modified":"2023-06-26T09:54:22","modified_gmt":"2023-06-26T12:54:22","slug":"fabio-quartararo-caida-cirugia-holanda-motogp","status":"publish","type":"post","link":"https:\/\/grandepremio.com\/es\/motogp\/fabio-quartararo-caida-cirugia-holanda-motogp\/","title":{"rendered":"Quartararo prev\u00e9 cirug\u00eda tras agravamiento de su lesi\u00f3n y espera &#8220;estar bien para Silverstone&#8221;"},"content":{"rendered":"\n<p class=\"wp-block-paragraph\"><strong>Fabio Quartararo<\/strong> vivir\u00e1 un periodo complicado durante las vacaciones de categor\u00eda que comienzan <a href=\"https:\/\/grandepremio.com\/es\/\/motogp\/francesco-bagnaia-marco-bezzecchi-gp-holanda-motogp\/\" target=\"_blank\" rel=\"noreferrer noopener\">tras el GP de Holanda.<\/a> El piloto de<strong> Yamaha <\/strong>se involucr\u00f3 en una ca\u00edda con <strong>Johann Zarco,<\/strong> de <strong>Ducati,<\/strong> y cree que tendr\u00e1 que operarse del dedo gordo de su pie izquierdo, que ya se hab\u00eda lesionado antes de la carrera de Assen.<\/p>\n\n\n\n<p class=\"wp-block-paragraph\">El franc\u00e9s tambi\u00e9n sufri\u00f3 un esguince en el codo izquierdo en la ca\u00edda. La pr\u00f3xima cita de <strong>MotoGP<\/strong> ser\u00e1 el 6 de agosto en el <strong>GP de Gran Breta\u00f1a<\/strong>, y&#8221;El Diablo&#8221; aspira a recuperarse para afrontar la segunda mitad de la temporada.<\/p>\n\n\n\n<p class=\"wp-block-paragraph\">&#8220;[La recuperaci\u00f3n del brazo] no ser\u00e1 tan larga. El pie, en cambio, tendr\u00e9 que comprobarlo, pero espero que me operen. No s\u00e9 si podr\u00eda correr ahora, me duele mucho. Creo que ahora descansar\u00e9, pero espero estar listo para Silverstone&#8221;, coment\u00f3 el piloto.<\/p>\n\n\n\n<p class=\"wp-block-paragraph\"><strong><strong>\u00a1Conoce el canal de Grande Pr\u00eamio en Espa\u00f1ol en\u00a0<a href=\"https:\/\/www.youtube.com\/channel\/UCDxWojGVUi9gWYhrY0pGbIQ\" target=\"_blank\" rel=\"noreferrer noopener\">YouTube<\/a>!<br>\u00a1Sigue a\u00a0Grande Pr\u00eamio en Espa\u00f1ol\u00a0en\u00a0<a href=\"https:\/\/twitter.com\/grandepremioES\" target=\"_blank\" rel=\"noreferrer noopener\">Twitter\u00a0<\/a>y en\u00a0<a href=\"https:\/\/www.instagram.com\/grandepremioes\/\" target=\"_blank\" rel=\"noreferrer noopener\">Instagram<\/a>!<\/strong><\/strong><\/p>\n\n\n\n<figure class=\"wp-block-video\"><video class=\"video-js vjs-big-play-centered\" data-gp-vjs=\"1\" controls poster=\"https:\/\/www.grandepremio.com\/br\/wp-content\/uploads\/2023\/06\/Quartararo-e-Zarco-na-Holanda-poster.jpeg\" src=\"https:\/\/www.grandepremio.com\/br\/wp-content\/uploads\/2023\/06\/Quartararo-e-Zarco-na-Holanda.mp4\"><\/video><figcaption class=\"wp-element-caption\">Fabio Quartararo se llev\u00f3 la peor parte en un incidente con Johann Zarco durante el GP de Holanda. (Video: MotoGP)<\/figcaption><\/figure>\n\n\n\n<p class=\"wp-block-paragraph\">En el incidente, Zarco se levant\u00f3 inmediatamente, pero Quartararo tuvo que ser ayudado por los comisarios de pista y trasladado al centro m\u00e9dico. El #20 explic\u00f3 los motivos del accidente. &#8220;Comet\u00ed un error en la largada y a partir de ah\u00ed empuj\u00e9 un poco para compensar. Ha sido culpa m\u00eda. Pero ten\u00edamos un gran ritmo, una gran velocidad, as\u00ed que me lo tomar\u00e9 como un fin de semana positivo. Siento que he estado a mi mejor nivel&#8221;, se lament\u00f3.<\/p>\n\n\n\n<p class=\"wp-block-paragraph\">Johann Zarco tambi\u00e9n dio su versi\u00f3n sobre la ca\u00edda, reiterando que no sufri\u00f3 &#8220;ninguna lesi\u00f3n importante&#8221;. &#8220;Cuando intentaba adelantar a Fabio entre las curvas 7 y 8, he vuelto a acelerar para salir justo en la entrada de la curva 8. \u00c9l se ha ca\u00eddo y yo ya estaba muy cerca de su rueda&#8221;, explic\u00f3. En el momento de la ca\u00edda, ambos ocupaban las posiciones 12\u00aa y 13\u00aa de la carrera.<\/p>\n\n\n\n<p class=\"wp-block-paragraph\">Este es el primer contratiempo para Quartararo despu\u00e9s de tres podios consecutivos. &#8220;Desde el viernes, todo fue un l\u00edo y lo arrastr\u00e9 durante el resto del fin de semana. Pero las vacaciones ser\u00e1n buenas. No tardaremos en luchar por la victoria&#8221;, concluy\u00f3.<\/p>\n\n\n\n<p class=\"wp-block-paragraph\">El <strong>MotoGP <\/strong>se tomar\u00e1 un receso y s\u00f3lo volver\u00e1 a la acci\u00f3n el 6 de agosto, para el<strong> GP de Gran Breta\u00f1a<\/strong> en <strong>Silverstone.<\/strong> <strong>GRANDE PR\u00caMIO en Espa\u00f1ol <\/strong>sigue todas las actividades del <strong>Campeonato del Mundo de MotoGP 2023.<\/strong><\/p>\n","protected":false},"excerpt":{"rendered":"<p>Fabio Quartararo tuvo una ca\u00edda en el GP de Holanda y contempla pasar por una cirug\u00eda debido a que empeor\u00f3 su lesi\u00f3n en el pie izquierdo.<\/p>\n","protected":false},"author":0,"featured_media":1000700259,"comment_status":"closed","ping_status":"closed","sticky":false,"template":"","format":"standard","meta":{"42wp_featured_image_caption":"","42wp_featured_image_credits":"","42wp_featured_video":"","42wp_featured_image_hidden":false,"42wp_authors_list":[],"footnotes":""},"categories":[8],"tags":[1306,1443,6104,1404,1293,2657],"42wp_author":[14223],"class_list":["post-18668","post","type-post","status-publish","format-standard","has-post-thumbnail","hentry","category-motogp","tag-fabio-quartararo","tag-gp-de-holanda","tag-grande-premio-motogp","tag-johann-zarco","tag-motogp","tag-motogp-2023","42wp_author-esteban-nieto"],"_links":{"self":[{"href":"https:\/\/grandepremio.com\/es\/wp-json\/wp\/v2\/posts\/18668","targetHints":{"allow":["GET"]}}],"collection":[{"href":"https:\/\/grandepremio.com\/es\/wp-json\/wp\/v2\/posts"}],"about":[{"href":"https:\/\/grandepremio.com\/es\/wp-json\/wp\/v2\/types\/post"}],"replies":[{"embeddable":true,"href":"https:\/\/grandepremio.com\/es\/wp-json\/wp\/v2\/comments?post=18668"}],"version-history":[{"count":0,"href":"https:\/\/grandepremio.com\/es\/wp-json\/wp\/v2\/posts\/18668\/revisions"}],"wp:featuredmedia":[{"embeddable":true,"href":"https:\/\/grandepremio.com\/es\/wp-json\/wp\/v2\/media\/1000700259"}],"wp:attachment":[{"href":"https:\/\/grandepremio.com\/es\/wp-json\/wp\/v2\/media?parent=18668"}],"wp:term":[{"taxonomy":"category","embeddable":true,"href":"https:\/\/grandepremio.com\/es\/wp-json\/wp\/v2\/categories?post=18668"},{"taxonomy":"post_tag","embeddable":true,"href":"https:\/\/grandepremio.com\/es\/wp-json\/wp\/v2\/tags?post=18668"},{"taxonomy":"42wp_author","embeddable":true,"href":"https:\/\/grandepremio.com\/es\/wp-json\/wp\/v2\/42wp_author?post=18668"}],"curies":[{"name":"wp","href":"https:\/\/api.w.org\/{rel}","templated":true}]}}