{"id":18671,"date":"2023-06-25T13:58:39","date_gmt":"2023-06-25T16:58:39","guid":{"rendered":"https:\/\/grandepremio.com\/es\/2023\/06\/25\/marc-marquez-cambio-de-equipo-honda-motogp\/"},"modified":"2023-06-25T13:58:47","modified_gmt":"2023-06-25T16:58:47","slug":"marc-marquez-cambio-de-equipo-honda-motogp","status":"publish","type":"post","link":"https:\/\/grandepremio.com\/es\/motogp\/marc-marquez-cambio-de-equipo-honda-motogp\/","title":{"rendered":"Marc M\u00e1rquez evita dar pistas sobre futuro: &#8220;No importa el equipo, dar\u00e9 lo mejor&#8221;"},"content":{"rendered":"\n<p class=\"wp-block-paragraph\">A pesar de la crisis que envuelve a <strong>Honda<\/strong>, <strong>Marc M\u00e1rquez <\/strong>sali\u00f3 a reforzar su compromiso con el equipo japon\u00e9s y expres\u00f3 que s\u00f3lo tomar\u00e1 una decisi\u00f3n sobre su futuro despu\u00e9s de mucha consideraci\u00f3n, incluso ante una posible opci\u00f3n de emigrar a otro equipo.<\/p>\n\n\n\n<p class=\"wp-block-paragraph\">El espa\u00f1ol <a href=\"https:\/\/grandepremio.com\/es\/\/motogp\/marc-marquez-afuera-holanda-motogp\/\" target=\"_blank\" rel=\"noreferrer noopener\">no pudo competir en el <strong>GP de Holanda<\/strong> debido a una fractura de costilla que se produjo como consecuencia de una ca\u00edda en Alemania el pasado fin de semana<\/a>. Y sin competir, el #93 se manifest\u00f3 al mismo tiempo que el jefe del equipo, <strong>Alberto Puig,<\/strong> admitiera que Honda todav\u00eda no entiende del todo la <strong>RC213V<\/strong> y dijera que no quiere ver a nadie infeliz sobre el ala dorada.<\/p>\n\n\n\n<p class=\"wp-block-paragraph\">&#8220;Sinceramente, ahora no me puedo plantear estas cosas&#8221;, descart\u00f3 M\u00e1rquez al ser preguntado por un posible fichaje por un equipo cliente. &#8220;En estos d\u00edas, debo respirar y luego, volver a pilotar. Debo cambiar mi forma de afrontar [la situaci\u00f3n]. No puedo estar con eso [la posibilidad de cambiar de equipo] en la cabeza. Ni tampoco se puede luchar contra el mundo, pero yo soy un luchador. No importan los colores, el equipo\u2026 Voy a dar el m\u00e1ximo&#8221;, garantiz\u00f3 el seis veces campe\u00f3n.<\/p>\n\n\n\n<p class=\"wp-block-paragraph\"><strong><strong>\u00a1Conoce el canal de Grande Pr\u00eamio en Espa\u00f1ol en\u00a0<a href=\"https:\/\/www.youtube.com\/channel\/UCDxWojGVUi9gWYhrY0pGbIQ\" target=\"_blank\" rel=\"noreferrer noopener\">YouTube<\/a>!<br>\u00a1Sigue a\u00a0Grande Pr\u00eamio en Espa\u00f1ol\u00a0en\u00a0<a href=\"https:\/\/twitter.com\/grandepremioES\" target=\"_blank\" rel=\"noreferrer noopener\">Twitter\u00a0<\/a>y en\u00a0<a href=\"https:\/\/www.instagram.com\/grandepremioes\/\" target=\"_blank\" rel=\"noreferrer noopener\">Instagram<\/a>!<\/strong><\/strong><\/p>\n\n\n\n<figure class=\"wp-block-image size-large\"><img decoding=\"async\" src=\"https:\/\/www.grandepremio.com\/br\/wp-content\/uploads\/2023\/06\/https-__repsolmedia.com_repsolmedia_wp-content_uploads_2023_06_DSC2964-1-scaled-1-1024x682.jpg\" alt=\"\" class=\"wp-image-698795\"\/><figcaption class=\"wp-element-caption\">Marc M\u00e1rquez quiere pensar bien antes de definir su futuro en el MotoGP. (Foto: Repsol)<\/figcaption><\/figure>\n\n\n\n<p class=\"wp-block-paragraph\">El piloto de Cervera se cay\u00f3 dos veces durante el viernes y el s\u00e1bado en Assen, agravando a\u00fan m\u00e1s las lesiones que sufri\u00f3 en el<strong> GP de Alemania,<\/strong> la anterior prueba del campeonato del mundo de <strong>MotoGP<\/strong>. M\u00e1rquez tiene una fractura en el pulgar izquierdo y un esguince de tobillo, adem\u00e1s de una costilla fracturada.<\/p>\n\n\n\n<p class=\"wp-block-paragraph\">A pesar de los diversos problemas que ha tenido esta temporada, el espa\u00f1ol analiz\u00f3 su rendimiento actual y reforz\u00f3 que tendr\u00e1 el mismo enfoque cuando vuelva a la pista. &#8220;Estoy en uno de mis peores momentos y si algo he aprendido es que no hay que tomar decisiones precipitadas. No puedo pensar en eso. Volver\u00e9 con el mismo compromiso&#8221;, finaliz\u00f3 M\u00e1rquez.<\/p>\n\n\n\n<p class=\"wp-block-paragraph\">Marc es actualmente s\u00f3lo 19\u00ba en la clasificaci\u00f3n del <strong>Campeonato del Mundo de Pilotos<\/strong> con 15 puntos, a 154 del l\u00edder <strong>Francesco Bagnaia.<\/strong><\/p>\n","protected":false},"excerpt":{"rendered":"<p>Marc M\u00e1rquez habl\u00f3 sobre su futuro como piloto de Honda y afirm\u00f3 que solo tomar\u00e1 una decisi\u00f3n con la cabeza fr\u00eda y sin tomar elecciones apresuradas. <\/p>\n","protected":false},"author":0,"featured_media":1000699734,"comment_status":"closed","ping_status":"closed","sticky":false,"template":"","format":"standard","meta":{"42wp_featured_image_caption":"","42wp_featured_image_credits":"","42wp_featured_video":"","42wp_featured_image_hidden":false,"42wp_authors_list":[],"footnotes":""},"categories":[8],"tags":[1869,1443,221,1392,1293,2657],"42wp_author":[14223],"class_list":["post-18671","post","type-post","status-publish","format-standard","has-post-thumbnail","hentry","category-motogp","tag-alberto-puig","tag-gp-de-holanda","tag-honda","tag-marc-marquez-2","tag-motogp","tag-motogp-2023","42wp_author-esteban-nieto"],"_links":{"self":[{"href":"https:\/\/grandepremio.com\/es\/wp-json\/wp\/v2\/posts\/18671","targetHints":{"allow":["GET"]}}],"collection":[{"href":"https:\/\/grandepremio.com\/es\/wp-json\/wp\/v2\/posts"}],"about":[{"href":"https:\/\/grandepremio.com\/es\/wp-json\/wp\/v2\/types\/post"}],"replies":[{"embeddable":true,"href":"https:\/\/grandepremio.com\/es\/wp-json\/wp\/v2\/comments?post=18671"}],"version-history":[{"count":0,"href":"https:\/\/grandepremio.com\/es\/wp-json\/wp\/v2\/posts\/18671\/revisions"}],"wp:featuredmedia":[{"embeddable":true,"href":"https:\/\/grandepremio.com\/es\/wp-json\/wp\/v2\/media\/1000699734"}],"wp:attachment":[{"href":"https:\/\/grandepremio.com\/es\/wp-json\/wp\/v2\/media?parent=18671"}],"wp:term":[{"taxonomy":"category","embeddable":true,"href":"https:\/\/grandepremio.com\/es\/wp-json\/wp\/v2\/categories?post=18671"},{"taxonomy":"post_tag","embeddable":true,"href":"https:\/\/grandepremio.com\/es\/wp-json\/wp\/v2\/tags?post=18671"},{"taxonomy":"42wp_author","embeddable":true,"href":"https:\/\/grandepremio.com\/es\/wp-json\/wp\/v2\/42wp_author?post=18671"}],"curies":[{"name":"wp","href":"https:\/\/api.w.org\/{rel}","templated":true}]}}