{"id":18684,"date":"2023-06-24T11:24:09","date_gmt":"2023-06-24T14:24:09","guid":{"rendered":"https:\/\/grandepremio.com\/es\/2023\/06\/24\/motos-pole-bezzecchi-assen\/"},"modified":"2023-06-24T11:35:13","modified_gmt":"2023-06-24T14:35:13","slug":"motos-pole-bezzecchi-assen","status":"publish","type":"post","link":"https:\/\/grandepremio.com\/es\/motogp\/motos-pole-bezzecchi-assen\/","title":{"rendered":"Bezzecchi otorga al VR46 la pole en Assen; Marc M\u00e1rquez cae y termina 17"},"content":{"rendered":"\n<p class=\"wp-block-paragraph\"><strong>Marco Bezzecchi <\/strong>ya hab\u00eda mostrado un gran ritmo despu\u00e9s de liderar ambos entrenamientos el viernes. Y el piloto de <strong>VR46 <\/strong>lo repiti\u00f3 y lo confirm\u00f3 este s\u00e1bado (24). Con 1min31s472, el n\u00famero 72 se mantuvo a solo 0s061 de <strong>Francesco Bagnaia<\/strong>, pero fue suficiente para llevarse la pole en la carrera sprint y en la carrera principal del <strong>Gran Premio de los Pa\u00edses Bajos<\/strong> de <strong>MotoGP<\/strong>.<\/p>\n\n\n\n<p class=\"wp-block-paragraph\"><strong>\u00a1Conoce el canal de Grande Pr\u00eamio en Espa\u00f1ol en&nbsp;<\/strong><a href=\"https:\/\/www.youtube.com\/channel\/UCDxWojGVUi9gWYhrY0pGbIQ\" target=\"_blank\" rel=\"noreferrer noopener\"><strong>YouTube<\/strong><\/a><strong>!<\/strong><br><strong>\u00a1Sigue a Grande Pr\u00eamio en Espa\u00f1ol en&nbsp;<\/strong><a href=\"https:\/\/twitter.com\/grandepremioES\" target=\"_blank\" rel=\"noreferrer noopener\"><strong>Twitter&nbsp;<\/strong><\/a><strong>y en&nbsp;<\/strong><a href=\"https:\/\/www.instagram.com\/grandepremioes\/\" target=\"_blank\" rel=\"noreferrer noopener\"><strong>Instagram<\/strong><\/a><strong>!<\/strong><\/p>\n\n\n\n<p class=\"wp-block-paragraph\">El campe\u00f3n vigente de la categor\u00eda reina del Campeonato Mundial de Motociclismo partir\u00e1 desde la segunda posici\u00f3n, por delante de Luca Marini, quien cierra la primera fila y completa el 1-2-3 de <strong>Ducati<\/strong>.<\/p>\n\n\n\n<figure class=\"wp-block-image size-large\"><img decoding=\"async\" src=\"https:\/\/www.grandepremio.com\/br\/wp-content\/uploads\/2023\/06\/MotoGP-2023-Holanda-Assen-Sexta-VR46-Marco-Bezzecchi2-1024x682.jpg\" alt=\"\" class=\"wp-image-699261\"\/><figcaption class=\"wp-element-caption\">Marco Bezzecchi se qued\u00f3 con la pole (Foto: Divulga\u00e7\u00e3o\/MotoGP)<\/figcaption><\/figure>\n\n\n\n<p class=\"wp-block-paragraph\"><strong>Fabio Quartararo<\/strong> tuvo una buena clasificaci\u00f3n y termin\u00f3 en cuarto lugar. <strong>Brad Binder<\/strong>, <strong>Aleix Espargar\u00f3<\/strong>, <strong>Maverick Vi\u00f1ales<\/strong>, <strong>Johann Zarco<\/strong>, <strong>\u00c1lex M\u00e1rquez <\/strong>y <strong>Jorge Mart\u00edn <\/strong>completan el top-10.<\/p>\n\n\n\n<p class=\"wp-block-paragraph\"><strong>Marc M\u00e1rquez <\/strong>logr\u00f3 cumplir el objetivo de no quedar en la \u00faltima fila, pero no sin pol\u00e9mica. El espa\u00f1ol se cay\u00f3 despu\u00e9s de chocar con la parte trasera de<strong> Enea Bastianini<\/strong>. El piloto de Honda partir\u00e1 en el puesto 17, por delante del n\u00famero 23.<\/p>\n\n\n\n<p class=\"wp-block-paragraph\"><strong>GRANDE PR\u00caMIO EN ESPA\u00d1OL<\/strong> sigue todas las actividades del <strong>MotoGP<\/strong> de 2023.<\/p>\n\n\n\n<h2 class=\"wp-block-heading\">Q1: Zarco y Oliveira avanzan. Marc M\u00e1rquez cae tras chocar con Bastianini<\/h2>\n\n\n\n<p class=\"wp-block-paragraph\">La primera fase de la <strong>clasificaci\u00f3n en Assen<\/strong> cont\u00f3 con una variedad de pilotos: Johann Zarco, Enea Bastianini, Franco Morbidelli, Marc M\u00e1rquez, Miguel Oliveira, Ra\u00fal Fern\u00e1ndez, Takaaki Nakagami, Augusto Fern\u00e1ndez, Fabio Di Giannantonio, Lorenzo Savadori, Stefan Bradl, Iker Lecuona y Jonas Folger.<\/p>\n\n\n\n<figure class=\"wp-block-video\"><video class=\"video-js vjs-big-play-centered\" data-gp-vjs=\"1\" controls src=\"https:\/\/www.grandepremio.com\/br\/wp-content\/uploads\/2023\/06\/motogp-2023-holanda-inicio-Q1.mp4\"><\/video><figcaption class=\"wp-element-caption\">As\u00ed comenz\u00f3 la Q1 del MotoGP en Pa\u00edses Bajos (V\u00eddeo: Reprodu\u00e7\u00e3o\/MotoGP)<\/figcaption><\/figure>\n\n\n\n<p class=\"wp-block-paragraph\">En la primera vuelta r\u00e1pida, Zarco se coloc\u00f3 en la primera posici\u00f3n con un tiempo de 1min32s501, 0s029 m\u00e1s r\u00e1pido que Morbidelli. En tercer lugar, Di Giannantonio estaba 0s131 por debajo de la l\u00ednea de corte para Q2.<\/p>\n\n\n\n<p class=\"wp-block-paragraph\">Zarco mejor\u00f3 en la siguiente vuelta, pero pronto fue superado por Nakagami, quien logr\u00f3 un tiempo apenas 0s004 mejor. Bastianini subi\u00f3 al cuarto puesto, pero luego cay\u00f3 al sexto lugar cuando su tiempo fue cancelado.<\/p>\n\n\n\n<p class=\"wp-block-paragraph\">Con un tiempo de 1min32s346, Oliveira se situ\u00f3 en el liderato, pero fue casi inmediatamente superado por Zarco, quien se coloc\u00f3 0s353 m\u00e1s r\u00e1pido. En el momento de la parada en boxes, Nakagami estaba en la zona de eliminaci\u00f3n, seguido por Morbidelli, Di Giannantonio y Marc M\u00e1rquez.<\/p>\n\n\n\n<p class=\"wp-block-paragraph\">Al regresar a la pista, Di Giannantonio avanz\u00f3 al segundo lugar, quedando 0s192 detr\u00e1s de Zarco, pero pronto perdi\u00f3 la posici\u00f3n provisional en la siguiente fase de la clasificaci\u00f3n, ya que Oliveira fue 0s098 m\u00e1s r\u00e1pido y se hizo con la posici\u00f3n.<\/p>\n\n\n\n<figure class=\"wp-block-image size-large\"><img decoding=\"async\" src=\"https:\/\/www.grandepremio.com\/br\/wp-content\/uploads\/2023\/06\/FzYHKpCWwAEPUI2-1024x574.jpg\" alt=\"\" class=\"wp-image-699433\"\/><figcaption class=\"wp-element-caption\">Marc M\u00e1rquez cay\u00f3 despu\u00e9s de toparse con Enea Bastianini (Foto: Reprodu\u00e7\u00e3o)<\/figcaption><\/figure>\n\n\n\n<p class=\"wp-block-paragraph\">A falta de aproximadamente 1min30s para o final de la sesi\u00f3n, <strong>Marc M\u00e1rquez sufri\u00f3 una ca\u00edda en la curva 1<\/strong> despu\u00e9s de chocar con la parte trasera de Bastianini. El espa\u00f1ol ven\u00eda pegado al piloto titular de Ducati, quien hab\u00eda perdido el control delantero poco antes y se sali\u00f3 de la l\u00ednea r\u00e1pida. El #93 tambi\u00e9n sali\u00f3 de la trayectoria y el choque ocurri\u00f3 cuando ambos miraban hacia atr\u00e1s para intentar retomar la l\u00ednea r\u00e1pida y abrir la vuelta.<\/p>\n\n\n\n<p class=\"wp-block-paragraph\">Con la bandera a cuadros ondeando en Assen, Zarco y Oliveira avanzaron a la siguiente fase. Di Giannantonio partir\u00e1 en el puesto 13, seguido de Nakagami, Morbidelli y Ra\u00fal Fern\u00e1ndez. Marc qued\u00f3 en el puesto 17, por delante de Bastianini, Lorenzo Savadori, Bradl, Augusto Fern\u00e1ndez, Lecuona y Jonas Folger.<\/p>\n\n\n\n<h2 class=\"wp-block-heading\">Q2: Bezzecchi lidera el 1-2-3 de Ducati en la parrilla de Assen<\/h2>\n\n\n\n<p class=\"wp-block-paragraph\">Binder comenz\u00f3 la fase decisiva de la clasificaci\u00f3n en la pole provisional, con un tiempo de 1min32s235, 0s035 m\u00e1s r\u00e1pido que Bezzecchi. Vi\u00f1ales se encontraba en tercer lugar.<\/p>\n\n\n\n<p class=\"wp-block-paragraph\">A\u00fan al comienzo de la sesi\u00f3n, Mart\u00edn se cay\u00f3 en la curva 5, pero r\u00e1pidamente se levant\u00f3 para regresar a los boxes del equipo Pramac.<\/p>\n\n\n\n<figure class=\"wp-block-video\"><video class=\"video-js vjs-big-play-centered\" data-gp-vjs=\"1\" controls src=\"https:\/\/www.grandepremio.com\/br\/wp-content\/uploads\/2023\/06\/MotoGP-2023-Holanda-Assen-Sexta-Q2-Fabio-Quartararo.mp4\"><\/video><figcaption class=\"wp-element-caption\">Fabio Quartararo tuvo una buena clasificaci\u00f3n en Assen (V\u00eddeo: Divulga\u00e7\u00e3o\/MotoGP)<\/figcaption><\/figure>\n\n\n\n<p class=\"wp-block-paragraph\">Mientras tanto, <strong>Bezzecchi marc\u00f3 un tiempo de 1min31s874 y se coloc\u00f3 en la primera posici\u00f3n<\/strong>, siendo 0s199 m\u00e1s r\u00e1pido que Bagnaia. Vi\u00f1ales se encontraba en tercer lugar, seguido de Binder y Aleix Espargar\u00f3.<\/p>\n\n\n\n<p class=\"wp-block-paragraph\">Despu\u00e9s de una serie de paradas en boxes, Quartararo marc\u00f3 un tiempo de 1min31s770 y se coloc\u00f3 en la pole provisional, siendo 0s104 m\u00e1s r\u00e1pido que Bezzecchi. Sin embargo, la respuesta vino por parte de Desmosedici: Marco registr\u00f3 un tiempo de 1min31s472 y recuper\u00f3 la primera posici\u00f3n con una ventaja de 0s298. El tiempo de Bezzecchi era 0s032 mejor que el r\u00e9cord de Assen establecido por Pecco el a\u00f1o pasado.<\/p>\n\n\n\n<p class=\"wp-block-paragraph\">Binder luego super\u00f3 a Quartararo por 0s066 y se coloc\u00f3 tercero. Zarco estaba en cuarto lugar, seguido de \u00c1lex M\u00e1rquez y Bagnaia.<\/p>\n\n\n\n<figure class=\"wp-block-video\"><video class=\"video-js vjs-big-play-centered\" data-gp-vjs=\"1\" controls src=\"https:\/\/www.grandepremio.com\/br\/wp-content\/uploads\/2023\/06\/MotoGP-2023-Holanda-Assen-Sexta-Q2-Marco-Bezzecchi.mp4\"><\/video><figcaption class=\"wp-element-caption\">Marco Bezzecchi estableci\u00f3 un nuevo r\u00e9cord en Assen (V\u00eddeo: Reprodu\u00e7\u00e3o\/MotoGP)<\/figcaption><\/figure>\n\n\n\n<p class=\"wp-block-paragraph\">Mientras tanto, Bezzecchi logr\u00f3 un tiempo de 1min31s874 y se situ\u00f3 en la primera posici\u00f3n, siendo 0s199 m\u00e1s r\u00e1pido que Bagnaia. Vi\u00f1ales ocupaba el tercer lugar, seguido de Binder y Aleix Espargar\u00f3.<\/p>\n\n\n\n<p class=\"wp-block-paragraph\">Despu\u00e9s de una serie de paradas en boxes, Quartararo marc\u00f3 un tiempo de 1min31s770 y se coloc\u00f3 en la pole provisional, siendo 0s104 m\u00e1s r\u00e1pido que Bezzecchi. Sin embargo, la respuesta vino de la Desmosedici: Marco registr\u00f3 un tiempo de 1min31s472 y recuper\u00f3 la primera posici\u00f3n con una ventaja de 0s298. <strong>El tiempo de Bezzecchi era 0s032 mejor que el r\u00e9cord de Assen establecido por Pecco el a\u00f1o pasado.<\/strong><\/p>\n\n\n\n<p class=\"wp-block-paragraph\">Binder luego super\u00f3 a Quartararo por 0s066 y se coloc\u00f3 tercero. Zarco ocupaba el cuarto lugar, seguido de \u00c1lex M\u00e1rquez y Bagnaia.<\/p>\n\n\n\n<h3 class=\"wp-block-heading\">MotoGP 2023, GP de Holanda, Assen, Clasificaci\u00f3n:<\/h3>\n\n\n\n<figure class=\"wp-block-table\"><table><tbody><tr><td>1<\/td><td>M BEZZECCHI<\/td><td>VR46<\/td><td>1:31.472<\/td><td>&nbsp;<\/td><\/tr><tr><td>2<\/td><td>F BAGNAIA<\/td><td>Ducati<\/td><td>1:31.533<\/td><td>+0.061<\/td><\/tr><tr><td>3<\/td><td>L MARINI<\/td><td>VR46<\/td><td>1:31.630<\/td><td>+0.158<\/td><\/tr><tr><td>4<\/td><td>F QUARTARARO<\/td><td>Yamaha<\/td><td>1:31.671<\/td><td>+0.199<\/td><\/tr><tr><td>5<\/td><td>B BINDER<\/td><td>KTM<\/td><td>1:31.704<\/td><td>+0.232<\/td><\/tr><tr><td>6<\/td><td>A ESPARGAR\u00d3<\/td><td>Aprilia<\/td><td>1:31.812<\/td><td>+0.340<\/td><\/tr><tr><td>7<\/td><td>M VI\u00d1ALES<\/td><td>Aprilia<\/td><td>1:31.837<\/td><td>+0.365<\/td><\/tr><tr><td>8<\/td><td>J ZARCO<\/td><td>Pramac Ducati<\/td><td>1:31.881<\/td><td>+0.409<\/td><\/tr><tr><td>9<\/td><td>\u00c1 M\u00c1RQUEZ<\/td><td>Gresini Ducati<\/td><td>1:31.898<\/td><td>+0.426<\/td><\/tr><tr><td>10<\/td><td>J MART\u00cdN<\/td><td>Pramac Ducati<\/td><td>1:32.170<\/td><td>+0.698<\/td><\/tr><tr><td>11<\/td><td>M OLIVEIRA<\/td><td>RNF APRILIA<\/td><td>1:32.174<\/td><td>+0.702<\/td><\/tr><tr><td>12<\/td><td>J MILLER<\/td><td>KTM<\/td><td>1:32.715<\/td><td>+1.243<\/td><\/tr><tr><td>13<\/td><td>F DI GIANNANTONIO<\/td><td>Gresini Ducati<\/td><td>1:32.185<\/td><td>+0.713<\/td><\/tr><tr><td>14<\/td><td>T NAKAGAMI<\/td><td>LCR Honda<\/td><td>1:32.497<\/td><td>+1.025<\/td><\/tr><tr><td>15<\/td><td>F MORBIDELLI<\/td><td>Yamaha<\/td><td>1:32.530<\/td><td>+1.058<\/td><\/tr><tr><td>16<\/td><td>R FERN\u00c1NDEZ<\/td><td>RNF APRILIA<\/td><td>1:32.671<\/td><td>+1.199<\/td><\/tr><tr><td>17<\/td><td>M M\u00c1RQUEZ<\/td><td>Honda<\/td><td>1:32.672<\/td><td>+1.200<\/td><\/tr><tr><td>18<\/td><td>E BASTIANINI<\/td><td>Ducati<\/td><td>1:32.844<\/td><td>+1.372<\/td><\/tr><tr><td>19<\/td><td>L SAVADORI<\/td><td>RNF APRILIA<\/td><td>1:33.088<\/td><td>+1.616<\/td><\/tr><tr><td>20<\/td><td>S BRADL<\/td><td>Honda<\/td><td>1:33.040<\/td><td>+1.568<\/td><\/tr><tr><td>21<\/td><td>A FERN\u00c1NDEZ<\/td><td>GasGas<\/td><td>1:33.082<\/td><td>+1.610<\/td><\/tr><tr><td>22<\/td><td>I LECUONA<\/td><td>Honda<\/td><td>1:33.088<\/td><td>+1.616<\/td><\/tr><tr><td>23<\/td><td>J FOLGER<\/td><td>GasGas<\/td><td>1:33.300<\/td><td>+1.767<\/td><\/tr><\/tbody><\/table><\/figure>\n","protected":false},"excerpt":{"rendered":"<p>Marco Bezzecchi demostr\u00f3 su buen ritmo en Assen al marcar 1min31s472 y contener a Francesco Bagnaia para quedarse con la pole del Gran Premio de los Pa\u00edses Bajos.<\/p>\n","protected":false},"author":0,"featured_media":1000699260,"comment_status":"closed","ping_status":"closed","sticky":false,"template":"","format":"standard","meta":{"42wp_featured_image_caption":"","42wp_featured_image_credits":"","42wp_featured_video":"","42wp_featured_image_hidden":false,"42wp_authors_list":[],"footnotes":""},"categories":[8],"tags":[1615,1304,855,1293,2308,1975,1764,1296,4777],"42wp_author":[14235],"class_list":["post-18684","post","type-post","status-publish","format-standard","has-post-thumbnail","hentry","category-motogp","tag-marco-bezzecchi","tag-moto-gp","tag-motociclismo","tag-motogp","tag-motogp-hoy","tag-motos","tag-mundial-de-motociclismo","tag-vr46","tag-vr46-ducati","42wp_author-barbara-mincioni"],"_links":{"self":[{"href":"https:\/\/grandepremio.com\/es\/wp-json\/wp\/v2\/posts\/18684","targetHints":{"allow":["GET"]}}],"collection":[{"href":"https:\/\/grandepremio.com\/es\/wp-json\/wp\/v2\/posts"}],"about":[{"href":"https:\/\/grandepremio.com\/es\/wp-json\/wp\/v2\/types\/post"}],"replies":[{"embeddable":true,"href":"https:\/\/grandepremio.com\/es\/wp-json\/wp\/v2\/comments?post=18684"}],"version-history":[{"count":0,"href":"https:\/\/grandepremio.com\/es\/wp-json\/wp\/v2\/posts\/18684\/revisions"}],"wp:featuredmedia":[{"embeddable":true,"href":"https:\/\/grandepremio.com\/es\/wp-json\/wp\/v2\/media\/1000699260"}],"wp:attachment":[{"href":"https:\/\/grandepremio.com\/es\/wp-json\/wp\/v2\/media?parent=18684"}],"wp:term":[{"taxonomy":"category","embeddable":true,"href":"https:\/\/grandepremio.com\/es\/wp-json\/wp\/v2\/categories?post=18684"},{"taxonomy":"post_tag","embeddable":true,"href":"https:\/\/grandepremio.com\/es\/wp-json\/wp\/v2\/tags?post=18684"},{"taxonomy":"42wp_author","embeddable":true,"href":"https:\/\/grandepremio.com\/es\/wp-json\/wp\/v2\/42wp_author?post=18684"}],"curies":[{"name":"wp","href":"https:\/\/api.w.org\/{rel}","templated":true}]}}