{"id":18692,"date":"2023-06-23T14:40:35","date_gmt":"2023-06-23T17:40:35","guid":{"rendered":"https:\/\/grandepremio.com\/es\/2023\/06\/23\/bezzecchi-aguanta-lidera-holanda-bagnaia-marquez\/"},"modified":"2023-06-23T14:40:44","modified_gmt":"2023-06-23T17:40:44","slug":"bezzecchi-aguanta-lidera-holanda-bagnaia-marquez","status":"publish","type":"post","link":"https:\/\/grandepremio.com\/es\/motogp\/bezzecchi-aguanta-lidera-holanda-bagnaia-marquez\/","title":{"rendered":"Bezzecchi aguanta a sus rivales y lidera la FP2 en Holanda; Bagnaia 4\u00ba, y Marc M\u00e1rquez se cae"},"content":{"rendered":"\n<p class=\"wp-block-paragraph\">Nadie pudo parar a <strong>Marco Bezzecchi<\/strong> en este viernes de ensayos libres para el <strong>GP de Holanda<\/strong> en Assen, ya que marc\u00f3 la referencia en la tanda vespertina con 1:32.063, seguido por <strong>Jorge Mart\u00edn<\/strong>, a poco m\u00e1s de una d\u00e9cima, y Jack Miller fue tercero con la KTM.<\/p>\n\n\n\n<p class=\"wp-block-paragraph\"><strong>Francesco Bagnaia<\/strong>, l\u00edder del campeonato, apareci\u00f3 cuarto en la tabla de tiempos, salvando un d\u00eda dif\u00edcil, quinto fue Maverick Vi\u00f1ales con la Aprilia, y completan los diez que ma\u00f1ana van a la Q2: Fabio Quartararo, Aleix Espargar\u00f3, Brad Binder, Luca Marini y \u00c1lex M\u00e1rquez.<\/p>\n\n\n\n<p class=\"wp-block-paragraph\"><strong>Marc M\u00e1rquez<\/strong> ha pasado el d\u00eda controlando su ritmo, pero cuando ha intentado acelerar m\u00e1s se ha ido al suelo en la tercera curva. Como resultado, el espa\u00f1ol s\u00f3lo fue 19\u00ba, a 1s422 del mejor tiempo.<\/p>\n\n\n\n<p class=\"wp-block-paragraph\">MotoGP volver\u00e1 a la pista el s\u00e1bado a las 5.10 de la ma\u00f1ana para la tercera sesi\u00f3n de entrenamientos libres del GP de Holanda.<\/p>\n\n\n\n<figure class=\"wp-block-image size-large\"><img decoding=\"async\" src=\"https:\/\/www.grandepremio.com\/br\/wp-content\/uploads\/2023\/06\/52995835363_8739b2f38c_k-1024x682.jpg\" alt=\"\" class=\"wp-image-699090\"\/><figcaption class=\"wp-element-caption\">Marco Bezzecchi se llev\u00f3 los dos entrenamientos libres en Assen (Foto: VR46)<\/figcaption><\/figure>\n\n\n\n<p class=\"wp-block-paragraph\"><strong>Descubre c\u00f3mo se desarroll\u00f3 la segunda sesi\u00f3n de entrenamientos libres de MotoGP en Assen:<\/strong><\/p>\n\n\n\n<p class=\"wp-block-paragraph\">Al igual que a primera hora del d\u00eda, MotoGP ha encontrado sol y pista seca en el trazado holand\u00e9s a primera hora de la tarde. Cuando los pilotos salieron a la pista los term\u00f3metros med\u00edan 25\u00baC, con el asfalto alcanzando los 46\u00baC. La humedad relativa era del 42%, y el viento soplaba a 10 km\/h.<\/p>\n\n\n\n<p class=\"wp-block-paragraph\">En las primeras vueltas, Luca Marini ha encabezado la tabla de tiempos con una vuelta de 1mn35s003, 0s174 mejor que Marco Bezzecchi. Francesco Bagnaia se acercaba para formar un top-3 dominado por Ducati.<\/p>\n\n\n\n<p class=\"wp-block-paragraph\">Sin embargo, Fabio Quartararo no ha querido abandonar la fiesta italiana y ha saltado a la segunda posici\u00f3n, recortando el margen de Marini a 0s006. En la siguiente vuelta Fabio mejor\u00f3 a\u00fan m\u00e1s, marcando un mejor tiempo de 1min34s191, 0s051 mejor que el segundo clasificado, Bagnaia. Brad Binder se hizo con el tercer puesto.<\/p>\n\n\n\n<p class=\"wp-block-paragraph\">A pesar de estar lesionado, Quartararo sigui\u00f3 la tendencia de mejora y marc\u00f3 1min33s676 para mantener el liderato. \u00c1lex M\u00e1rquez no tard\u00f3 en colocarse segundo, por delante de Brad Binder.<\/p>\n\n\n\n<p class=\"wp-block-paragraph\">Con 1min33s558, Bezzecchi saltaba a la primera posici\u00f3n, 0s118 mejor que Quartararo, que se acercaba, pero no pod\u00eda mejorar. \u00c1lex M\u00e1rquez, sin embargo, gir\u00f3 a 0s162 y se puso en cabeza.<\/p>\n\n\n\n<figure class=\"wp-block-video\"><video class=\"video-js vjs-big-play-centered\" data-gp-vjs=\"1\" controls src=\"https:\/\/www.grandepremio.com\/br\/wp-content\/uploads\/2023\/06\/MotoGP-2023-Holanda-Assen-Sexta-T2-Franco-Morbidelli.mp4\"><\/video><figcaption class=\"wp-element-caption\">Franco Morbidelli estrena el nuevo aler\u00f3n trasero de Yamaha (V\u00eddeo: MotoGP)<\/figcaption><\/figure>\n\n\n\n<p class=\"wp-block-paragraph\">Quartararo respondi\u00f3 y con 1min33s396 era segundo, a 0s048 de \u00c1lex M\u00e1rquez. El franc\u00e9s, que ten\u00eda un neum\u00e1tico duro delante y uno medio detr\u00e1s, mejor\u00f3 a 1min33s282 en la vuelta siguiente para tomar el liderato, 0s114 mejor que el espa\u00f1ol de Gresini.<\/p>\n\n\n\n<p class=\"wp-block-paragraph\">Cerca del ecuador de la sesi\u00f3n, Augusto Fern\u00e1ndez se ha ido al suelo en la curva 1 de Haarbocht, pero no ha sufrido lesiones graves y pronto se ha subido a la moto para intentar volver a la pista. Tras insistir un poco, la RC16 ha arrancado y ha vuelto a la pista.<\/p>\n\n\n\n<p class=\"wp-block-paragraph\">Mientras tanto, ya con neum\u00e1tico blando trasero, Vi\u00f1ales ha rodado a 1min33s198 y se ha colocado l\u00edder, 0s084 por delante de Quartararo. Bezzecchi era tercero, con \u00c1lex M\u00e1rquez y Bagnaia muy cerca.<\/p>\n\n\n\n<p class=\"wp-block-paragraph\">En la curva 11, Duikersloot, \u00c1lex M\u00e1rquez se ha llevado un buen susto, pero ha conseguido evitar la ca\u00edda para mantenerse en pista.<\/p>\n\n\n\n<p class=\"wp-block-paragraph\">Vi\u00f1ales ha vuelto a mejorar y se ha situado a 1min32s960. A continuaci\u00f3n, Bezzecchi super\u00f3 a Quartararo por 0s002 para colocarse segundo.<\/p>\n\n\n\n<figure class=\"wp-block-video\"><video class=\"video-js vjs-big-play-centered\" data-gp-vjs=\"1\" controls src=\"https:\/\/www.grandepremio.com\/br\/wp-content\/uploads\/2023\/06\/MotoGP-2023-Holanda-Assen-Sexta-T2-Alex-Marquez.mp4\"><\/video><figcaption class=\"wp-element-caption\">\u00c1lex M\u00e1rquez tuvo un susto a mitad de la Q2 (V\u00eddeo: Reproducci\u00f3n\/MotoGP)<\/figcaption><\/figure>\n\n\n\n<p class=\"wp-block-paragraph\">Miguel Oliveira sigui\u00f3 la ola de avances y se coloc\u00f3 s\u00e9ptimo, 0s484 m\u00e1s lento que el l\u00edder. El portugu\u00e9s hizo otro movimiento en la siguiente vuelta y se coloc\u00f3 cuarto, pero perdi\u00f3 una posici\u00f3n con Bagnaia, el nuevo tercer clasificado.<\/p>\n\n\n\n<p class=\"wp-block-paragraph\">Tras una \u00faltima ronda de paradas en boxes, los pilotos han regresado a la pista para intentar asegurarse una posici\u00f3n en el top-10 combinado. Hasta el momento Bezzecchi, Bagnaia, Mart\u00edn, Vi\u00f1ales, Quartararo, Marini, \u00c1lex M\u00e1rquez, Aleix Espargar\u00f3, Zarco y Binder hab\u00edan pasado provisionalmente a la Q2.<\/p>\n\n\n\n<p class=\"wp-block-paragraph\">Despu\u00e9s de toda una sesi\u00f3n de entrenamientos en calma, Marc M\u00e1rquez intent\u00f3 apretar el ritmo, girando detr\u00e1s de Vi\u00f1ales, pero se cay\u00f3 en Stekkenwal, la curva 3 de Assen. El espa\u00f1ol se levant\u00f3 y abandon\u00f3 la pista, sin mirar siquiera su moto.<\/p>\n\n\n\n<p class=\"wp-block-paragraph\">A pocos segundos del final, Bezzecchi ha pasado en1min32s063 para mantener el liderato, 0s130 mejor que Mart\u00edn, que tambi\u00e9n ha avanzado. Bagnaia ascendi\u00f3 a la tercera posici\u00f3n por delante de Vi\u00f1ales y Quartararo.<\/p>\n\n\n\n<p class=\"wp-block-paragraph\">Jack Miller consigui\u00f3 1min32s218 y salt\u00f3 a la tercera posici\u00f3n. Aleix Espargar\u00f3 fue s\u00e9ptimo por delante de Binder. Cuando la sesi\u00f3n libre de 1h llegaba a su fin, Bezzecchi lideraba las dos sesiones libres del d\u00eda, esta vez por delante de Mart\u00edn y Miller.<\/p>\n","protected":false},"excerpt":{"rendered":"<p>Tras liderar la primera sesi\u00f3n libre del d\u00eda, Marco Bezzecchi ha vuelto a ser el m\u00e1s r\u00e1pido en MotoGP con un mejor tiempo de 1min32s063. Jorge Mart\u00edn ha hecho doblete para Ducati, en tanto que Francesco Bagnaia termin\u00f3 cuarto en el segundo ensayo, y Marc M\u00e1rquez se fue al suelo.<\/p>\n","protected":false},"author":0,"featured_media":1000699089,"comment_status":"closed","ping_status":"closed","sticky":false,"template":"","format":"standard","meta":{"42wp_featured_image_caption":"","42wp_featured_image_credits":"","42wp_featured_video":"","42wp_featured_image_hidden":false,"42wp_authors_list":[],"footnotes":""},"categories":[8],"tags":[1394,1340,1376,1443,1526,1381,1392,1615,1293],"42wp_author":[14237],"class_list":["post-18692","post","type-post","status-publish","format-standard","has-post-thumbnail","hentry","category-motogp","tag-aprilia","tag-ducati","tag-francesco-bagnaia","tag-gp-de-holanda","tag-jorge-martin","tag-ktm","tag-marc-marquez-2","tag-marco-bezzecchi","tag-motogp","42wp_author-gabriel-garcia"],"_links":{"self":[{"href":"https:\/\/grandepremio.com\/es\/wp-json\/wp\/v2\/posts\/18692","targetHints":{"allow":["GET"]}}],"collection":[{"href":"https:\/\/grandepremio.com\/es\/wp-json\/wp\/v2\/posts"}],"about":[{"href":"https:\/\/grandepremio.com\/es\/wp-json\/wp\/v2\/types\/post"}],"replies":[{"embeddable":true,"href":"https:\/\/grandepremio.com\/es\/wp-json\/wp\/v2\/comments?post=18692"}],"version-history":[{"count":0,"href":"https:\/\/grandepremio.com\/es\/wp-json\/wp\/v2\/posts\/18692\/revisions"}],"wp:featuredmedia":[{"embeddable":true,"href":"https:\/\/grandepremio.com\/es\/wp-json\/wp\/v2\/media\/1000699089"}],"wp:attachment":[{"href":"https:\/\/grandepremio.com\/es\/wp-json\/wp\/v2\/media?parent=18692"}],"wp:term":[{"taxonomy":"category","embeddable":true,"href":"https:\/\/grandepremio.com\/es\/wp-json\/wp\/v2\/categories?post=18692"},{"taxonomy":"post_tag","embeddable":true,"href":"https:\/\/grandepremio.com\/es\/wp-json\/wp\/v2\/tags?post=18692"},{"taxonomy":"42wp_author","embeddable":true,"href":"https:\/\/grandepremio.com\/es\/wp-json\/wp\/v2\/42wp_author?post=18692"}],"curies":[{"name":"wp","href":"https:\/\/api.w.org\/{rel}","templated":true}]}}