{"id":18714,"date":"2023-06-20T16:30:31","date_gmt":"2023-06-20T19:30:31","guid":{"rendered":"https:\/\/grandepremio.com\/es\/2023\/06\/20\/formula-e-calendario-mexico-malaga\/"},"modified":"2023-06-20T16:30:39","modified_gmt":"2023-06-20T19:30:39","slug":"formula-e-calendario-mexico-malaga","status":"publish","type":"post","link":"https:\/\/grandepremio.com\/es\/formula-e\/formula-e-calendario-mexico-malaga\/","title":{"rendered":"F\u00f3rmula E divulga calendario provisorio de 2024 con M\u00e9xico y posibilidad para M\u00e1laga"},"content":{"rendered":"\n<p class=\"wp-block-paragraph\">En preparaci\u00f3n para correr en <strong>Portland<\/strong> por primera vez en la historia el pr\u00f3ximo fin de semana, la <strong>F\u00f3rmula E <\/strong>divulg\u00f3 este martes el calendario provisional de la temporada 2023\/24, <a href=\"https:\/\/grandepremio.com\/es\/\/f1\/gp-ciudad-de-mexico-renovacion-2025\/\" target=\"_blank\" rel=\"noreferrer noopener\">que contar\u00e1 con un inicio en el <strong>eP de Ciudad de M\u00e9xico<\/strong><\/a> y la posibilidad de que la categor\u00eda tambi\u00e9n se presente en M\u00e1laga, en el sur de <strong>Espa\u00f1a<\/strong>. Adem\u00e1s de una posible fecha en la pen\u00ednsula ib\u00e9rica, la F\u00f3rmula E tambi\u00e9n negocia su presencia en<strong> Hyderabad, India, y Ciudad del Cabo, Sud\u00e1frica.<\/strong><\/p>\n\n\n\n<p class=\"wp-block-paragraph\">Los principales cambios respecto a 2023 son el n\u00famero de etapas, que pasar\u00e1n de 16 a 17, y la fecha de cierre, fijada para el 21 de julio. Como la F\u00f3rmula E quiere cerrar el campeonato antes del inicio de los <strong>Juegos Ol\u00edmpicos de Par\u00eds,<\/strong> decidi\u00f3 hacer anticipar unos diez d\u00edas su cierre con respecto al a\u00f1o actual.<\/p>\n\n\n\n<p class=\"wp-block-paragraph\"><strong>\u00a1Conoce el canal de Grande Pr\u00eamio en Espa\u00f1ol en\u00a0<\/strong><a href=\"https:\/\/www.youtube.com\/channel\/UCDxWojGVUi9gWYhrY0pGbIQ\" target=\"_blank\" rel=\"noreferrer noopener\"><strong>YouTube<\/strong><\/a><strong>!<\/strong><br><strong>\u00a1Sigue a Grande Pr\u00eamio en Espa\u00f1ol en\u00a0<\/strong><a href=\"https:\/\/twitter.com\/grandepremioES\" target=\"_blank\" rel=\"noreferrer noopener\"><strong>Twitter\u00a0<\/strong><\/a><strong>y en\u00a0<\/strong><a href=\"https:\/\/www.instagram.com\/grandepremioes\/\" target=\"_blank\" rel=\"noreferrer noopener\"><strong>Instagram<\/strong><\/a><strong>!<\/strong><\/p>\n\n\n\n<figure class=\"wp-block-image size-large\"><img decoding=\"async\" src=\"https:\/\/www.grandepremio.com\/br\/wp-content\/uploads\/2023\/06\/EPS911_140556SMG_1464-2048x2048-1-1024x683.jpg\" alt=\"\" class=\"wp-image-691837\"\/><figcaption class=\"wp-element-caption\">El eP de Yakarta est\u00e1 confirmado para una temporada m\u00e1s en la F\u00f3rmula E. (Foto: F\u00f3rmula E)<\/figcaption><\/figure>\n\n\n\n<p class=\"wp-block-paragraph\">En relaci\u00f3n a M\u00e1laga, la ciudad espa\u00f1ola podr\u00eda tener una competencia en mayo, a continuaci\u00f3n de la doble fecha en Berl\u00edn. No obstante, a\u00fan no existe un contrato firmado entre la categor\u00eda y los organizadores del eP, por lo que seg\u00fan el medio F\u00f3rmula E News, una opci\u00f3n B ser\u00eda Corea del Sur, con un eP en Se\u00fal. Como \u00faltimo antecedente, Espa\u00f1a tuvo su \u00faltima carrera de F\u00f3rmula E en 2021, en el circuito de Valencia.<\/p>\n\n\n\n<p class=\"wp-block-paragraph\">Por otro lado, s\u00ed est\u00e1 concretada la presencia de Tokio en el calendario, luego de varios a\u00f1os en que la F\u00f3rmula E anhelaba correr en Jap\u00f3n. Programada para el 20 de marzo de 2024, la carrera se celebrar\u00e1 en los alrededores del Tokyo Big Sight, una zona tur\u00edstica de la capital japonesa, y forma parte de un plan de la ciudad para reducir a cero las emisiones netas de di\u00f3xido de carbono en 2050.<\/p>\n\n\n\n<p class=\"wp-block-paragraph\">&#8220;Estoy encantada con la decisi\u00f3n oficial de que Tokio acoja una carrera de F\u00f3rmula E en marzo de 2024&#8221;, ha declarado Yuriko Koike, Gobernadora de Tokio. &#8220;Centr\u00e1ndose en difundir el uso de veh\u00edculos de cero emisiones, el Gobierno Metropolitano de Tokio est\u00e1 acelerando las acciones en todos los dominios para promover el Tokio de Cero Emisiones, una ciudad medioambientalmente avanzada que no emite di\u00f3xido de carbono&#8221;, subray\u00f3.<\/p>\n\n\n\n<p class=\"wp-block-paragraph\">&#8220;La carrera no s\u00f3lo aumentar\u00e1 el impulso para la difusi\u00f3n de los veh\u00edculos de emisiones cero, sino que tambi\u00e9n proporcionar\u00e1 una magn\u00edfica oportunidad para aumentar la presencia internacional de Tokio, mostrando los atractivos de nuestra ciudad al mundo&#8221;, continu\u00f3 la dirigente.<\/p>\n\n\n\n<p class=\"wp-block-paragraph\">Est\u00e1 previsto que el campeonato del a\u00f1o que viene comience el 13 de enero, un d\u00eda antes que la temporada actual, tambi\u00e9n en <strong>Ciudad de M\u00e9xico.<\/strong> A continuaci\u00f3n se disputar\u00e1 la doble ronda de Diriyah, a finales de mes, antes de dos carreras a\u00fan por anunciar para los d\u00edas 10 y 24 de febrero, que se han incluido en el calendario como forma de presionar a los promotores de Hyderabad y Ciudad del Cabo, que se encajar\u00e1n en esas fechas.<\/p>\n\n\n\n<figure class=\"wp-block-image size-large\"><img decoding=\"async\" src=\"https:\/\/www.grandepremio.com\/br\/wp-content\/uploads\/2023\/02\/EPS905_160157_X4I8367-2048x2048-1-1024x683.jpg\" alt=\"\" class=\"wp-image-655942\"\/><figcaption class=\"wp-element-caption\">La F\u00f3rmula E aspira a confirmar una nueva edici\u00f3n del eP de Ciudad del Cabo en 2024 (Foto: F\u00f3rmula E)<\/figcaption><\/figure>\n\n\n\n<p class=\"wp-block-paragraph\">El eP de S\u00e3o Paulo tendr\u00e1 lugar el 16 de marzo, el mismo mes que el debut de la F\u00f3rmula E en Tokio. Abril ver\u00e1 el regreso de la doble ronda de Roma, que tendr\u00e1 lugar en julio de este a\u00f1o, antes del eP de M\u00f3naco a finales de mes.<\/p>\n\n\n\n<p class=\"wp-block-paragraph\">Luego de la fecha tentativa en M\u00e1laga el 25 de mayo, Yakarta [8 de junio], Portland [29 de junio] y Londres [20 y 21 de julio] cerrar\u00e1n la temporada 2023\/24 con 17 carreras en total.<\/p>\n\n\n\n<p class=\"wp-block-paragraph\"><strong>F\u00f3rmula E 2023\/24 &#8211; Calendario provisorio:<\/strong><\/p>\n\n\n\n<figure class=\"wp-block-table\"><table><tbody><tr><td>1<\/td><td>eP de Ciudad de M\u00e9xico<\/td><td>13\/1<\/td><\/tr><tr><td>2<\/td><td>eP de Diriyah<\/td><td>26\/1<\/td><\/tr><tr><td>3<\/td><td>eP de Diriyah<\/td><td>27\/1<\/td><\/tr><tr><td>4<\/td><td>A confirmar<\/td><td>10\/2<\/td><\/tr><tr><td>5<\/td><td>A confirmar<\/td><td>24\/2<\/td><\/tr><tr><td>6<\/td><td>eP de S\u00e3o Paulo<\/td><td>16\/3<\/td><\/tr><tr><td>7<\/td><td>eP de Tokio<\/td><td>30\/3<\/td><\/tr><tr><td>8<\/td><td>eP de Roma<\/td><td>13\/4<\/td><\/tr><tr><td>9<\/td><td>eP de Roma<\/td><td>14\/4<\/td><\/tr><tr><td>10<\/td><td>eP de M\u00f3naco<\/td><td>27\/4<\/td><\/tr><tr><td>11<\/td><td>eP de Berl\u00edn<\/td><td>11\/5<\/td><\/tr><tr><td>12<\/td><td>eP de Berl\u00edn<\/td><td>12\/5<\/td><\/tr><tr><td>13<\/td><td>A confirmar<\/td><td>25\/5<\/td><\/tr><tr><td>14<\/td><td>eP de Yakarta<\/td><td>8\/6<\/td><\/tr><tr><td>15<\/td><td>eP de Portland<\/td><td>29\/6<\/td><\/tr><tr><td>16<\/td><td>eP de Londres<\/td><td>20\/7<\/td><\/tr><tr><td>17<\/td><td>eP de Londres<\/td><td>21\/7<\/td><\/tr><\/tbody><\/table><\/figure>\n","protected":false},"excerpt":{"rendered":"<p>La pr\u00f3xima temporada de la F\u00f3rmula E arrancar\u00e1 nuevamente en<br \/>\nM\u00e9xico, y negocia tambi\u00e9n su retorno a Espa\u00f1a, con una carrera en la ciudad de M\u00e1laga. <\/p>\n","protected":false},"author":0,"featured_media":1010168332,"comment_status":"closed","ping_status":"closed","sticky":false,"template":"","format":"standard","meta":{"42wp_featured_image_caption":"","42wp_featured_image_credits":"","42wp_featured_video":"","42wp_featured_image_hidden":false,"42wp_authors_list":[],"footnotes":""},"categories":[18],"tags":[1810,7704,462,2613],"42wp_author":[14223],"class_list":["post-18714","post","type-post","status-publish","format-standard","has-post-thumbnail","hentry","category-formula-e","tag-ciudad-de-mexico","tag-ep-de-malaga","tag-formula-e","tag-formula-e-2023","42wp_author-esteban-nieto"],"_links":{"self":[{"href":"https:\/\/grandepremio.com\/es\/wp-json\/wp\/v2\/posts\/18714","targetHints":{"allow":["GET"]}}],"collection":[{"href":"https:\/\/grandepremio.com\/es\/wp-json\/wp\/v2\/posts"}],"about":[{"href":"https:\/\/grandepremio.com\/es\/wp-json\/wp\/v2\/types\/post"}],"replies":[{"embeddable":true,"href":"https:\/\/grandepremio.com\/es\/wp-json\/wp\/v2\/comments?post=18714"}],"version-history":[{"count":0,"href":"https:\/\/grandepremio.com\/es\/wp-json\/wp\/v2\/posts\/18714\/revisions"}],"wp:featuredmedia":[{"embeddable":true,"href":"https:\/\/grandepremio.com\/es\/wp-json\/wp\/v2\/media\/1010168332"}],"wp:attachment":[{"href":"https:\/\/grandepremio.com\/es\/wp-json\/wp\/v2\/media?parent=18714"}],"wp:term":[{"taxonomy":"category","embeddable":true,"href":"https:\/\/grandepremio.com\/es\/wp-json\/wp\/v2\/categories?post=18714"},{"taxonomy":"post_tag","embeddable":true,"href":"https:\/\/grandepremio.com\/es\/wp-json\/wp\/v2\/tags?post=18714"},{"taxonomy":"42wp_author","embeddable":true,"href":"https:\/\/grandepremio.com\/es\/wp-json\/wp\/v2\/42wp_author?post=18714"}],"curies":[{"name":"wp","href":"https:\/\/api.w.org\/{rel}","templated":true}]}}