{"id":18757,"date":"2023-06-17T21:34:24","date_gmt":"2023-06-18T00:34:24","guid":{"rendered":"https:\/\/grandepremio.com\/es\/2023\/06\/17\/carlos-sainz-incidente-pierre-gasly-canada-formula-1\/"},"modified":"2023-06-17T21:35:38","modified_gmt":"2023-06-18T00:35:38","slug":"carlos-sainz-incidente-pierre-gasly-canada-formula-1","status":"publish","type":"post","link":"https:\/\/grandepremio.com\/es\/f1\/carlos-sainz-incidente-pierre-gasly-canada-formula-1\/","title":{"rendered":"Sainz minimiza reclamo de Gasly en Canad\u00e1: &#8220;Fui estorbado siete veces y no grit\u00e9 por radio&#8221;"},"content":{"rendered":"\n<p class=\"wp-block-paragraph\"><a href=\"https:\/\/grandepremio.com\/es\/\/f1\/max-verstappen-pole-canada-formula-1\/\" target=\"_blank\" rel=\"noreferrer noopener\"><strong>Carlos Sainz <\/strong>tuvo una clasificaci\u00f3n muy complicada en el <strong>GP de Canad\u00e1<\/strong>.<\/a> Adem\u00e1s de no haber conseguido pasar de un octavo puesto, <a href=\"https:\/\/grandepremio.com\/es\/\/f1\/sainz-sancionado-3-posiciones-bloquear-gasly\/\" target=\"_blank\" rel=\"noreferrer noopener\">el piloto de Ferrari obstaculiz\u00f3 a Pierre Gasly en la Q1 y fue penalizado con tres posiciones en la parrilla<\/a>, por lo que largar\u00e1 11\u00ba. El espa\u00f1ol, sin embargo, tambi\u00e9n consider\u00f3 que sufri\u00f3 con el tr\u00e1fico, y por tanto, minimiz\u00f3 los reclamos que hizo el piloto franc\u00e9s.<\/p>\n\n\n\n<p class=\"wp-block-paragraph\">Sainz asegur\u00f3 que fue obstaculizado en siete ocasiones diferentes durante la clasificaci\u00f3n y entendi\u00f3 que, en sesiones m\u00e1s ca\u00f3ticas con presencia de lluvia, este tipo de cosas pueden suceder.<\/p>\n\n\n\n<figure class=\"wp-block-image size-large\"><img decoding=\"async\" src=\"https:\/\/www.grandepremio.com\/br\/wp-content\/uploads\/2023\/06\/f1-2023-canada-classificacao-ferrari-carlossainz-04-1024x683.jpg\" alt=\"\" class=\"wp-image-696696\"\/><figcaption class=\"wp-element-caption\">Sainz fue octavo en la clasificaci\u00f3n, pero largar\u00e1 11\u00b0 debido a una sanci\u00f3n. (Foto: Ferrari)<\/figcaption><\/figure>\n\n\n\n<p class=\"wp-block-paragraph\"><strong>\u00a1Conoce el canal de Grande Pr\u00eamio en Espa\u00f1ol en&nbsp;<a href=\"https:\/\/www.youtube.com\/channel\/UCDxWojGVUi9gWYhrY0pGbIQ\" target=\"_blank\" rel=\"noreferrer noopener\">YouTube<\/a>!<br>\u00a1Sigue a&nbsp;Grande Pr\u00eamio en Espa\u00f1ol&nbsp;en&nbsp;<a href=\"https:\/\/twitter.com\/grandepremioES\" target=\"_blank\" rel=\"noreferrer noopener\">Twitter&nbsp;<\/a>y en&nbsp;<a href=\"https:\/\/www.instagram.com\/grandepremioes\/\" target=\"_blank\" rel=\"noreferrer noopener\">Instagram<\/a>!<\/strong><\/p>\n\n\n\n<p class=\"wp-block-paragraph\">&#8220;El tiempo estaba a punto de agotarse y hoy me han obstaculizado siete veces. Pero no estuve gritando por la radio en la curva 13. Algunos pilotos prefieren utilizar m\u00e1s la radio m\u00e1s que otros. Hay incidentes que se est\u00e1n investigando y otros no; probablemente se trate de cu\u00e1nto gritas o no gritas por la radio&#8221;, critic\u00f3 el piloto de la Ferrari #55 antes de que se conozca su sanci\u00f3n.<\/p>\n\n\n\n<p class=\"wp-block-paragraph\">Para Sainz, el hecho de que la Q1 estuviera a punto de terminar en el momento del incidente fue un factor importante en el caos, ya que tambi\u00e9n podr\u00eda haberse visto obstaculizado en ese momento.<\/p>\n\n\n\n<figure class=\"wp-block-video\"><video class=\"video-js vjs-big-play-centered\" data-gp-vjs=\"1\" controls poster=\"https:\/\/www.grandepremio.com\/br\/wp-content\/uploads\/2023\/06\/Q1-poster.jpeg\" src=\"https:\/\/www.grandepremio.com\/br\/wp-content\/uploads\/2023\/06\/Q1.mp4\"><\/video><figcaption class=\"wp-element-caption\">Pierre Gasly termin\u00f3 fuera de la Q1 en la clasificaci\u00f3n tras el incidente con Sainz. (V\u00eddeo: F1TV)<\/figcaption><\/figure>\n\n\n\n<p class=\"wp-block-paragraph\">&#8220;Estaba parado y ten\u00eda que dejar pasar a los otros auto, e hice lo que pude intentando dejar pasar a los dem\u00e1s. El tiempo estaba a punto de agotarse. Era un s\u00e1lvese quien pueda, y yo tambi\u00e9n podr\u00eda haber perdido la vuelta&#8221;, finaliz\u00f3 el espa\u00f1ol.<\/p>\n\n\n\n<p class=\"wp-block-paragraph\">La acci\u00f3n continuar\u00e1 este domingo con la celebraci\u00f3n del<strong>&nbsp;GP de Canad\u00e1.&nbsp;Grande Pr\u00eamio en Espa\u00f1ol<\/strong>&nbsp;sigue&nbsp;<strong>EN VIVO Y EN TIEMPO REAL<\/strong>&nbsp;toda la actividad del fin de semana.<\/p>\n","protected":false},"excerpt":{"rendered":"<p>Carlos Sainz atribuy\u00f3 la culpa del incidente con Pierre Gasly al poco tiempo restante para abrir una vuelta en la clasificaci\u00f3n de Canad\u00e1. No obstante fue sancionado con tres puesto por esa maniobra y largar\u00e1 11\u00b0 <\/p>\n","protected":false},"author":0,"featured_media":1000696615,"comment_status":"closed","ping_status":"closed","sticky":false,"template":"","format":"standard","meta":{"42wp_featured_image_caption":"","42wp_featured_image_credits":"","42wp_featured_video":"","42wp_featured_image_hidden":false,"42wp_authors_list":[],"footnotes":""},"categories":[5],"tags":[678,302,181,1676,185,179,2534,7639,427],"42wp_author":[14223],"class_list":["post-18757","post","type-post","status-publish","format-standard","has-post-thumbnail","hentry","category-f1","tag-alpine","tag-carlos-sainz","tag-f1","tag-f1-2023","tag-ferrari","tag-formula-1","tag-formula-1-2023","tag-gp-canada","tag-pierre-gasly","42wp_author-esteban-nieto"],"_links":{"self":[{"href":"https:\/\/grandepremio.com\/es\/wp-json\/wp\/v2\/posts\/18757","targetHints":{"allow":["GET"]}}],"collection":[{"href":"https:\/\/grandepremio.com\/es\/wp-json\/wp\/v2\/posts"}],"about":[{"href":"https:\/\/grandepremio.com\/es\/wp-json\/wp\/v2\/types\/post"}],"replies":[{"embeddable":true,"href":"https:\/\/grandepremio.com\/es\/wp-json\/wp\/v2\/comments?post=18757"}],"version-history":[{"count":0,"href":"https:\/\/grandepremio.com\/es\/wp-json\/wp\/v2\/posts\/18757\/revisions"}],"wp:featuredmedia":[{"embeddable":true,"href":"https:\/\/grandepremio.com\/es\/wp-json\/wp\/v2\/media\/1000696615"}],"wp:attachment":[{"href":"https:\/\/grandepremio.com\/es\/wp-json\/wp\/v2\/media?parent=18757"}],"wp:term":[{"taxonomy":"category","embeddable":true,"href":"https:\/\/grandepremio.com\/es\/wp-json\/wp\/v2\/categories?post=18757"},{"taxonomy":"post_tag","embeddable":true,"href":"https:\/\/grandepremio.com\/es\/wp-json\/wp\/v2\/tags?post=18757"},{"taxonomy":"42wp_author","embeddable":true,"href":"https:\/\/grandepremio.com\/es\/wp-json\/wp\/v2\/42wp_author?post=18757"}],"curies":[{"name":"wp","href":"https:\/\/api.w.org\/{rel}","templated":true}]}}