{"id":18800,"date":"2023-06-15T14:56:12","date_gmt":"2023-06-15T17:56:12","guid":{"rendered":"https:\/\/grandepremio.com\/es\/2023\/06\/15\/tc-argentino-stock-car-carrera\/"},"modified":"2023-06-16T01:43:59","modified_gmt":"2023-06-16T04:43:59","slug":"tc-argentino-stock-car-carrera","status":"publish","type":"post","link":"https:\/\/grandepremio.com\/es\/otras\/tc-argentino-stock-car-carrera\/","title":{"rendered":"TC argentino planifica visita a Brasil: &#8220;Estamos en contacto con el Stock Car&#8221;"},"content":{"rendered":"\n<p class=\"wp-block-paragraph\">El <strong>Turismo Carretera<\/strong> argentino (TC) contempla a mediano plazo una visita a<strong> Brasil<\/strong> para realizar una carrera en colaboraci\u00f3n con el <strong>Stock Car<\/strong>. Fernando Miori, gerente general de la Asociaci\u00f3n de Corredores de Turismo Carretera (ACTC), revel\u00f3 en exclusiva para <strong>GRANDE PR\u00caMIO EN ESPA\u00d1OL<\/strong> que han estado en contacto con la organizaci\u00f3n del Stock Car y que las conversaciones avanzan positivamente.<\/p>\n\n\n\n<p class=\"wp-block-paragraph\"><strong>\u00a1Conoce el canal de Grande Pr\u00eamio en Espa\u00f1ol en&nbsp;<\/strong><a href=\"https:\/\/www.youtube.com\/channel\/UCDxWojGVUi9gWYhrY0pGbIQ\" target=\"_blank\" rel=\"noreferrer noopener\"><strong>YouTube<\/strong><\/a><strong>!<\/strong><br><strong>\u00a1Sigue a Grande Pr\u00eamio en Espa\u00f1ol en&nbsp;<\/strong><a href=\"https:\/\/twitter.com\/grandepremioES\" target=\"_blank\" rel=\"noreferrer noopener\"><strong>Twitter&nbsp;<\/strong><\/a><strong>y en&nbsp;<\/strong><a href=\"https:\/\/www.instagram.com\/grandepremioes\/\" target=\"_blank\" rel=\"noreferrer noopener\"><strong>Instagram<\/strong><\/a><strong>!<\/strong><\/p>\n\n\n\n<p class=\"wp-block-paragraph\">En la entrevista realizada durante la presentaci\u00f3n de las <a href=\"https:\/\/grandepremio.com\/es\/\/f1\/buenos-aires-reacondiciona-autodromo-suena-f1\/\">obras llevadas a cabo en el <strong>Aut\u00f3dromo de la Ciudad de Buenos Aires<\/strong><\/a>, Miori expres\u00f3 su entusiasmo por la posibilidad de unir fuerzas con el Stock Car brasile\u00f1o en la organizaci\u00f3n de una fecha fuera de Argentina. Destac\u00f3 adem\u00e1s el <strong>di\u00e1logo fluido entre ambas partes<\/strong> que han mantenido con destacadas figuras de la categor\u00eda.<\/p>\n\n\n\n<p class=\"wp-block-paragraph\">&#8220;Estamos en contacto con Brasil, con la gente del Stock Car hace tiempo. Tenemos un buen di\u00e1logo con gente de primera. \u00bfPor qu\u00e9 no [contemplar la posibilidad de hacer una carrera conjunta]? No ser\u00eda algo descabellado poder llevar al TC a una carrera en Brasil. Veremos cu\u00e1ndo, estamos trabajando para eso, pero no tenemos fecha&#8221;, afirm\u00f3 Miori, dejando entrever la posibilidad de que este emocionante encuentro pueda convertirse en una realidad en un futuro cercano.<\/p>\n\n\n\n<figure class=\"wp-block-image size-full\"><img decoding=\"async\" src=\"https:\/\/www.grandepremio.com\/br\/wp-content\/uploads\/2023\/05\/422514_1059107_37151436684_2f4b631c9a_o.jpg\" alt=\"\" class=\"wp-image-156657\"\/><figcaption class=\"wp-element-caption\">El Stock Car podr\u00eda tambi\u00e9n tener una fecha con el TC argentino (Foto: Fernanda Freixosa)<\/figcaption><\/figure>\n\n\n\n<p class=\"wp-block-paragraph\">La uni\u00f3n de dos de las categor\u00edas m\u00e1s destacadas de la regi\u00f3n promete brindar un espect\u00e1culo sin precedentes y fortalecer los lazos deportivos entre Argentina y Brasil. Adem\u00e1s, la visita del TC al Brasil podr\u00eda abrir nuevas oportunidades de intercambio y colaboraci\u00f3n en el \u00e1mbito automovil\u00edstico.<\/p>\n\n\n\n<p class=\"wp-block-paragraph\">No ser\u00eda la primera vez que una categor\u00eda argentina visita suelo brasile\u00f1o y viceversa: el <strong>Stock Car ha corrido en Buenos Aires<\/strong> en fecha conjunta con otra competici\u00f3n, el TC 2000, siendo la \u00faltima vez en 2017. Este a\u00f1o la categor\u00eda brasile\u00f1a compartir\u00e1 carrera nuevamente en el marco de los <strong>200km de Buenos Aires<\/strong>.<\/p>\n\n\n\n<p class=\"wp-block-paragraph\">Tambi\u00e9n la<strong> F\u00f3rmula Truck <\/strong>comparti\u00f3 fechas y realiz\u00f3 exhibiciones en el aut\u00f3dromo porte\u00f1o junto al <strong>Top Race<\/strong> en <strong>2010<\/strong>. <\/p>\n","protected":false},"excerpt":{"rendered":"<p>Fernando Miori, Gerente general del Turismo Carretera argentino declar\u00f3 que se mantienen conversaciones para llevar la categor\u00eda a correr a otros pa\u00edses. Las negociaciones apuntan a una fecha en Brasil junto al Stock Car. <\/p>\n","protected":false},"author":0,"featured_media":1010165999,"comment_status":"closed","ping_status":"closed","sticky":false,"template":"","format":"standard","meta":{"42wp_featured_image_caption":"","42wp_featured_image_credits":"","42wp_featured_video":"","42wp_featured_image_hidden":false,"42wp_authors_list":[],"footnotes":""},"categories":[20],"tags":[1388,458,1317,4387,2961,2960],"42wp_author":[14235,14223],"class_list":["post-18800","post","type-post","status-publish","format-standard","has-post-thumbnail","hentry","category-otras","tag-argentina","tag-brasil","tag-stock-car","tag-stock-car-2023","tag-tc","tag-turismo-carretera","42wp_author-barbara-mincioni","42wp_author-esteban-nieto"],"_links":{"self":[{"href":"https:\/\/grandepremio.com\/es\/wp-json\/wp\/v2\/posts\/18800","targetHints":{"allow":["GET"]}}],"collection":[{"href":"https:\/\/grandepremio.com\/es\/wp-json\/wp\/v2\/posts"}],"about":[{"href":"https:\/\/grandepremio.com\/es\/wp-json\/wp\/v2\/types\/post"}],"replies":[{"embeddable":true,"href":"https:\/\/grandepremio.com\/es\/wp-json\/wp\/v2\/comments?post=18800"}],"version-history":[{"count":0,"href":"https:\/\/grandepremio.com\/es\/wp-json\/wp\/v2\/posts\/18800\/revisions"}],"wp:featuredmedia":[{"embeddable":true,"href":"https:\/\/grandepremio.com\/es\/wp-json\/wp\/v2\/media\/1010165999"}],"wp:attachment":[{"href":"https:\/\/grandepremio.com\/es\/wp-json\/wp\/v2\/media?parent=18800"}],"wp:term":[{"taxonomy":"category","embeddable":true,"href":"https:\/\/grandepremio.com\/es\/wp-json\/wp\/v2\/categories?post=18800"},{"taxonomy":"post_tag","embeddable":true,"href":"https:\/\/grandepremio.com\/es\/wp-json\/wp\/v2\/tags?post=18800"},{"taxonomy":"42wp_author","embeddable":true,"href":"https:\/\/grandepremio.com\/es\/wp-json\/wp\/v2\/42wp_author?post=18800"}],"curies":[{"name":"wp","href":"https:\/\/api.w.org\/{rel}","templated":true}]}}