{"id":18808,"date":"2023-06-15T09:19:02","date_gmt":"2023-06-15T12:19:02","guid":{"rendered":"https:\/\/grandepremio.com\/es\/2023\/06\/15\/red-bull-culpa-techo-gasto-fuga-empleados\/"},"modified":"2023-06-15T09:19:08","modified_gmt":"2023-06-15T12:19:08","slug":"red-bull-culpa-techo-gasto-fuga-empleados","status":"publish","type":"post","link":"https:\/\/grandepremio.com\/es\/f1\/red-bull-culpa-techo-gasto-fuga-empleados\/","title":{"rendered":"Red Bull se preocupa por su futuro y culpa al techo de gasto por la fuga de empleados"},"content":{"rendered":"\n<p class=\"wp-block-paragraph\">Cuanto m\u00e1s bajo sea el techo presupuestario, menos posibilidades tendr\u00e1 Red Bull de contar con personal experimentado que permanezca en el equipo. Eso es lo que se\u00f1al\u00f3 <strong>Christian Horner <\/strong>cuando se le pregunt\u00f3 si el l\u00edmite de gasto es un impedimento para que los equipos &#8220;retengan&#8221; a su personal senior. Y puso el ejemplo de<strong> Rob Marshall,<\/strong> que recientemente <a href=\"https:\/\/grandepremio.com\/es\/\/f1\/mclaren-rob-marshall-red-bull-formula-1\/\" target=\"_blank\" rel=\"noreferrer noopener\">fich\u00f3 por McLaren como director t\u00e9cnico.<\/a><\/p>\n\n\n\n<p class=\"wp-block-paragraph\">&#8220;<strong>No puedes retener a nadie dentro del equipo<\/strong>. Y creo que todo el mundo tiene que asegurar su lugar dentro del techo. Rob estaba tan centrado en otros proyectos en los \u00faltimos a\u00f1os, \u00a1que <a href=\"https:\/\/grandepremio.com\/es\/\/f1\/red-bull-rob-marshall-mclaren-formula-1\/\" target=\"_blank\" rel=\"noreferrer noopener\">la oferta que le hizo McLaren es probablemente la mitad del techo de costes<\/a>! As\u00ed que no se le puede culpar por querer hacerlo&#8221;, dijo el jefe del equipo de las bebidas energ\u00e9ticas.<\/p>\n\n\n\n<figure class=\"wp-block-image size-large\"><img decoding=\"async\" src=\"https:\/\/www.grandepremio.com\/br\/wp-content\/uploads\/2023\/04\/Christian-Horner-01-1024x683.jpg\" alt=\"\" class=\"wp-image-667471\"\/><figcaption class=\"wp-element-caption\">Christian Horner ve impasses con el techo de gasto (Foto: Red Bull Content Pool)<\/figcaption><\/figure>\n\n\n\n<p class=\"wp-block-paragraph\">&#8220;<strong>Tienes que asegurarte de que no es una carrera hacia el fondo de la parrilla<\/strong>. El problema es que tienes empleados con muchos a\u00f1os de antig\u00fcedad que han contribuido de forma significativa y no quieres despedirlos <strong>por culpa del l\u00edmite<\/strong> s\u00f3lo porque puedes contratar a 10 j\u00f3venes en lugar de una plantilla experimentada. Ese es el debate constante&#8221;, prosigui\u00f3.<\/p>\n\n\n\n<p class=\"wp-block-paragraph\">Cabe recordar que, en octubre del a\u00f1o pasado, la FIA anunci\u00f3 un acuerdo con Red Bull por una violaci\u00f3n del l\u00edmite m\u00e1ximo de gastos durante la temporada 2021 de F1.<\/p>\n\n\n\n<p class=\"wp-block-paragraph\"><strong>\u00a1Conoce el canal de Grande Pr\u00eamio en Espa\u00f1ol en&nbsp;<\/strong><a href=\"https:\/\/www.youtube.com\/channel\/UCDxWojGVUi9gWYhrY0pGbIQ\" target=\"_blank\" rel=\"noreferrer noopener\"><strong>YouTube<\/strong><\/a><strong>!<\/strong><br><strong>\u00a1Sigue a Grande Pr\u00eamio en Espa\u00f1ol en&nbsp;<\/strong><a href=\"https:\/\/twitter.com\/grandepremioES\" target=\"_blank\" rel=\"noreferrer noopener\"><strong>Twitter&nbsp;<\/strong><\/a><strong>y en&nbsp;<\/strong><a href=\"https:\/\/www.instagram.com\/grandepremioes\/\" target=\"_blank\" rel=\"noreferrer noopener\"><strong>Instagram<\/strong><\/a><strong>!<\/strong><\/p>\n\n\n\n<p class=\"wp-block-paragraph\"><strong>La escuadra austriaca super\u00f3 el l\u00edmite de costos<\/strong> de US$ 145 millones por un margen inferior al 5% y, por lo tanto, fue multada con US$ 7 millones, adem\u00e1s de recibir una limitaci\u00f3n en cuanto al desarrollo del coche de este a\u00f1o, perdiendo el 10% del tiempo para utilizar el t\u00fanel de viento.<\/p>\n\n\n\n<p class=\"wp-block-paragraph\">El GP de Canad\u00e1 es la pr\u00f3xima cita de la <strong><a href=\"https:\/\/grandepremio.com\/es\/\/f1\/ultimas-noticias\/\" target=\"_blank\" rel=\"noreferrer noopener\">F\u00f3rmula 1<\/a><\/strong>, que dar\u00e1 inicio ma\u00f1ana con dos tandas de entrenamientos oficiales.<\/p>\n","protected":false},"excerpt":{"rendered":"<p>A Christian Horner, jefe de Red Bull, le preocupa que el l\u00edmite presupuestario provoque una &#8220;carrera hacia el fondo de la parrilla&#8221; y ve un callej\u00f3n sin salida a la hora de mantener al personal experimentado.<\/p>\n","protected":false},"author":0,"featured_media":1010165881,"comment_status":"closed","ping_status":"closed","sticky":false,"template":"","format":"standard","meta":{"42wp_featured_image_caption":"","42wp_featured_image_credits":"","42wp_featured_video":"","42wp_featured_image_hidden":false,"42wp_authors_list":[],"footnotes":""},"categories":[5],"tags":[1336,179,1488,249,197,206,3577],"42wp_author":[14237],"class_list":["post-18808","post","type-post","status-publish","format-standard","has-post-thumbnail","hentry","category-f1","tag-christian-horner","tag-formula-1","tag-grande-premio","tag-max-verstappen","tag-mercedes","tag-red-bull","tag-rob-marshall","42wp_author-gabriel-garcia"],"_links":{"self":[{"href":"https:\/\/grandepremio.com\/es\/wp-json\/wp\/v2\/posts\/18808","targetHints":{"allow":["GET"]}}],"collection":[{"href":"https:\/\/grandepremio.com\/es\/wp-json\/wp\/v2\/posts"}],"about":[{"href":"https:\/\/grandepremio.com\/es\/wp-json\/wp\/v2\/types\/post"}],"replies":[{"embeddable":true,"href":"https:\/\/grandepremio.com\/es\/wp-json\/wp\/v2\/comments?post=18808"}],"version-history":[{"count":0,"href":"https:\/\/grandepremio.com\/es\/wp-json\/wp\/v2\/posts\/18808\/revisions"}],"wp:featuredmedia":[{"embeddable":true,"href":"https:\/\/grandepremio.com\/es\/wp-json\/wp\/v2\/media\/1010165881"}],"wp:attachment":[{"href":"https:\/\/grandepremio.com\/es\/wp-json\/wp\/v2\/media?parent=18808"}],"wp:term":[{"taxonomy":"category","embeddable":true,"href":"https:\/\/grandepremio.com\/es\/wp-json\/wp\/v2\/categories?post=18808"},{"taxonomy":"post_tag","embeddable":true,"href":"https:\/\/grandepremio.com\/es\/wp-json\/wp\/v2\/tags?post=18808"},{"taxonomy":"42wp_author","embeddable":true,"href":"https:\/\/grandepremio.com\/es\/wp-json\/wp\/v2\/42wp_author?post=18808"}],"curies":[{"name":"wp","href":"https:\/\/api.w.org\/{rel}","templated":true}]}}