{"id":18810,"date":"2023-06-14T15:13:45","date_gmt":"2023-06-14T18:13:45","guid":{"rendered":"https:\/\/grandepremio.com\/es\/2023\/06\/14\/formula-1-vettel-nuburgring-red-bull\/"},"modified":"2023-06-14T15:13:50","modified_gmt":"2023-06-14T18:13:50","slug":"formula-1-vettel-nuburgring-red-bull","status":"publish","type":"post","link":"https:\/\/grandepremio.com\/es\/f1\/formula-1-vettel-nuburgring-red-bull\/","title":{"rendered":"Red Bull anuncia a Vettel y Ricciardo para exhibici\u00f3n de autos antiguos en Nordschleife"},"content":{"rendered":"\n<p class=\"wp-block-paragraph\"><strong><a href=\"https:\/\/grandepremio.com\/es\/\/?s=vettel\">Sebastian Vettel<\/a><\/strong> volver\u00e1 a conducir un auto de<strong> F\u00f3rmula 1 <\/strong>este 9 de septiembre. El tetracampe\u00f3n mundial participar\u00e1 invitado por <strong>Red Bull<\/strong> en una exhibici\u00f3n de autos antiguos de la categor\u00eda junto a <strong>Daniel Ricciardo <\/strong>en el circuito de <strong>Nordschleife<\/strong>, en <strong>N\u00fcrburgring<\/strong>. Esta ser\u00e1 la primera presentaci\u00f3n de Vettel en las pistas desde la <strong>Carrera de Campeones<\/strong> en enero de este a\u00f1o, y meses despu\u00e9s de su retiro.<\/p>\n\n\n\n<p class=\"wp-block-paragraph\"><strong>\u00a1Conoce el canal de Grande Pr\u00eamio en Espa\u00f1ol en&nbsp;<\/strong><a href=\"https:\/\/www.youtube.com\/channel\/UCDxWojGVUi9gWYhrY0pGbIQ\" target=\"_blank\" rel=\"noreferrer noopener\"><strong>YouTube<\/strong><\/a><strong>!<\/strong><br><strong>\u00a1Sigue a Grande Pr\u00eamio en Espa\u00f1ol en&nbsp;<\/strong><a href=\"https:\/\/twitter.com\/grandepremioES\" target=\"_blank\" rel=\"noreferrer noopener\"><strong>Twitter&nbsp;<\/strong><\/a><strong>y en&nbsp;<\/strong><a href=\"https:\/\/www.instagram.com\/grandepremioes\/\" target=\"_blank\" rel=\"noreferrer noopener\"><strong>Instagram<\/strong><\/a><strong>!<\/strong><\/p>\n\n\n\n<p class=\"wp-block-paragraph\">El evento, llamado <strong>Red Bull F\u00f3rmula N\u00fcrburgring<\/strong>, tiene como objetivo revivir el tradicional circuito alem\u00e1n, que en los a\u00f1os 70 y 80 era conocido por sus peligrosas curvas sin \u00e1reas de escape. Dicho circuito fue el lugar del accidente de <strong>Niki Lauda<\/strong> en el <strong>Gran Premio de Alemania de 1976<\/strong>, cuando el piloto austriaco choc\u00f3 contra el guardarrail y el coche se incendi\u00f3. El incidente dej\u00f3 una serie de marcas de quemaduras en el cuerpo de Lauda.<\/p>\n\n\n\n<figure class=\"wp-block-image size-large\"><img decoding=\"async\" src=\"https:\/\/www.grandepremio.com\/br\/wp-content\/uploads\/2023\/06\/353800817_1409412896568392_8618292269390800003_n-820x1024.jpg\" alt=\"\" class=\"wp-image-694741\"\/><figcaption class=\"wp-element-caption\">Un misterioso anuncio en las redes sociales de Red Bull precedi\u00f3 la noticia de que Sebastian Vettel volver\u00eda a conducir un autom\u00f3vil de F\u00f3rmula 1.  (Foto: Red Bull Alemanha)<\/figcaption><\/figure>\n\n\n\n<p class=\"wp-block-paragraph\">A lo largo de los a\u00f1os, la pista dej\u00f3 de ser utilizada por la <strong>F1<\/strong>. El \u00faltimo auto antiguo de la categor\u00eda en correr en el &#8220;Infierno Verde&#8221; fue el <strong>Mercedes W02<\/strong>, conducido por <strong>Michael Schumacher <\/strong>en lo que fue su \u00faltima aparici\u00f3n con los Flechas Plateadas, justo antes de las<strong> 24 Horas de N\u00fcrburgring<\/strong> en 2013.<\/p>\n\n\n\n<p class=\"wp-block-paragraph\">Vettel ha estado presente en las carreras de <strong>F\u00f3rmula 1<\/strong> en <strong>2023<\/strong>. <a href=\"https:\/\/grandepremio.com\/es\/\/f1\/vettel-reaparece-monaco-visita-f1-retiro\/\">Fue visto en el paddock y en el pit-lane<\/a> del <strong>Gran Premio de M\u00f3naco<\/strong>. Aprovech\u00f3 para conversar con algunos viejos amigos de sus antiguos equipos, como <strong>Red Bull <\/strong>y <strong>Aston Martin<\/strong>, y tambi\u00e9n tuvo una charla con el <strong>CEO<\/strong> de la categor\u00eda, <strong>Stefano Domenicali<\/strong>.<\/p>\n","protected":false},"excerpt":{"rendered":"<p>Sebastian Vettel volver\u00e1 a conducir un coche de F\u00f3rmula 1 en septiembre,  en una exhibici\u00f3n de autos antiguos de la categor\u00eda en Nordschleife, en N\u00fcrburgring, invitado por Red Bull. Michael Schumacher particip\u00f3 en una presentaci\u00f3n similar de Mercedes en 2013.<\/p>\n","protected":false},"author":0,"featured_media":1010165830,"comment_status":"closed","ping_status":"closed","sticky":false,"template":"","format":"standard","meta":{"42wp_featured_image_caption":"","42wp_featured_image_credits":"","42wp_featured_video":"","42wp_featured_image_hidden":false,"42wp_authors_list":[],"footnotes":""},"categories":[5],"tags":[365,181,1676,179,2534,1488,206,1511,3971,3113,582,208,608],"42wp_author":[14235],"class_list":["post-18810","post","type-post","status-publish","format-standard","has-post-thumbnail","hentry","category-f1","tag-daniel-ricciardo","tag-f1","tag-f1-2023","tag-formula-1","tag-formula-1-2023","tag-grande-premio","tag-red-bull","tag-red-bull-formula-1","tag-retiro-sebastian-vettel","tag-retiro-vettel","tag-ricciardo","tag-sebastian-vettel","tag-vettel","42wp_author-barbara-mincioni"],"_links":{"self":[{"href":"https:\/\/grandepremio.com\/es\/wp-json\/wp\/v2\/posts\/18810","targetHints":{"allow":["GET"]}}],"collection":[{"href":"https:\/\/grandepremio.com\/es\/wp-json\/wp\/v2\/posts"}],"about":[{"href":"https:\/\/grandepremio.com\/es\/wp-json\/wp\/v2\/types\/post"}],"replies":[{"embeddable":true,"href":"https:\/\/grandepremio.com\/es\/wp-json\/wp\/v2\/comments?post=18810"}],"version-history":[{"count":0,"href":"https:\/\/grandepremio.com\/es\/wp-json\/wp\/v2\/posts\/18810\/revisions"}],"wp:featuredmedia":[{"embeddable":true,"href":"https:\/\/grandepremio.com\/es\/wp-json\/wp\/v2\/media\/1010165830"}],"wp:attachment":[{"href":"https:\/\/grandepremio.com\/es\/wp-json\/wp\/v2\/media?parent=18810"}],"wp:term":[{"taxonomy":"category","embeddable":true,"href":"https:\/\/grandepremio.com\/es\/wp-json\/wp\/v2\/categories?post=18810"},{"taxonomy":"post_tag","embeddable":true,"href":"https:\/\/grandepremio.com\/es\/wp-json\/wp\/v2\/tags?post=18810"},{"taxonomy":"42wp_author","embeddable":true,"href":"https:\/\/grandepremio.com\/es\/wp-json\/wp\/v2\/42wp_author?post=18810"}],"curies":[{"name":"wp","href":"https:\/\/api.w.org\/{rel}","templated":true}]}}