{"id":18815,"date":"2023-06-14T09:15:00","date_gmt":"2023-06-14T12:15:00","guid":{"rendered":"https:\/\/grandepremio.com\/es\/2023\/06\/14\/formula-1-recauda-victimas-emilia-romana\/"},"modified":"2023-06-14T09:15:08","modified_gmt":"2023-06-14T12:15:08","slug":"formula-1-recauda-victimas-emilia-romana","status":"publish","type":"post","link":"https:\/\/grandepremio.com\/es\/f1\/formula-1-recauda-victimas-emilia-romana\/","title":{"rendered":"F1 recauda m\u00e1s de US$ 300 mil para ayudar a v\u00edctimas de inundaciones en Emilia Roma\u00f1a"},"content":{"rendered":"\n<p class=\"wp-block-paragraph\">La <strong>F\u00f3rmula 1 <\/strong>recaud\u00f3 247.171 libras (312.263 d\u00f3lares) en una subasta para ayudar a los afectados por las inundaciones en el norte de Italia. <a href=\"https:\/\/grandepremio.com\/es\/\/f1\/formula-1-decide-posponer-gp-de-emilia-romana\/\" target=\"_blank\" rel=\"noreferrer noopener\">Con la suspensi\u00f3n del <strong>Gran Premio de Emilia-Roma\u00f1a<\/strong><\/a><strong>,<\/strong> el promotor <strong>F\u00f3rmula Italia<\/strong> acord\u00f3 con la federaci\u00f3n local y la F1 donar los cuatro trofeos <strong>&#8211; top-3 y Copas de Constructores que se iban a entregar en \u00cdmola &#8211;<\/strong> para un remate ben\u00e9fico.<\/p>\n\n\n\n<p class=\"wp-block-paragraph\">Adem\u00e1s de las copas, <strong>Pirelli<\/strong> ofreci\u00f3 el neum\u00e1tico que premia al poseedor de la pole y <strong>Ferrari Trento<\/strong> don\u00f3 una botella del vino espumoso utilizado en el podio. Todos los art\u00edculos fueron autografiados por los 20 pilotos de la parrilla, mientras que los trofeos llevaban tambi\u00e9n las firmas de los diez directores de equipo. Los premios tambi\u00e9n llevan los nombres de los ganadores del GP de Imola entre 1980 y 2022, entre los que se destacan <strong>Alain Prost, Ayrton Senna, Nigel Mansell y Michael Schumacher.<\/strong><\/p>\n\n\n\n<p class=\"wp-block-paragraph\">La recaudaci\u00f3n acumulada en la subasta se don\u00f3 a la <strong>Agencia de Protecci\u00f3n Civil y Territorial de Emilia Roma\u00f1a,<\/strong> que ha coordinado la ayuda a las v\u00edctimas.<\/p>\n\n\n\n<p class=\"wp-block-paragraph\"><strong>\u00a1Conoce el canal de Grande Pr\u00eamio en Espa\u00f1ol en\u00a0<\/strong><a href=\"https:\/\/www.youtube.com\/channel\/UCDxWojGVUi9gWYhrY0pGbIQ\" target=\"_blank\" rel=\"noreferrer noopener\"><strong>YouTube<\/strong><\/a><strong>!<\/strong><br><strong>\u00a1Sigue a Grande Pr\u00eamio en Espa\u00f1ol en\u00a0<\/strong><a href=\"https:\/\/twitter.com\/grandepremioES\" target=\"_blank\" rel=\"noreferrer noopener\"><strong>Twitter\u00a0<\/strong><\/a><strong>y en\u00a0<\/strong><a href=\"https:\/\/www.instagram.com\/grandepremioes\/\" target=\"_blank\" rel=\"noreferrer noopener\"><strong>Instagram<\/strong><\/a><strong>!<\/strong><\/p>\n\n\n\n<figure class=\"wp-block-image size-full\"><img decoding=\"async\" src=\"https:\/\/www.grandepremio.com\/br\/wp-content\/uploads\/2023\/05\/Hamilton.jpeg\" alt=\"\" class=\"wp-image-688122\"\/><figcaption class=\"wp-element-caption\">Hamilton autograf\u00eda una botella de champagne para la subasta. (Foto: F1)<\/figcaption><\/figure>\n\n\n\n<p class=\"wp-block-paragraph\">El trofeo de constructores alcanz\u00f3 el valor m\u00e1s alto de la subasta, con 71.275 libras. El premio al ganador de la carrera se adjudic\u00f3 por 60.100 libras, y las copas para el segundo y el tercero se entregaron por 37.325 y 32050 libras, respectivamente. El neum\u00e1tico Pirelli se vendi\u00f3 por 40.745 libras y la botella de vino espumoso por 11.175 libras.<\/p>\n\n\n\n<p class=\"wp-block-paragraph\">&#8220;Una vez m\u00e1s, la comunidad de la F\u00f3rmula 1 ha mostrado una gran generosidad recaudando en esta subasta una suma que ser\u00e1 donada a aquellos que todav\u00eda est\u00e1n sufriendo los da\u00f1os causados por el mal tiempo en Emilia Roma\u00f1a, que fue muy grave&#8221;, manifest\u00f3 el jefe de Pirelli en la F1, <strong>Mario Isola.<\/strong> &#8220;Las consecuencias pesar\u00e1n significativamente sobre la poblaci\u00f3n durante mucho tiempo. Cualquier ayuda, por peque\u00f1a que sea, sirve para colaborar, y estamos contentos de haber aportado nuestra contribuci\u00f3n&#8221;, sigui\u00f3.<\/p>\n\n\n\n<figure class=\"wp-block-image size-large\"><img decoding=\"async\" src=\"https:\/\/grandepremio.com\/es\/\/wp-content\/uploads\/2023\/05\/GPF1-4-1024x576.jpg\" alt=\"\" class=\"wp-image-155939\"\/><figcaption class=\"wp-element-caption\">Las inundaciones azotaron la regi\u00f3n de Emilia-Roma\u00f1a, en el norte de Italia (Foto: AFP)<\/figcaption><\/figure>\n\n\n\n<p class=\"wp-block-paragraph\">En la p\u00e1gina web de Memento, que realiz\u00f3 la subasta, todav\u00eda es posible pujar por los posters de <strong>Alfa Romeo, <\/strong>que tienen la firma de <strong>Valtteri Bottas <\/strong>y <strong>Guanyu Zhou.<\/strong><\/p>\n\n\n\n<p class=\"wp-block-paragraph\">El Gobierno italiano tambi\u00e9n destin\u00f3 un paquete de 2.000 millones de euros para ayudar a superar los da\u00f1os causados por la emergencia clim\u00e1tica en Emilia Roma\u00f1a. Quince personas murieron por el desbordamiento de m\u00e1s de 20 r\u00edos. Las lluvias tambi\u00e9n provocaron m\u00e1s de 280 deslizamientos de tierra, m\u00e1s de 20.000 personas se vieron obligadas a abandonar sus hogares y m\u00e1s de 5.000 granjas quedaron sumergidas. El llamado &#8220;Valle de la Fruta&#8221; qued\u00f3 destruido, con la consiguiente p\u00e9rdida de entre 10 y 15 millones de plantas. Los cultivos m\u00e1s afectados fueron duraznos, nectarinas, kiwis, damascos y ciruelas.<\/p>\n\n\n\n<p class=\"wp-block-paragraph\"><\/p>\n","protected":false},"excerpt":{"rendered":"<p>Tras la crisis clim\u00e1tica que forz\u00f3 la suspensi\u00f3n de la carrera de F\u00f3rmula 1, los trofeos que se iban a entregar en el GP de Emilia Roma\u00f1a fueron subastados para auxiliar a los damnificados por las inundaciones. <\/p>\n","protected":false},"author":0,"featured_media":1000688121,"comment_status":"closed","ping_status":"closed","sticky":false,"template":"","format":"standard","meta":{"42wp_featured_image_caption":"","42wp_featured_image_credits":"","42wp_featured_video":"","42wp_featured_image_hidden":false,"42wp_authors_list":[],"footnotes":""},"categories":[5],"tags":[181,1676,185,179,2534,2527,2528,520,7709],"42wp_author":[14223],"class_list":["post-18815","post","type-post","status-publish","format-standard","has-post-thumbnail","hentry","category-f1","tag-f1","tag-f1-2023","tag-ferrari","tag-formula-1","tag-formula-1-2023","tag-gp-de-emilia-romana","tag-imola-2","tag-pirelli","tag-suspension-del-gp-de-emilia-romana","42wp_author-esteban-nieto"],"_links":{"self":[{"href":"https:\/\/grandepremio.com\/es\/wp-json\/wp\/v2\/posts\/18815","targetHints":{"allow":["GET"]}}],"collection":[{"href":"https:\/\/grandepremio.com\/es\/wp-json\/wp\/v2\/posts"}],"about":[{"href":"https:\/\/grandepremio.com\/es\/wp-json\/wp\/v2\/types\/post"}],"replies":[{"embeddable":true,"href":"https:\/\/grandepremio.com\/es\/wp-json\/wp\/v2\/comments?post=18815"}],"version-history":[{"count":0,"href":"https:\/\/grandepremio.com\/es\/wp-json\/wp\/v2\/posts\/18815\/revisions"}],"wp:featuredmedia":[{"embeddable":true,"href":"https:\/\/grandepremio.com\/es\/wp-json\/wp\/v2\/media\/1000688121"}],"wp:attachment":[{"href":"https:\/\/grandepremio.com\/es\/wp-json\/wp\/v2\/media?parent=18815"}],"wp:term":[{"taxonomy":"category","embeddable":true,"href":"https:\/\/grandepremio.com\/es\/wp-json\/wp\/v2\/categories?post=18815"},{"taxonomy":"post_tag","embeddable":true,"href":"https:\/\/grandepremio.com\/es\/wp-json\/wp\/v2\/tags?post=18815"},{"taxonomy":"42wp_author","embeddable":true,"href":"https:\/\/grandepremio.com\/es\/wp-json\/wp\/v2\/42wp_author?post=18815"}],"curies":[{"name":"wp","href":"https:\/\/api.w.org\/{rel}","templated":true}]}}