{"id":18828,"date":"2023-06-13T08:05:00","date_gmt":"2023-06-13T11:05:00","guid":{"rendered":"https:\/\/grandepremio.com\/es\/2023\/06\/13\/osman-y-lapenna-vencen-tcr-sudamericano-interlagos\/"},"modified":"2023-06-12T18:06:54","modified_gmt":"2023-06-12T21:06:54","slug":"osman-y-lapenna-vencen-tcr-sudamericano-interlagos","status":"publish","type":"post","link":"https:\/\/grandepremio.com\/es\/turismo\/osman-y-lapenna-vencen-tcr-sudamericano-interlagos\/","title":{"rendered":"Osman y Lapenna vencen en la presentaci\u00f3n del TCR Sudamericano en Interlagos"},"content":{"rendered":"\n<p class=\"wp-block-paragraph\">La segunda carrera de una hora m\u00e1s una vuelta del <strong><a href=\"https:\/\/grandepremio.com\/es\/\/?s=tcr+sudamericano\" target=\"_blank\" rel=\"noreferrer noopener\">TCR Sudamericano<\/a><\/strong> se llev\u00f3 a cabo, nada menos, en el circuito Jos\u00e9 Carlos Pace de <strong>Interlagos<\/strong>, y contaba con el auto de <strong>Ignacio Montenegro<\/strong> y Lucas Colombo Russell partiendo desde la pole position.<\/p>\n\n\n\n<p class=\"wp-block-paragraph\">A pesar de esto, la partida fue muy ca\u00f3tica, y el Honda Civic Type R de la <strong>Squadra Martino<\/strong> se vio retrasado debido a que, como explicaron en la transmisi\u00f3n oficial de televisi\u00f3n, el sol dificult\u00f3 la vista del sem\u00e1foro por parte de los pilotos que part\u00edan en las primeras filas.<\/p>\n\n\n\n<p class=\"wp-block-paragraph\">En virtud de esto, el Corolla de Diego Nunes tomaba la punta, solo para ser superado en la primera vuelta por el Toyota del Paladini Racing de<strong> Juan \u00c1ngel Rosso<\/strong>, con una excelente maniobra por afuera.<\/p>\n\n\n\n<figure class=\"wp-block-image size-large\"><img decoding=\"async\" src=\"https:\/\/grandepremio.com\/es\/\/wp-content\/uploads\/2023\/06\/6c0be4e8-6b7b-42c3-a105-f3866d02c0bf-1024x681.jpg\" alt=\"\" class=\"wp-image-165581\"\/><figcaption class=\"wp-element-caption\">El Cupra de Osman y Lapenna le dio al W2 Pro GP la segunda victoria de 2023. (Foto: TCR Sudamericano)<\/figcaption><\/figure>\n\n\n\n<p class=\"wp-block-paragraph\">Como dijimos, hubo perjudicados en la salida, pero tambi\u00e9n beneficiados: El Cupra de <strong>Galid Osman <\/strong>saltaba al segundo lugar r\u00e1pidamente sobre Nunes, luego super\u00f3 a Rosso en la novena vuelta para ser el l\u00edder, y comenz\u00f3 a escaparse de manera progresiva.<\/p>\n\n\n\n<p class=\"wp-block-paragraph\">Adem\u00e1s, se reportaban dos abandonos en el <strong>PMO Racing<\/strong>: La dupla de Guilherme Reischl y Guilherme Salas apenas complet\u00f3 seis vueltas, y un fallo en un neum\u00e1tico gener\u00f3 la deserci\u00f3n de Juan Pablo Bessone y Facundo Marques, con solo 11 vueltas. El otro abandono de la carrera fue el Corolla de Bernardo Llaver y de Gast\u00f3n Iansa, que estaba dentro de los diez primeros.<\/p>\n\n\n\n<p class=\"wp-block-paragraph\"><strong>Las paradas en boxes<\/strong> se cumplieron con normalidad, desde el giro 17 hasta el 22, con la excepci\u00f3n de Diego Nunes y Thiago Vivacqua, quienes salieron antes del tiempo m\u00ednimo de la detenci\u00f3n en boxes, que era de un minuto y 45 segundos. Por esto, <strong>recibieron una sanci\u00f3n de 90 segundos de recargo<\/strong>, con lo cual cayeron del segundo puesto en la pista, al noveno en la planilla final de resultados.<\/p>\n\n\n\n<p class=\"wp-block-paragraph\">Una vez terminadas las paradas en boxes, Felipe Lapenna era l\u00edder con el Cupra de Osman, Luciano Farroni con el auto de Rosso, y Jorge Barrio a bordo del auto de <strong><a href=\"https:\/\/grandepremio.com\/es\/\/turismo\/reis-barrio-gana-carrera-tcr-sudamericano-termas\/\" target=\"_blank\" rel=\"noreferrer noopener\">Raphael Reis<\/a><\/strong>. Sin embargo, el piloto argentino perdi\u00f3 la posici\u00f3n con Barrio, y luego con Gaetano Di Mauro, que manejaba el Civic de Juan Manuel Casella.<\/p>\n\n\n\n<p class=\"wp-block-paragraph\">Ya en la \u00faltima vuelta, se produjo un toque entre el Peugeot #72 de Lucas Salles y Marcos Regadas y el Honda #34 de Fabio Casagrande y de Franco Coscia, que arribaron al final con la suspensi\u00f3n rota, producto de la pelea que manten\u00edan por la victoria en la divisional Trophy.<\/p>\n\n\n\n<figure class=\"wp-block-image size-large\"><img decoding=\"async\" src=\"https:\/\/grandepremio.com\/es\/\/wp-content\/uploads\/2023\/06\/unnamed-6-1024x681.jpg\" alt=\"\" class=\"wp-image-165580\"\/><figcaption class=\"wp-element-caption\">Galid Osman y Felipe Lapenna ganan en Interlagos. (Foto: TCR Sudamericano)<\/figcaption><\/figure>\n\n\n\n<p class=\"wp-block-paragraph\">Al cabo de las 34 vueltas que se corrieron, <strong>Galid Osman y Felipe Lapenna<\/strong> dominaron la carrera de Interlagos, para vencer por segunda vez en fila para el equipo <strong>W2 Pro GP<\/strong> que, con la sanci\u00f3n al Corolla #70, logr\u00f3 el 1-2 con Reis y Barrio, los triunfadores en Termas de R\u00edo Hondo. La tercera posici\u00f3n fue para Casella y Di Mauro.<\/p>\n\n\n\n<p class=\"wp-block-paragraph\">Fuera del podio, terminaron en cuarto puesto Rosso y Farroni, seguidos del otro coche del Paladini Racing, el de Fabi\u00e1n Yannantuoni y Beto Monteiro. Pedro Cardoso y Mathias de Valle completaron un gran trabajo en la sexta colocaci\u00f3n.<\/p>\n\n\n\n<p class=\"wp-block-paragraph\">Por su parte, el s\u00e9ptimo lugar le dio la victoria en Copa Trophy a <strong>Adalberto Baptista<\/strong> y a Bruno Baptista, a pesar de una sanci\u00f3n de 30 segundos de recargo, Marcio Basso y Gonzalo Alterio fueron segundos en esta categor\u00eda, y octavos en la general con el mejor Lynk &amp; Co, en tanto que Casagrande y Coscia completaron el podio.<\/p>\n\n\n\n<p class=\"wp-block-paragraph\">Si bien no logr\u00f3 llegar al final de la carrera en suelo brasile\u00f1o, <strong>Ignacio Montenegro<\/strong> lidera el torneo del TCR South America con 185 puntos, Reis tiene 168, Casella 157, Llaver 151, Osman 150. <\/p>\n\n\n\n<p class=\"wp-block-paragraph\">La pr\u00f3xima fecha de <strong>TCR South America<\/strong> Banco BRB ser\u00e1 en el Aut\u00f3dromo Eduardo P. Cabrera de Rivera (Uruguay) del 21 al 23 de julio.<\/p>\n\n\n\n<p class=\"wp-block-paragraph\"><a href=\"http:\/\/chrome-extension:\/\/efaidnbmnnnibpcajpcglclefindmkaj\/https:\/\/southamerica.tcr-series.com\/api\/assets\/result\/result-TCR%20Carrera%20eNDURANCE.pdf\" target=\"_blank\" rel=\"noreferrer noopener\">Resultados<\/a><\/p>\n","protected":false},"excerpt":{"rendered":"<p>Una jornada soleada fue el marco del domingo para la cuarta fecha del TCR Sudamericano, que cumpli\u00f3 as\u00ed con la segunda prueba de endurance, que vio el dominio del Cupra de Galid Osman y Felipe Lapenna. <\/p>\n","protected":false},"author":0,"featured_media":1010165579,"comment_status":"closed","ping_status":"closed","sticky":false,"template":"","format":"standard","meta":{"42wp_featured_image_caption":"","42wp_featured_image_credits":"","42wp_featured_video":"","42wp_featured_image_hidden":false,"42wp_authors_list":[],"footnotes":""},"categories":[11],"tags":[7686,4388,6352,474,3548,2839,1320],"42wp_author":[14237],"class_list":["post-18828","post","type-post","status-publish","format-standard","has-post-thumbnail","hentry","category-turismo","tag-galid-oam","tag-galid-osman","tag-ignacio-montenegro","tag-interlagos","tag-jorge-barrio","tag-tcr-south-america","tag-tcr-sudamericano","42wp_author-gabriel-garcia"],"_links":{"self":[{"href":"https:\/\/grandepremio.com\/es\/wp-json\/wp\/v2\/posts\/18828","targetHints":{"allow":["GET"]}}],"collection":[{"href":"https:\/\/grandepremio.com\/es\/wp-json\/wp\/v2\/posts"}],"about":[{"href":"https:\/\/grandepremio.com\/es\/wp-json\/wp\/v2\/types\/post"}],"replies":[{"embeddable":true,"href":"https:\/\/grandepremio.com\/es\/wp-json\/wp\/v2\/comments?post=18828"}],"version-history":[{"count":0,"href":"https:\/\/grandepremio.com\/es\/wp-json\/wp\/v2\/posts\/18828\/revisions"}],"wp:featuredmedia":[{"embeddable":true,"href":"https:\/\/grandepremio.com\/es\/wp-json\/wp\/v2\/media\/1010165579"}],"wp:attachment":[{"href":"https:\/\/grandepremio.com\/es\/wp-json\/wp\/v2\/media?parent=18828"}],"wp:term":[{"taxonomy":"category","embeddable":true,"href":"https:\/\/grandepremio.com\/es\/wp-json\/wp\/v2\/categories?post=18828"},{"taxonomy":"post_tag","embeddable":true,"href":"https:\/\/grandepremio.com\/es\/wp-json\/wp\/v2\/tags?post=18828"},{"taxonomy":"42wp_author","embeddable":true,"href":"https:\/\/grandepremio.com\/es\/wp-json\/wp\/v2\/42wp_author?post=18828"}],"curies":[{"name":"wp","href":"https:\/\/api.w.org\/{rel}","templated":true}]}}