{"id":18833,"date":"2023-06-12T09:25:38","date_gmt":"2023-06-12T12:25:38","guid":{"rendered":"https:\/\/grandepremio.com\/es\/2023\/06\/12\/rins-operacion-fracturarse-italia\/"},"modified":"2023-06-12T09:39:15","modified_gmt":"2023-06-12T12:39:15","slug":"rins-operacion-fracturarse-italia","status":"publish","type":"post","link":"https:\/\/grandepremio.com\/es\/motogp\/rins-operacion-fracturarse-italia\/","title":{"rendered":"Rins se somete a su primera operaci\u00f3n tras fracturarse en Italia"},"content":{"rendered":"\n<p class=\"wp-block-paragraph\"><a href=\"https:\/\/grandepremio.com\/es\/\/motogp\/alex-rins-fractura-lcr-italia-motogp\/\" target=\"_blank\" rel=\"noreferrer noopener\"><strong>\u00c1lex Rins<\/strong> ya ha sido sometido a una primera intervenci\u00f3n quir\u00fargica tras la fractura que sufri\u00f3 en la pierna derecha en la carrera al sprint de Italia<\/a>. <\/p>\n\n\n\n<p class=\"wp-block-paragraph\">Los m\u00e9dicos del Centro de Traumatolog\u00eda del Hospital Universitario de Florencia, ciudad cercana al circuito de Mugello, donde le colocaron un fijador externo para estabilizar las fracturas de tibia y peron\u00e9 y reducir la inflamaci\u00f3n. <\/p>\n\n\n\n<p class=\"wp-block-paragraph\">En las redes sociales, Alex mostr\u00f3 que ya estaba con el fijador colocado y agradeci\u00f3 los mensajes que recibi\u00f3.<\/p>\n\n\n\n<figure class=\"wp-block-embed is-type-rich is-provider-instagram wp-block-embed-instagram\"><div class=\"wp-block-embed__wrapper\">\nhttps:\/\/www.instagram.com\/p\/CtU1lmmteK3\/\n<\/div><\/figure>\n\n\n\n<p class=\"wp-block-paragraph\">&#8220;Primera cirug\u00eda hecha. Gracias por todos los mensajes&#8221;, dijo Rins. <strong>&#8220;Trabajaremos m\u00e1s duro que nunca para volver pronto&#8221;<\/strong>, asegur\u00f3 el ex piloto oficial de Suzuki.<\/p>\n\n\n\n<p class=\"wp-block-paragraph\">Cuando pueda viajar, el piloto titular del LCR se dirigir\u00e1 a Espa\u00f1a, donde<strong> se someter\u00e1 a una nueva intervenci\u00f3n quir\u00fargica para tratar la fractura.<\/strong><\/p>\n\n\n\n<p class=\"wp-block-paragraph\"><strong>\u00a1Conoce el canal de Grande Pr\u00eamio en Espa\u00f1ol en&nbsp;<\/strong><a href=\"https:\/\/www.youtube.com\/channel\/UCDxWojGVUi9gWYhrY0pGbIQ\" target=\"_blank\" rel=\"noreferrer noopener\"><strong>YouTube<\/strong><\/a><strong>!<\/strong><br><strong>\u00a1Sigue a Grande Pr\u00eamio en Espa\u00f1ol en&nbsp;<\/strong><a href=\"https:\/\/twitter.com\/grandepremioES\" target=\"_blank\" rel=\"noreferrer noopener\"><strong>Twitter&nbsp;<\/strong><\/a><strong>y en&nbsp;<\/strong><a href=\"https:\/\/www.instagram.com\/grandepremioes\/\" target=\"_blank\" rel=\"noreferrer noopener\"><strong>Instagram<\/strong><\/a><strong>!<\/strong><\/p>\n\n\n\n<p class=\"wp-block-paragraph\">El espa\u00f1ol se quedar\u00eda fuera de las pr\u00f3ximas competencias, aunque esto no es oficial. Por su parte, Moto GP retomar\u00e1 sus actividades desde el viernes, con el Gran Premio de Alemania, a disputarse en Sachsenring. <\/p>\n","protected":false},"excerpt":{"rendered":"<p>Luego de la tremenda ca\u00edda que sufri\u00f3 durante el Sprint de MotoGP en Mugello, disputado el pasado s\u00e1bado, Alex Rins fue operado en el Hospital Universitario Careggi de Florencia, donde los m\u00e9dicos le colocaron un fijador externo para estabilizar la fractura de su pierna derecha.<\/p>\n","protected":false},"author":0,"featured_media":1010165364,"comment_status":"closed","ping_status":"closed","sticky":false,"template":"","format":"standard","meta":{"42wp_featured_image_caption":"","42wp_featured_image_credits":"","42wp_featured_video":"","42wp_featured_image_hidden":false,"42wp_authors_list":[],"footnotes":""},"categories":[8],"tags":[1426,673,221,1293,341],"42wp_author":[14237],"class_list":["post-18833","post","type-post","status-publish","format-standard","has-post-thumbnail","hentry","category-motogp","tag-alex-rins-2","tag-gp-de-italia","tag-honda","tag-motogp","tag-mugello","42wp_author-gabriel-garcia"],"_links":{"self":[{"href":"https:\/\/grandepremio.com\/es\/wp-json\/wp\/v2\/posts\/18833","targetHints":{"allow":["GET"]}}],"collection":[{"href":"https:\/\/grandepremio.com\/es\/wp-json\/wp\/v2\/posts"}],"about":[{"href":"https:\/\/grandepremio.com\/es\/wp-json\/wp\/v2\/types\/post"}],"replies":[{"embeddable":true,"href":"https:\/\/grandepremio.com\/es\/wp-json\/wp\/v2\/comments?post=18833"}],"version-history":[{"count":0,"href":"https:\/\/grandepremio.com\/es\/wp-json\/wp\/v2\/posts\/18833\/revisions"}],"wp:featuredmedia":[{"embeddable":true,"href":"https:\/\/grandepremio.com\/es\/wp-json\/wp\/v2\/media\/1010165364"}],"wp:attachment":[{"href":"https:\/\/grandepremio.com\/es\/wp-json\/wp\/v2\/media?parent=18833"}],"wp:term":[{"taxonomy":"category","embeddable":true,"href":"https:\/\/grandepremio.com\/es\/wp-json\/wp\/v2\/categories?post=18833"},{"taxonomy":"post_tag","embeddable":true,"href":"https:\/\/grandepremio.com\/es\/wp-json\/wp\/v2\/tags?post=18833"},{"taxonomy":"42wp_author","embeddable":true,"href":"https:\/\/grandepremio.com\/es\/wp-json\/wp\/v2\/42wp_author?post=18833"}],"curies":[{"name":"wp","href":"https:\/\/api.w.org\/{rel}","templated":true}]}}