{"id":18852,"date":"2023-06-09T10:22:03","date_gmt":"2023-06-09T13:22:03","guid":{"rendered":"https:\/\/grandepremio.com\/es\/2023\/06\/09\/moto-gp-diseno-ducati-mugello\/"},"modified":"2023-06-09T10:27:57","modified_gmt":"2023-06-09T13:27:57","slug":"moto-gp-diseno-ducati-mugello","status":"publish","type":"post","link":"https:\/\/grandepremio.com\/es\/motogp\/moto-gp-diseno-ducati-mugello\/","title":{"rendered":"Pramac se inspira en la &#8216;Divina Comedia&#8217; y usa dise\u00f1o especial para el GP de Italia de MotoGP"},"content":{"rendered":"\n<p class=\"wp-block-paragraph\"><strong>Pramac<\/strong> ha promovido un choque cultural para el <strong>Gran Premio de Italia<\/strong> de <strong><a href=\"https:\/\/grandepremio.com\/es\/\/motogp\/\">MotoGP<\/a><\/strong>. El equipo de Paolo Campinoti present\u00f3 un dise\u00f1o especial para las motos de <strong>Jorge Mart\u00edn<\/strong> y <strong>Johann Zarco<\/strong>, inspirado en el libro &#8216;<strong>Divina Comedia<\/strong>&#8216; de Dante Alighieri, uno de los cl\u00e1sicos de la literatura italiana.<\/p>\n\n\n\n<p class=\"wp-block-paragraph\"><strong>\u00a1Conoce el canal de Grande Pr\u00eamio en Espa\u00f1ol en&nbsp;<\/strong><a href=\"https:\/\/www.youtube.com\/channel\/UCDxWojGVUi9gWYhrY0pGbIQ\" target=\"_blank\" rel=\"noreferrer noopener\"><strong>YouTube<\/strong><\/a><strong>!<\/strong><br><strong>\u00a1Sigue a Grande Pr\u00eamio en Espa\u00f1ol en&nbsp;<\/strong><a href=\"https:\/\/twitter.com\/grandepremioES\" target=\"_blank\" rel=\"noreferrer noopener\"><strong>Twitter&nbsp;<\/strong><\/a><strong>y en&nbsp;<\/strong><a href=\"https:\/\/www.instagram.com\/grandepremioes\/\" target=\"_blank\" rel=\"noreferrer noopener\"><strong>Instagram<\/strong><\/a><strong>!<\/strong><\/p>\n\n\n\n<p class=\"wp-block-paragraph\">&#8216;Divina Comedia&#8217; es un poema \u00e9pico dividido en tres partes: Infierno, Purgatorio y Para\u00edso. La decoraci\u00f3n especial de las <strong>Desmosedici<\/strong> hace referencia al infierno y al para\u00edso.<\/p>\n\n\n\n<figure class=\"wp-block-image size-large\"><img decoding=\"async\" src=\"https:\/\/www.grandepremio.com\/br\/wp-content\/uploads\/2023\/06\/MotoGP-2023-Italia-Mugello-Pramac-Jorge-Martin-1024x682.jpeg\" alt=\"\" class=\"wp-image-692835\"\/><figcaption class=\"wp-element-caption\">Jorge Mart\u00edn y el dise\u00f1o elegido para representar el infierno de la Divina Comedia (Foto: Reprodu\u00e7\u00e3o)<\/figcaption><\/figure>\n\n\n\n<p class=\"wp-block-paragraph\">En el lado derecho de la moto, decorado con llamas, se representa el infierno y lleva la inscripci\u00f3n &#8216;<em>Lasciate ogne speranza, vol ch&#8217;entrata<\/em>&#8216; (&#8216;Abandonad toda esperanza, vosotros que entr\u00e1is&#8217;, en portugu\u00e9s), uno de los pasajes del libro.<\/p>\n\n\n\n<p class=\"wp-block-paragraph\">En el lado izquierdo, que muestra nubes en un cielo azul, se puede leer &#8216;<em>L&#8217;amor che move il sole e l&#8217;altre stelle<\/em>&#8216; (&#8216;El amor que mueve el sol y las dem\u00e1s estrellas&#8217;, en traducci\u00f3n libre), la famosa frase que define a Dios en la obra.<\/p>\n\n\n\n<figure class=\"wp-block-image size-large\"><img decoding=\"async\" src=\"https:\/\/www.grandepremio.com\/br\/wp-content\/uploads\/2023\/06\/MotoGP-2023-Italia-Mugello-Pramac-Johann-Zarco-1024x682.jpeg\" alt=\"\" class=\"wp-image-692836\"\/><figcaption class=\"wp-element-caption\">Johann Zarco y el dise\u00f1o referido al para\u00edso (Foto: Divulga\u00e7\u00e3o)<\/figcaption><\/figure>\n\n\n\n<p class=\"wp-block-paragraph\">Pramac justific\u00f3 la elecci\u00f3n del dise\u00f1o de manera simple: &#8220;MotoGP puede ser el para\u00edso o el infierno&#8221;. El dise\u00f1o especial se utilizar\u00e1 solo en la carrera del domingo.<\/p>\n\n\n\n<p class=\"wp-block-paragraph\"><strong>GRANDE PR\u00caMIO EN ESPA\u00d1OL<\/strong> cubre las actividades en torno al <strong>GP de Italia<\/strong> de <strong>MotoGP<\/strong> en tiempo real.<\/p>\n","protected":false},"excerpt":{"rendered":"<p>Las motos de Johann Zarco y Jorge Mart\u00edn fueron decoradas especialmente para la carrera de Mugello con referencias al libro &#8216;Divina Comedia&#8217; de Dante Alighieri, un cl\u00e1sico de la literatura italiana.<\/p>\n","protected":false},"author":0,"featured_media":1010164432,"comment_status":"closed","ping_status":"closed","sticky":false,"template":"","format":"standard","meta":{"42wp_featured_image_caption":"","42wp_featured_image_credits":"","42wp_featured_video":"","42wp_featured_image_hidden":false,"42wp_authors_list":[],"footnotes":""},"categories":[8],"tags":[7622,673,7623,1404,1526,855,1293,2657,2308,341,1363,3152],"42wp_author":[14235],"class_list":["post-18852","post","type-post","status-publish","format-standard","has-post-thumbnail","hentry","category-motogp","tag-dante-alighieri","tag-gp-de-italia","tag-gp-de-italia-2023","tag-johann-zarco","tag-jorge-martin","tag-motociclismo","tag-motogp","tag-motogp-2023","tag-motogp-hoy","tag-mugello","tag-pramac","tag-pramac-ducati","42wp_author-barbara-mincioni"],"_links":{"self":[{"href":"https:\/\/grandepremio.com\/es\/wp-json\/wp\/v2\/posts\/18852","targetHints":{"allow":["GET"]}}],"collection":[{"href":"https:\/\/grandepremio.com\/es\/wp-json\/wp\/v2\/posts"}],"about":[{"href":"https:\/\/grandepremio.com\/es\/wp-json\/wp\/v2\/types\/post"}],"replies":[{"embeddable":true,"href":"https:\/\/grandepremio.com\/es\/wp-json\/wp\/v2\/comments?post=18852"}],"version-history":[{"count":0,"href":"https:\/\/grandepremio.com\/es\/wp-json\/wp\/v2\/posts\/18852\/revisions"}],"wp:featuredmedia":[{"embeddable":true,"href":"https:\/\/grandepremio.com\/es\/wp-json\/wp\/v2\/media\/1010164432"}],"wp:attachment":[{"href":"https:\/\/grandepremio.com\/es\/wp-json\/wp\/v2\/media?parent=18852"}],"wp:term":[{"taxonomy":"category","embeddable":true,"href":"https:\/\/grandepremio.com\/es\/wp-json\/wp\/v2\/categories?post=18852"},{"taxonomy":"post_tag","embeddable":true,"href":"https:\/\/grandepremio.com\/es\/wp-json\/wp\/v2\/tags?post=18852"},{"taxonomy":"42wp_author","embeddable":true,"href":"https:\/\/grandepremio.com\/es\/wp-json\/wp\/v2\/42wp_author?post=18852"}],"curies":[{"name":"wp","href":"https:\/\/api.w.org\/{rel}","templated":true}]}}