{"id":18864,"date":"2023-06-07T15:39:18","date_gmt":"2023-06-07T18:39:18","guid":{"rendered":"https:\/\/grandepremio.com\/es\/2023\/06\/07\/formula-1-schumacher-pirelli-mercedes\/"},"modified":"2023-06-07T15:39:25","modified_gmt":"2023-06-07T18:39:25","slug":"formula-1-schumacher-pirelli-mercedes","status":"publish","type":"post","link":"https:\/\/grandepremio.com\/es\/f1\/formula-1-schumacher-pirelli-mercedes\/","title":{"rendered":"Schumacher prueba neum\u00e1ticos en Barcelona a bordo del Mercedes W14"},"content":{"rendered":"\n<figure class=\"wp-block-video\"><video class=\"video-js vjs-big-play-centered\" data-gp-vjs=\"1\" controls src=\"https:\/\/www.grandepremio.com\/br\/wp-content\/uploads\/2023\/06\/Schumacher-com-Mercedes-em-Barcelona.mp4\"><\/video><figcaption class=\"wp-element-caption\">Mick Schumacher gir\u00f3 por primera vez a bordo del W14 de Mercedes en Barcelona (V\u00eddeo: Mercedes)<\/figcaption><\/figure>\n\n\n\n<p class=\"wp-block-paragraph\">Finalmente, <em>Mick Schumacher<\/em> volvi\u00f3 a conducir un coche de <strong>F\u00f3rmula 1<\/strong> en una pista de la categor\u00eda la ma\u00f1ana de este mi\u00e9rcoles en Barcelona. El piloto reserva de <strong>Mercedes<\/strong> tom\u00f3 el <strong>W14 <\/strong>para el segundo d\u00eda de pruebas de neum\u00e1ticos de <strong>Pirelli<\/strong>.<\/p>\n\n\n\n<p class=\"wp-block-paragraph\"><strong>\u00a1Conoce el canal de Grande Pr\u00eamio en Espa\u00f1ol en&nbsp;<a href=\"https:\/\/www.youtube.com\/channel\/UCDxWojGVUi9gWYhrY0pGbIQ\" target=\"_blank\" rel=\"noreferrer noopener\">YouTube<\/a>!<br>\u00a1Sigue a&nbsp;Grande Pr\u00eamio en Espa\u00f1ol&nbsp;en&nbsp;<a href=\"https:\/\/twitter.com\/grandepremioES\" target=\"_blank\" rel=\"noreferrer noopener\">Twitter&nbsp;<\/a>y en&nbsp;<a href=\"https:\/\/www.instagram.com\/grandepremioes\/\" target=\"_blank\" rel=\"noreferrer noopener\">Instagram<\/a>!<\/strong><\/p>\n\n\n\n<p class=\"wp-block-paragraph\">Las pruebas en cuesti\u00f3n est\u00e1n en curso por parte de Pirelli para <strong>evaluar neum\u00e1ticos que permitan prescindir de las mantas t\u00e9rmicas<\/strong>, que ser\u00e1n prohibidas a partir del pr\u00f3ximo a\u00f1o. Por lo tanto, es una prueba que apunta a la pr\u00f3xima temporada de <strong>F1<\/strong>, no a la actual.<\/p>\n\n\n\n<figure class=\"wp-block-image size-large\"><img decoding=\"async\" src=\"https:\/\/grandepremio.com\/es\/\/wp-content\/uploads\/2023\/06\/descarga-6-edited.jpg\" alt=\"\" class=\"wp-image-164009\"\/><figcaption class=\"wp-element-caption\">El objetivo del test era probar un nuevo compuesto para 2024 (Foto: Mercedes)<\/figcaption><\/figure>\n\n\n\n<p class=\"wp-block-paragraph\">La decisi\u00f3n de poner a Schumacher en la pista fue anunciada la semana pasada y se produce un d\u00eda despu\u00e9s de que <strong>George Russell <\/strong>condujera el W14. <strong>Schumacher es piloto de reserva y desarrollo de Mercedes<\/strong> y ha estado presente en todos los GP de este a\u00f1o hasta ahora como miembro del equipo.<\/p>\n\n\n\n<p class=\"wp-block-paragraph\">&#8220;De vuelta haciendo lo que ama&#8221;, anunci\u00f3 Mercedes en su perfil oficial de Twitter junto a la foto de Mick en la pista. Desde comienzo del a\u00f1o, el alem\u00e1n ha sido elogiado por el equipo. Incluso <strong>la semana pasada <a href=\"https:\/\/grandepremio.com\/es\/\/f1\/lewis-hamilton-elogia-mick-schumacher-espana-formula-1\/\">recibi\u00f3 cr\u00e9dito por la reciente mejora del equipo<\/a><\/strong>, que ahora cuenta con un &#8220;nuevo&#8221; W14 y logr\u00f3 subir al podio con sus dos pilotos titulares, <strong>Lewis Hamilton<\/strong> y Russell, en el <strong>Gran Premio de Espa\u00f1a<\/strong>.<\/p>\n\n\n\n<figure class=\"wp-block-embed is-type-video is-provider-youtube wp-block-embed-youtube wp-embed-aspect-16-9 wp-has-aspect-ratio\"><div class=\"wp-block-embed__wrapper\">\n<iframe loading=\"lazy\" title=\"HAMILTON Y SUS PR\u00d3XIMOS RETOS: LUCHA CON VERSTAPPEN... \u00bfY RUSSELL?\" width=\"500\" height=\"281\" src=\"https:\/\/www.youtube.com\/embed\/OODvstHopMI?feature=oembed\" frameborder=\"0\" allow=\"accelerometer; autoplay; clipboard-write; encrypted-media; gyroscope; picture-in-picture; web-share\" referrerpolicy=\"strict-origin-when-cross-origin\" allowfullscreen><\/iframe>\n<\/div><\/figure>\n\n\n\n<p class=\"wp-block-paragraph\">Schumacher no hab\u00eda conducido un <strong>F1 actual<\/strong> en la pista desde el <strong>GP de Abu Dhabi<\/strong> de la temporada pasada, cuando a\u00fan defend\u00eda a <strong>Haas<\/strong>. Estuvo dos a\u00f1os en el equipo estadounidense, pero fue rechazado en favor de <strong>Nico H\u00fclkenberg para 2023<\/strong>.<\/p>\n\n\n\n<p class=\"wp-block-paragraph\">La <strong>F\u00f3rmula 1<\/strong> regresar\u00e1 en dos semanas, del <strong>16 al 18 de junio<\/strong>, con el <strong>Gran Premio de Canad\u00e1<\/strong> en <strong>Montreal<\/strong>, la octava carrera de la temporada 2023. <strong>GRANDE PR\u00caMIO EN ESPA\u00d1OL <\/strong>brindar\u00e1 cobertura del evento durante todo el fin de semana.<\/p>\n","protected":false},"excerpt":{"rendered":"<p>Mick Schumacher volvi\u00f3 a las pistas  para participar en las pruebas de Pirelli y conducir el W14  de Mercedes por primera vez.<\/p>\n","protected":false},"author":0,"featured_media":1010164010,"comment_status":"closed","ping_status":"closed","sticky":false,"template":"","format":"standard","meta":{"42wp_featured_image_caption":"","42wp_featured_image_credits":"","42wp_featured_video":"","42wp_featured_image_hidden":false,"42wp_authors_list":[],"footnotes":""},"categories":[5],"tags":[5789,197,1236,4561,371,822,1584,4545,5801,2257,5810],"42wp_author":[14235],"class_list":["post-18864","post","type-post","status-publish","format-standard","has-post-thumbnail","hentry","category-f1","tag-f1-testing","tag-mercedes","tag-mercedes-f1","tag-mercedes-w14","tag-mick-schumacher","tag-schumacher","tag-schumacher-hoy","tag-schumacher-mercedes","tag-tests-de-f1","tag-tests-en-barcelona","tag-tests-f1-2023","42wp_author-barbara-mincioni"],"_links":{"self":[{"href":"https:\/\/grandepremio.com\/es\/wp-json\/wp\/v2\/posts\/18864","targetHints":{"allow":["GET"]}}],"collection":[{"href":"https:\/\/grandepremio.com\/es\/wp-json\/wp\/v2\/posts"}],"about":[{"href":"https:\/\/grandepremio.com\/es\/wp-json\/wp\/v2\/types\/post"}],"replies":[{"embeddable":true,"href":"https:\/\/grandepremio.com\/es\/wp-json\/wp\/v2\/comments?post=18864"}],"version-history":[{"count":0,"href":"https:\/\/grandepremio.com\/es\/wp-json\/wp\/v2\/posts\/18864\/revisions"}],"wp:featuredmedia":[{"embeddable":true,"href":"https:\/\/grandepremio.com\/es\/wp-json\/wp\/v2\/media\/1010164010"}],"wp:attachment":[{"href":"https:\/\/grandepremio.com\/es\/wp-json\/wp\/v2\/media?parent=18864"}],"wp:term":[{"taxonomy":"category","embeddable":true,"href":"https:\/\/grandepremio.com\/es\/wp-json\/wp\/v2\/categories?post=18864"},{"taxonomy":"post_tag","embeddable":true,"href":"https:\/\/grandepremio.com\/es\/wp-json\/wp\/v2\/tags?post=18864"},{"taxonomy":"42wp_author","embeddable":true,"href":"https:\/\/grandepremio.com\/es\/wp-json\/wp\/v2\/42wp_author?post=18864"}],"curies":[{"name":"wp","href":"https:\/\/api.w.org\/{rel}","templated":true}]}}