{"id":18875,"date":"2023-06-06T14:39:35","date_gmt":"2023-06-06T17:39:35","guid":{"rendered":"https:\/\/grandepremio.com\/es\/2023\/06\/06\/tcr-sudamericano-vuelve-dos-pilotos-interlagos\/"},"modified":"2023-06-06T14:45:58","modified_gmt":"2023-06-06T17:45:58","slug":"tcr-sudamericano-vuelve-dos-pilotos-interlagos","status":"publish","type":"post","link":"https:\/\/grandepremio.com\/es\/turismo\/tcr-sudamericano-vuelve-dos-pilotos-interlagos\/","title":{"rendered":"El TCR Sudamericano vuelve a pista para su segunda fecha de dos pilotos en Interlagos"},"content":{"rendered":"\n<p class=\"wp-block-paragraph\">El<strong> TCR Sudamericano<\/strong> desembarcar\u00e1 en el Aut\u00f3dromo Jos\u00e9 Carlos Pace de Interlagos<a href=\"https:\/\/grandepremio.com\/es\/\/turismo\/reis-barrio-gana-carrera-tcr-sudamericano-termas\/\" target=\"_blank\" rel=\"noreferrer noopener\"> tras un mes de parate<\/a> para su cuarta fecha del campeonato, y ser\u00e1 un evento que tendr\u00e1 con la participaci\u00f3n del TCR TCR Brasil, el Turismo Nacional de Brasil, el GT Series y la Fiat Competizione de Argentina como categor\u00edas de soporte.<\/p>\n\n\n\n<p class=\"wp-block-paragraph\">Por parte del TCR Sudamericano ser\u00e1 la tercera visita al Jos\u00e9 Carlos Pace de San Pablo en los tres a\u00f1os de historia de la categor\u00eda. El circuito de 4309 metros de distancia es uno de los m\u00edticos de la regi\u00f3n por su extensa historia en el automovilismo internacional. El a\u00f1o pasado, que tambi\u00e9n tuvo formato Endurance, el triunfo qued\u00f3 en manos del campe\u00f3n <strong>Fabricio Pezzini junto a Javier Merlo.<\/strong><\/p>\n\n\n\n<p class=\"wp-block-paragraph\">Dentro de las novedades m\u00e1s importantes ser\u00e1 la presencia de los brasile\u00f1os Bruno Baptista y Gaetano Di Mauro, como compa\u00f1eros de Adalberto Baptista y el uruguayo <strong>Juan Manuel Casella<\/strong>, respectivamente. Tambi\u00e9n ser\u00e1 el debut total en la categor\u00eda de los brasile\u00f1os Lucas Moreira Salles y Marcos Filho que compartir\u00e1n un Peugeot 308 del <strong>PMO Racing.<\/strong><\/p>\n\n\n\n<figure class=\"wp-block-image size-large\"><img decoding=\"async\" src=\"https:\/\/grandepremio.com\/es\/\/wp-content\/uploads\/2023\/06\/unnamed-5-1024x682.jpg\" alt=\"\" class=\"wp-image-163821\"\/><figcaption class=\"wp-element-caption\">Interlagos recibe por tercer a\u00f1o consecutivo al campeonato sudamericano de TCR. (Foto: TCR Sudamericano)<\/figcaption><\/figure>\n\n\n\n<p class=\"wp-block-paragraph\">En cuanto a los argentinos que participar\u00e1n de la segunda competencia de dos pilotos del TCR Sudamericano, Jorge Barrio repetir\u00e1 su presencia con el Cupra de Raphael Reis, ganadores de la ronda en Termas de R\u00edo Hondo, Franco Coscia acompa\u00f1ar\u00e1 a Fabio Casagrande con uno de los Honda de la Squadra Martino, y Lucas Colombo Russell volver\u00e1 a ser el compa\u00f1ero de Ignacio Montenegro, l\u00edder del campeonato.<\/p>\n\n\n\n<p class=\"wp-block-paragraph\">El PMO Motorsport alinear\u00e1 a Gonzalo Alterio en uno de los Lynk &amp; Co junto a Marcio Basso, Claudio y Leandro Rama estar\u00e1n en otro de los coches, y Mat\u00edas Signorelli se sumar\u00e1 nuevamente como compa\u00f1ero de Rafaelo Suzuki.<\/p>\n\n\n\n<p class=\"wp-block-paragraph\">Por su parte, el PMO Racing tendr\u00e1 a cuatro Peugeot 308 TCR, pero Facundo Marques no estar\u00e1 con Dami\u00e1n Fineschi, sino con Juan Pablo Bessone. La dupla de Diego Guti\u00e9rrez y Gustavo Fernigrini se mantendr\u00e1 como en la pasada fecha de abril. <\/p>\n\n\n\n<p class=\"wp-block-paragraph\"><strong>\u00a1Conoce el canal de Grande Pr\u00eamio en Espa\u00f1ol en&nbsp;<\/strong><a href=\"https:\/\/www.youtube.com\/channel\/UCDxWojGVUi9gWYhrY0pGbIQ\" target=\"_blank\" rel=\"noreferrer noopener\"><strong>YouTube<\/strong><\/a><strong>!<\/strong><br><strong>\u00a1Sigue a Grande Pr\u00eamio en Espa\u00f1ol en&nbsp;<\/strong><a href=\"https:\/\/twitter.com\/grandepremioES\" target=\"_blank\" rel=\"noreferrer noopener\"><strong>Twitter&nbsp;<\/strong><\/a><strong>y en&nbsp;<\/strong><a href=\"https:\/\/www.instagram.com\/grandepremioes\/\" target=\"_blank\" rel=\"noreferrer noopener\"><strong>Instagram<\/strong><\/a><strong>!<\/strong><\/p>\n\n\n\n<p class=\"wp-block-paragraph\">De momento, el Toyota Team Argentina seguir\u00e1 con las duplas de Llaver\/Iansa y Sapag\/Ciarrocchi y el Paladini Racing alinear\u00e1 a Luciano Farroni con Juan \u00c1ngel Rosso. Restar\u00e1 confirmar quien ser\u00e1 el segundo piloto en el coche de Fabi\u00e1n Yannantuoni.<\/p>\n\n\n\n<p class=\"wp-block-paragraph\">La fecha comenzar\u00e1 el viernes con el shakedown, continuar\u00e1 el s\u00e1bado con las pruebas libres y la clasificaci\u00f3n combinada y cerrar\u00e1 el domingo con la carrera Endurance que tendr\u00e1 una duraci\u00f3n de 60 minutos.<br><br><strong>INSCRIPTOS<\/strong><br><br><strong>W2 Pro GP \u2013 CUPRA<br><\/strong>#77 Raphael Reis (BRA) \u2013 Jorge Barrio (ARG)<br>#28 Galid Osman (BRA) \u2013 Felipe Lapenna (BRA)<br><br><strong>Cobra Racing Team \u2013 Toyota Corolla<br><\/strong>#70 Diego Nunes (BRA) \u2013 Thiago Vivacqua (BRA)<br>#10 Adalberto Baptista (BRA) \u2013 Bruno Baptista (BRA)*<br><br><strong>Squadra Martino \u2013 Honda Civic Type R<br><\/strong>#34 Fabio Casagrande (BRA) \u2013 Franco Coscia (ARG)*<br>#23 Ignacio Montenegro (ARG) \u2013 Lucas Colombo Russell (ARG)<br>#15 Enrique Maglione (URU) \u2013 Rodrigo Aramendia (URU)*<br>#60 Juan Manuel Casella (URU) \u2013 Gaetano Di Mauro (BRA)<br><br><strong>PMO Motorsport \u2013 Lynk &amp; Co &nbsp;03 TCR<br><\/strong>#21 Marcio Basso (BRA) \u2013 Gonzalo Alterio (ARG)*<br>#12 Claudio Rama (ARG) \u2013 Leandro Rama (ARG)*<br>#8 Rafael Suzuki (BRA) \u2013 Mat\u00edas Signorelli (ARG)<br>#24 Frederick Balbi (URU) \u2013 A\/C<br><br><strong>PMO Racing \u2013 Peugeot 308 GTI TCR<br><\/strong>#7 Juan Pablo Bessone (ARG) \u2013 Facundo Marques (ARG)<br>#55 Diego Gutierrez (ARG) \u2013 Gustavo Fernigrini (ARG)*<br>#72 Lucas Moreira Salles (BRA) \u2013 Marcos Filho (BRA)*<br>#37 Guilherme Reischl (BRA) \u2013 Guilherme T. Salas (BRA)*<br><br><strong>Toyota Team Argentina \u2013 Toyota Corolla<br><\/strong>#17 Bernardo Llaver (ARG) \u2013 Gast\u00f3n Iansa (ARG)<br>#33 Manuel Sapag (ARG) \u2013 Marcelo Ciarrocchi (ARG)<br><br><strong>Scuderia Chiarelli \u2013 Hyundai Elantra<br><\/strong>#43 Pedro Cardoso (BRA) \u2013 Mathias de Valle (BRA)<br><br><strong>Paladini Racing \u2013 Toyota Corolla<br><\/strong>#2 Juan \u00c1ngel Rosso (ARG) \u2013 Luciano Farroni (ARG)<br>#5 Fabi\u00e1n Yannantuoni (ARG) \u2013 A\/C<br><br><strong>*Copa Trophy<br><br>CRONOGRAMA<\/strong><br><br><strong>VIERNES \u2013 9\/6<br><\/strong>17:05 a 17:35 \u2013 Shakedown<br><br><strong>S\u00c1BADO \u2013 10\/6<br><\/strong>09:10 a 09:40 \u2013 Entrenamiento 1<br>11:35 a 12:05 \u2013 Entrenamiento 2<br>14:25 a 14:40 \u2013 Q1 Invitados<br>14:50 a 15:05 \u2013 Q2 Titulares<br><br><strong>DOMINGO \u2013 11\/6<br><\/strong>12:10 \u2013 Carrera Endurance (60 minutos)<\/p>\n","protected":false},"excerpt":{"rendered":"<p>La cuarta fecha del TCR Sudamericano ser\u00e1 la segunda y \u00faltima en formato Endurance de la temporada 2023, luego del evento en Termas de R\u00edo Hondo, y contar\u00e1 con 21 coches inscritos. <\/p>\n","protected":false},"author":0,"featured_media":1010163819,"comment_status":"closed","ping_status":"closed","sticky":false,"template":"","format":"standard","meta":{"42wp_featured_image_caption":"","42wp_featured_image_credits":"","42wp_featured_video":"","42wp_featured_image_hidden":false,"42wp_authors_list":[],"footnotes":""},"categories":[11],"tags":[1481,2450,6352,474,2451,2839,1320],"42wp_author":[14237],"class_list":["post-18875","post","type-post","status-publish","format-standard","has-post-thumbnail","hentry","category-turismo","tag-endurance","tag-fabricio-pezzini","tag-ignacio-montenegro","tag-interlagos","tag-raphael-reis","tag-tcr-south-america","tag-tcr-sudamericano","42wp_author-gabriel-garcia"],"_links":{"self":[{"href":"https:\/\/grandepremio.com\/es\/wp-json\/wp\/v2\/posts\/18875","targetHints":{"allow":["GET"]}}],"collection":[{"href":"https:\/\/grandepremio.com\/es\/wp-json\/wp\/v2\/posts"}],"about":[{"href":"https:\/\/grandepremio.com\/es\/wp-json\/wp\/v2\/types\/post"}],"replies":[{"embeddable":true,"href":"https:\/\/grandepremio.com\/es\/wp-json\/wp\/v2\/comments?post=18875"}],"version-history":[{"count":0,"href":"https:\/\/grandepremio.com\/es\/wp-json\/wp\/v2\/posts\/18875\/revisions"}],"wp:featuredmedia":[{"embeddable":true,"href":"https:\/\/grandepremio.com\/es\/wp-json\/wp\/v2\/media\/1010163819"}],"wp:attachment":[{"href":"https:\/\/grandepremio.com\/es\/wp-json\/wp\/v2\/media?parent=18875"}],"wp:term":[{"taxonomy":"category","embeddable":true,"href":"https:\/\/grandepremio.com\/es\/wp-json\/wp\/v2\/categories?post=18875"},{"taxonomy":"post_tag","embeddable":true,"href":"https:\/\/grandepremio.com\/es\/wp-json\/wp\/v2\/tags?post=18875"},{"taxonomy":"42wp_author","embeddable":true,"href":"https:\/\/grandepremio.com\/es\/wp-json\/wp\/v2\/42wp_author?post=18875"}],"curies":[{"name":"wp","href":"https:\/\/api.w.org\/{rel}","templated":true}]}}