{"id":18914,"date":"2023-06-03T16:31:19","date_gmt":"2023-06-03T19:31:19","guid":{"rendered":"https:\/\/grandepremio.com\/es\/2023\/06\/03\/formula-1-horner-clasificacion-perez-espana\/"},"modified":"2023-06-03T16:32:00","modified_gmt":"2023-06-03T19:32:00","slug":"formula-1-horner-clasificacion-perez-espana","status":"publish","type":"post","link":"https:\/\/grandepremio.com\/es\/f1\/formula-1-horner-clasificacion-perez-espana\/","title":{"rendered":"Red Bull busca explicaciones al rendimiento de P\u00e9rez en la clasificaci\u00f3n del GP de Espa\u00f1a"},"content":{"rendered":"\n<figure class=\"wp-block-embed is-type-video is-provider-youtube wp-block-embed-youtube wp-embed-aspect-16-9 wp-has-aspect-ratio\"><div class=\"wp-block-embed__wrapper\">\n<iframe loading=\"lazy\" title=\"VERSTAPPEN ARRASA, P\u00c9REZ SUFRE Y MERCEDES CHOCA EN QUALI DE ESPA\u00d1A\" width=\"500\" height=\"281\" src=\"https:\/\/www.youtube.com\/embed\/C3Z52OW4q-A?feature=oembed\" frameborder=\"0\" allow=\"accelerometer; autoplay; clipboard-write; encrypted-media; gyroscope; picture-in-picture; web-share\" referrerpolicy=\"strict-origin-when-cross-origin\" allowfullscreen><\/iframe>\n<\/div><\/figure>\n\n\n\n<p class=\"wp-block-paragraph\"><strong>Red Bull<\/strong> experiment\u00f3 realidades muy diferentes en la <a href=\"https:\/\/grandepremio.com\/es\/\/f1\/max-verstappen-pole-espana-formula-1\/\">clasificaci\u00f3n del <strong>Gran Premio de Espa\u00f1a<\/strong><\/a>, donde se celebra la s\u00e9ptima carrera de la temporada 2023 de <strong>F\u00f3rmula 1<\/strong>. <strong>Sergio P\u00e9rez <\/strong>se clasific\u00f3 en la und\u00e9cima posici\u00f3n y fue eliminado en la Q2 de la clasificaci\u00f3n. El piloto mexicano tuvo una sesi\u00f3n complicada, con errores y dificultades para adaptarse a los neum\u00e1ticos, mientras que M<strong>ax Verstappen domin\u00f3 y se asegur\u00f3 la pole position<\/strong> para la carrera espa\u00f1ola. La diferencia de rendimiento llam\u00f3 la atenci\u00f3n del equipo Red Bull, que no pudo explicar lo que realmente sucedi\u00f3 con el coche de P\u00e9rez.<\/p>\n\n\n\n<p class=\"wp-block-paragraph\"><strong>\u00a1Conoce el canal de Grande Pr\u00eamio en Espa\u00f1ol en\u00a0<\/strong><a href=\"https:\/\/www.youtube.com\/channel\/UCDxWojGVUi9gWYhrY0pGbIQ\" target=\"_blank\" rel=\"noreferrer noopener\"><strong>YouTube<\/strong><\/a><strong>!<\/strong><br><strong>\u00a1Sigue a Grande Pr\u00eamio en Espa\u00f1ol en\u00a0<\/strong><a href=\"https:\/\/twitter.com\/grandepremioES\" target=\"_blank\" rel=\"noreferrer noopener\"><strong>Twitter\u00a0<\/strong><\/a><strong>y en\u00a0<\/strong><a href=\"https:\/\/www.instagram.com\/grandepremioes\/\" target=\"_blank\" rel=\"noreferrer noopener\"><strong>Instagram<\/strong><\/a><strong>!<\/strong><\/p>\n\n\n\n<p class=\"wp-block-paragraph\">Aunque no fue tan desastroso como la clasificaci\u00f3n del<strong> Gran Premio de M\u00f3naco<\/strong> el fin de semana pasado, donde parti\u00f3 desde la 20\u00aa posici\u00f3n, P\u00e9rez tuvo dificultades en la Q1 antes de ser eliminado en la segunda parte de la clasificaci\u00f3n.<\/p>\n\n\n\n<p class=\"wp-block-paragraph\">Despu\u00e9s de terminar en el 15\u00ba lugar en la primera fase de la sesi\u00f3n, P\u00e9rez estaba a 0.8 segundos de Verstappen en su primera salida en la Q2, aunque su compa\u00f1ero de equipo ten\u00eda neum\u00e1ticos nuevos mientras que el mexicano usaba neum\u00e1ticos usados, lo cual result\u00f3 en un error en su segundo intento. Aun as\u00ed, P\u00e9rez logr\u00f3 recuperarse y registrar una vuelta r\u00e1pida mejorando su tiempo anterior, pero no fue suficiente para entrar en la Q3.<\/p>\n\n\n\n<figure class=\"wp-block-image size-large\"><img decoding=\"async\" src=\"https:\/\/www.grandepremio.com\/br\/wp-content\/uploads\/2023\/04\/Christian-Horner-01-1024x683.jpg\" alt=\"\" class=\"wp-image-667471\"\/><figcaption class=\"wp-element-caption\">Para Christian Horner, los neum\u00e1ticos son claves para la carrera en Barcelona (Foto: Red Bull Content Pool)<\/figcaption><\/figure>\n\n\n\n<p class=\"wp-block-paragraph\">&#8220;Creo que los neum\u00e1ticos son un factor crucial. Verificamos el <em>downforce<\/em> de ambos coches despu\u00e9s de la Q1 y estaban en niveles comparables, as\u00ed que no vimos ninguna pieza funcionando mal. Obviamente, realizaremos una inspecci\u00f3n m\u00e1s exhaustiva esta noche, pero creo que se trata de poner los neum\u00e1ticos en la ventana de funcionamiento correcta, porque sabemos que &#8216;Checo&#8217; no est\u00e1 muy lejos de Max. Simplemente no pudo hacer que el coche funcionara hoy&#8221;, revel\u00f3 Christian Horner, jefe de equipo de Red Bull, en una entrevista con Sky Sports.<\/p>\n\n\n\n<p class=\"wp-block-paragraph\">&#8220;<strong>Tuvimos una clasificaci\u00f3n dif\u00edcil y Checo se sali\u00f3 de pista<\/strong>, lo que hizo que los neum\u00e1ticos se enfriaran y \u00e9l intentara generar temperatura en ellos. Tuvo suerte de pasar de la Q1 a la Q2 a medida que la pista evolucionaba. El error que cometi\u00f3 en la segunda parte lo perjudic\u00f3 un poco y fue uno de esos d\u00edas complicados. Tiene mucho trabajo por hacer ma\u00f1ana&#8221;, analiz\u00f3 el jefe de Red Bull.<\/p>\n\n\n\n<p class=\"wp-block-paragraph\">La eliminaci\u00f3n de la chicana en la parte final del circuito de Barcelona deber\u00eda facilitar los adelantamientos en la carrera del domingo, pero Horner advierte que <strong>la clave estar\u00e1 en la degradaci\u00f3n de los neum\u00e1ticos Pirelli<\/strong>. &#8220;Creo que los cambios en la pista generar\u00e1n una carrera diferente. Ser\u00e1 fascinante ver qu\u00e9 neum\u00e1tico se elige para comenzar la carrera y qu\u00e9 estrategia se utilizar\u00e1. Y creo que el juego ma\u00f1ana estar\u00e1 en el desgaste de los neum\u00e1ticos, a menos que llueva, por supuesto&#8221;.<\/p>\n\n\n\n<p class=\"wp-block-paragraph\">A pesar del mal s\u00e1bado de P\u00e9rez, Horner confiaba en que el mexicano podr\u00eda recuperarse durante la carrera. &#8220;<strong>Tenemos que asegurarnos de que se concentre en la carrera. Los puntos se reparten el domingo.<\/strong> Obviamente, ser\u00e1 m\u00e1s dif\u00edcil partir desde esa posici\u00f3n en la parrilla, pero a\u00fan puede hacer una gran carrera, sabemos que es un gran piloto. Debe concentrarse y espero que podamos tener una buena estrategia y hacer buenos avances&#8221;, concluy\u00f3 el dirigente ingl\u00e9s.<\/p>\n\n\n\n<p class=\"wp-block-paragraph\">La\u00a0<strong><a href=\"https:\/\/grandepremio.com\/es\/\/f1\/ultimas-noticias\/\" target=\"_blank\" rel=\"noreferrer noopener\">F\u00f3rmula 1<\/a><\/strong>\u00a0correr\u00e1 ma\u00f1ana el <strong>GP de Espa\u00f1a <\/strong>desde las 10:00 (GMT-3) con la presencia in situ de<strong> Eric Calduch<\/strong> para <strong>GRANDE PR\u00caMIO EN ESPA\u00d1OL<\/strong>.<\/p>\n","protected":false},"excerpt":{"rendered":"<p>Christian Horner analiza si los dos RB19 estaban generando n\u00fameros de downforce similares mientras Sergio P\u00e9rez luchaba por igualar a Max Verstappen.<\/p>\n","protected":false},"author":0,"featured_media":1000690347,"comment_status":"closed","ping_status":"closed","sticky":false,"template":"","format":"standard","meta":{"42wp_featured_image_caption":"","42wp_featured_image_credits":"","42wp_featured_video":"","42wp_featured_image_hidden":false,"42wp_authors_list":[],"footnotes":""},"categories":[5],"tags":[2371,234,181,1676,2358,179,2534,2369,588,3696,1511],"42wp_author":[14235],"class_list":["post-18914","post","type-post","status-publish","format-standard","has-post-thumbnail","hentry","category-f1","tag-clasificacion-de-formula-1","tag-espana","tag-f1","tag-f1-2023","tag-f1-hoy","tag-formula-1","tag-formula-1-2023","tag-formula-1-hoy","tag-gp-de-espana","tag-grande-premio-f1","tag-red-bull-formula-1","42wp_author-barbara-mincioni"],"_links":{"self":[{"href":"https:\/\/grandepremio.com\/es\/wp-json\/wp\/v2\/posts\/18914","targetHints":{"allow":["GET"]}}],"collection":[{"href":"https:\/\/grandepremio.com\/es\/wp-json\/wp\/v2\/posts"}],"about":[{"href":"https:\/\/grandepremio.com\/es\/wp-json\/wp\/v2\/types\/post"}],"replies":[{"embeddable":true,"href":"https:\/\/grandepremio.com\/es\/wp-json\/wp\/v2\/comments?post=18914"}],"version-history":[{"count":0,"href":"https:\/\/grandepremio.com\/es\/wp-json\/wp\/v2\/posts\/18914\/revisions"}],"wp:featuredmedia":[{"embeddable":true,"href":"https:\/\/grandepremio.com\/es\/wp-json\/wp\/v2\/media\/1000690347"}],"wp:attachment":[{"href":"https:\/\/grandepremio.com\/es\/wp-json\/wp\/v2\/media?parent=18914"}],"wp:term":[{"taxonomy":"category","embeddable":true,"href":"https:\/\/grandepremio.com\/es\/wp-json\/wp\/v2\/categories?post=18914"},{"taxonomy":"post_tag","embeddable":true,"href":"https:\/\/grandepremio.com\/es\/wp-json\/wp\/v2\/tags?post=18914"},{"taxonomy":"42wp_author","embeddable":true,"href":"https:\/\/grandepremio.com\/es\/wp-json\/wp\/v2\/42wp_author?post=18914"}],"curies":[{"name":"wp","href":"https:\/\/api.w.org\/{rel}","templated":true}]}}