{"id":1893,"date":"2026-04-02T10:53:58","date_gmt":"2026-04-02T13:53:58","guid":{"rendered":"https:\/\/grandepremio.com\/es\/2026\/04\/02\/lance-stroll-debut-gt3-paul-ricard\/"},"modified":"2026-04-02T10:54:53","modified_gmt":"2026-04-02T13:54:53","slug":"lance-stroll-debut-gt3-paul-ricard","status":"publish","type":"post","link":"https:\/\/grandepremio.com\/es\/resistencia\/lance-stroll-debut-gt3-paul-ricard\/","title":{"rendered":"Stroll sigue los pasos de Verstappen y compite en GT3 en Paul Ricard"},"content":{"rendered":"\n<p class=\"wp-block-paragraph\"><strong>Lance Stroll <\/strong>disputar\u00e1 la prueba inaugural del<strong> GT World Challenge<\/strong> en el circuito <strong>Paul Ricard<\/strong>, los d\u00edas 11 y 12 de este mes. Su participaci\u00f3n tendr\u00e1 lugar durante el receso de la <strong>F\u00f3rmula 1<\/strong> provocado por la suspensi\u00f3n de los <strong>Grandes Premios de Bahr\u00e9in y Arabia Saudita. <\/strong>El canadiense debutar\u00e1 en la categor\u00eda <strong>GT3 <\/strong>al volante de un <strong>Aston Martin Vantage AMR <\/strong>del equipo <strong>Comtoyou Racing.<\/strong> <\/p>\n\n\n\n<p class=\"wp-block-paragraph\">Stroll ya hab\u00eda tenido experiencias fuera de la F\u00f3rmula 1 anteriormente. Corri\u00f3 las 24 Horas de Daytona en 2016 y 2018, compitiendo en las categor\u00edas DPi y LMP2. Ahora ampl\u00eda su repertorio al entrar en el universo de las carreras de GT3.<\/p>\n\n\n\n<p class=\"wp-block-paragraph\">En la prueba de Paul Ricard, Stroll compartir\u00e1 el coche con el ex piloto de F1 <strong>Roberto Merhi<\/strong> y el joven <strong>Mari Boya,<\/strong> que forma parte del programa de desarrollo de Aston Martin y que adem\u00e1s compite en la <strong>F\u00f3rmula 2.<\/strong><\/p>\n\n\n\n<p class=\"wp-block-paragraph\"><strong><em>\u00a1Todas las novedades te esperan en el canal de <a href=\"https:\/\/www.youtube.com\/@GrandePremioES\" target=\"_blank\" rel=\"noreferrer noopener\">YouTube<\/a> de Grande Pr\u00eamio en Espa\u00f1ol!<\/em><\/strong><\/p>\n\n\n\n<figure class=\"wp-block-image size-full\"><img decoding=\"async\" src=\"https:\/\/grandepremio.com\/cdn-cgi\/image\/width=893,height=558,fit=contain,gravity=0.5x0.5,quality=75,format=webp\/es\/wp-content\/uploads\/2026\/04\/image-2.png\" alt=\"\" class=\"wp-image-397371\"\/><\/figure>\n\n\n\n<p class=\"wp-block-paragraph\"><strong><em>\u00a1Seguinos en redes por <a href=\"https:\/\/twitter.com\/grandepremioES\" target=\"_blank\" rel=\"noreferrer noopener\">Twitter <\/a>e <a href=\"https:\/\/www.instagram.com\/grandepremioes\/\" target=\"_blank\" rel=\"noreferrer noopener\">Instagram!<\/a><\/em><\/strong><br><strong><em>Adem\u00e1s, tenemos nuestro <a href=\"https:\/\/whatsapp.com\/channel\/0029VaDZ5zb0gcfDxuwxBM05\" target=\"_blank\" rel=\"noreferrer noopener\">canal de Whatsapp<\/a> con toda la informaci\u00f3n al instante<\/em><\/strong><\/p>\n\n\n\n<p class=\"wp-block-paragraph\">En un comunicado oficial, Aston Martin destac\u00f3 el entusiasmo del piloto ante la oportunidad de competir en otra categor\u00eda.<\/p>\n\n\n\n<p class=\"wp-block-paragraph\">\u00abA Lance siempre le ha gustado correr en su forma m\u00e1s pura, independientemente de la categor\u00eda. Est\u00e1 entusiasmado por tener la oportunidad de competir durante el receso de la F\u00f3rmula 1 en una categor\u00eda diferente, pero muy competitiva\u00bb, afirm\u00f3 el equipo.<\/p>\n\n\n\n<p class=\"wp-block-paragraph\">Stroll sigue un camino similar al de <strong>Max Verstappen, <\/strong>quien tambi\u00e9n ha ampliado su participaci\u00f3n en competiciones de GT3 a lo largo de 2026. El cuatro veces campe\u00f3n del mundo gan\u00f3 la segunda prueba de la <strong>N\u00fcrburgring Langstrecken-Series (NLS),<\/strong> aunque el tr\u00edo que conform\u00f3 con <strong>Jules Gounon y Daniel Juncadella<\/strong> termin\u00f3 descalificado horas despu\u00e9s. La participaci\u00f3n del piloto de Red Bull en las 24 Horas de N\u00fcrburgring de este a\u00f1o est\u00e1 confirmada.<\/p>\n\n\n\n<p class=\"wp-block-paragraph\"><\/p>\n","protected":false},"excerpt":{"rendered":"<p>Siguiendo un camino similar a Max Verstappen, Lance Stroll participar\u00e1 esta temporada en competencias de resistencia, al confirmar su debut en el GT World Challenge.<\/p>\n","protected":false},"author":0,"featured_media":1010392264,"comment_status":"closed","ping_status":"closed","sticky":false,"template":"","format":"standard","meta":{"42wp_featured_image_caption":"","42wp_featured_image_credits":"","42wp_featured_video":"","42wp_featured_image_hidden":false,"42wp_authors_list":[],"footnotes":""},"categories":[19],"tags":[209,359,564],"42wp_author":[14223],"class_list":["post-1893","post","type-post","status-publish","format-standard","has-post-thumbnail","hentry","category-resistencia","tag-aston-martin","tag-lance-stroll","tag-resistencia","42wp_author-esteban-nieto"],"_links":{"self":[{"href":"https:\/\/grandepremio.com\/es\/wp-json\/wp\/v2\/posts\/1893","targetHints":{"allow":["GET"]}}],"collection":[{"href":"https:\/\/grandepremio.com\/es\/wp-json\/wp\/v2\/posts"}],"about":[{"href":"https:\/\/grandepremio.com\/es\/wp-json\/wp\/v2\/types\/post"}],"replies":[{"embeddable":true,"href":"https:\/\/grandepremio.com\/es\/wp-json\/wp\/v2\/comments?post=1893"}],"version-history":[{"count":0,"href":"https:\/\/grandepremio.com\/es\/wp-json\/wp\/v2\/posts\/1893\/revisions"}],"wp:featuredmedia":[{"embeddable":true,"href":"https:\/\/grandepremio.com\/es\/wp-json\/wp\/v2\/media\/1010392264"}],"wp:attachment":[{"href":"https:\/\/grandepremio.com\/es\/wp-json\/wp\/v2\/media?parent=1893"}],"wp:term":[{"taxonomy":"category","embeddable":true,"href":"https:\/\/grandepremio.com\/es\/wp-json\/wp\/v2\/categories?post=1893"},{"taxonomy":"post_tag","embeddable":true,"href":"https:\/\/grandepremio.com\/es\/wp-json\/wp\/v2\/tags?post=1893"},{"taxonomy":"42wp_author","embeddable":true,"href":"https:\/\/grandepremio.com\/es\/wp-json\/wp\/v2\/42wp_author?post=1893"}],"curies":[{"name":"wp","href":"https:\/\/api.w.org\/{rel}","templated":true}]}}