{"id":18933,"date":"2023-06-02T17:30:50","date_gmt":"2023-06-02T20:30:50","guid":{"rendered":"https:\/\/grandepremio.com\/es\/2023\/06\/02\/formula-1-barcelona-entrenamientos-perez-redbull\/"},"modified":"2023-06-02T17:31:36","modified_gmt":"2023-06-02T20:31:36","slug":"formula-1-barcelona-entrenamientos-perez-redbull","status":"publish","type":"post","link":"https:\/\/grandepremio.com\/es\/f1\/formula-1-barcelona-entrenamientos-perez-redbull\/","title":{"rendered":"P\u00e9rez saca &#8220;saldo positivo&#8221; del viernes y alerta sobre desgaste de neum\u00e1ticos en Espa\u00f1a"},"content":{"rendered":"\n<figure class=\"wp-block-embed is-type-video is-provider-youtube wp-block-embed-youtube wp-embed-aspect-16-9 wp-has-aspect-ratio\"><div class=\"wp-block-embed__wrapper\">\n<iframe loading=\"lazy\" title=\"\u00bfYA TERMIN\u00d3 LA F1 2023? RED BULL ABURRE, PERO NO POR SU CULPA\" width=\"500\" height=\"281\" src=\"https:\/\/www.youtube.com\/embed\/YqpWSi-IIq8?feature=oembed\" frameborder=\"0\" allow=\"accelerometer; autoplay; clipboard-write; encrypted-media; gyroscope; picture-in-picture; web-share\" referrerpolicy=\"strict-origin-when-cross-origin\" allowfullscreen><\/iframe>\n<\/div><\/figure>\n\n\n\n<p class=\"wp-block-paragraph\"><strong>Sergio P\u00e9rez<\/strong> se mostr\u00f3 satisfecho despu\u00e9s del primer d\u00eda de entrenamientos del <strong>Gran Premio de Espa\u00f1a<\/strong>. Aunque termin\u00f3 en cuarto lugar en el segundo entrenamiento libre, el piloto de <strong>Red Bull <\/strong>celebr\u00f3 el &#8220;buen d\u00eda&#8221;, habl\u00f3 sobre las actualizaciones del coche y afirm\u00f3 que el balance de los entrenamientos fue &#8220;muy positivo&#8221;.<\/p>\n\n\n\n<p class=\"wp-block-paragraph\">Sin embargo, las actividades en <strong>Catalu\u00f1a<\/strong> fueron dominadas por su compa\u00f1ero de equipo y actual bicampe\u00f3n del mundo, <strong>Max Verstappen<\/strong>. El piloto holand\u00e9s fue el m\u00e1s r\u00e1pido del d\u00eda, estableciendo una ventaja de aproximadamente 0.7s sobre P\u00e9rez en la primera sesi\u00f3n y 0.3s en la segunda.<\/p>\n\n\n\n<p class=\"wp-block-paragraph\">&#8220;Estamos probando de todo aqu\u00ed, ya que es la pista m\u00e1s representativa de toda la temporada&#8221;, explic\u00f3 P\u00e9rez despu\u00e9s de las sesiones. &#8220;Para el domingo, ser\u00e1 esencial que comprendamos bien el desgaste de los neum\u00e1ticos&#8221;, agreg\u00f3 el mexicano.<\/p>\n\n\n\n<figure class=\"wp-block-image size-full\"><img decoding=\"async\" src=\"https:\/\/www.grandepremio.com\/br\/wp-content\/uploads\/2023\/06\/f1-2023-monaco-treinos-livres-redbull-sergioperez-03-1.jpg\" alt=\"\" class=\"wp-image-161689\"\/><figcaption class=\"wp-element-caption\">&#8220;Checo&#8221; saca un saldo positivo del viernes en Espa\u00f1a (Foto: Red Bull Content Pool)<\/figcaption><\/figure>\n\n\n\n<p class=\"wp-block-paragraph\">&#8220;<strong>En general, el balance del d\u00eda es muy positivo<\/strong>&#8220;, continu\u00f3 el piloto del coche n\u00famero 11. &#8220;<strong>Fue un buen d\u00eda para nosotros, hemos obtenido mucha informaci\u00f3n<\/strong>&#8220;, concluy\u00f3.<\/p>\n\n\n\n<p class=\"wp-block-paragraph\"><strong>GRANDE PR\u00caMIO EN ESPA\u00d1OL<\/strong> sigue todas actividades de la<strong> F\u00f3rmula 1 <\/strong>en <strong>Espa\u00f1a <\/strong>este s\u00e1bado, con la tercera sesi\u00f3n de entrenamientos libres, programada para las 7:30. Mientras que la clasificaci\u00f3n comienza a partir de las 11:00 (hora de Brasilia, GMT-3). El corresponsal<strong> Eric Calduch<\/strong> cubre todo lo sucedido en la carrera de F1 in situ. <\/p>\n","protected":false},"excerpt":{"rendered":"<p>Sergio P\u00e9rez celebr\u00f3 un &#8220;buen d\u00eda&#8221; en Espa\u00f1a, afirm\u00f3 que Red Bull pudo obtener &#8220;bastante informaci\u00f3n&#8221;, pero dice que comprender el desgaste de los neum\u00e1ticos ser\u00e1 &#8220;esencial&#8221; para la carrera.<\/p>\n","protected":false},"author":0,"featured_media":1000689406,"comment_status":"closed","ping_status":"closed","sticky":false,"template":"","format":"standard","meta":{"42wp_featured_image_caption":"","42wp_featured_image_credits":"","42wp_featured_video":"","42wp_featured_image_hidden":false,"42wp_authors_list":[],"footnotes":""},"categories":[5],"tags":[4483,234,181,2358,179,2534,588,1488,2237,593,3475],"42wp_author":[14235],"class_list":["post-18933","post","type-post","status-publish","format-standard","has-post-thumbnail","hentry","category-f1","tag-checo-perez","tag-espana","tag-f1","tag-f1-hoy","tag-formula-1","tag-formula-1-2023","tag-gp-de-espana","tag-grande-premio","tag-grandepremio","tag-perez","tag-perez-victoria","42wp_author-barbara-mincioni"],"_links":{"self":[{"href":"https:\/\/grandepremio.com\/es\/wp-json\/wp\/v2\/posts\/18933","targetHints":{"allow":["GET"]}}],"collection":[{"href":"https:\/\/grandepremio.com\/es\/wp-json\/wp\/v2\/posts"}],"about":[{"href":"https:\/\/grandepremio.com\/es\/wp-json\/wp\/v2\/types\/post"}],"replies":[{"embeddable":true,"href":"https:\/\/grandepremio.com\/es\/wp-json\/wp\/v2\/comments?post=18933"}],"version-history":[{"count":0,"href":"https:\/\/grandepremio.com\/es\/wp-json\/wp\/v2\/posts\/18933\/revisions"}],"wp:featuredmedia":[{"embeddable":true,"href":"https:\/\/grandepremio.com\/es\/wp-json\/wp\/v2\/media\/1000689406"}],"wp:attachment":[{"href":"https:\/\/grandepremio.com\/es\/wp-json\/wp\/v2\/media?parent=18933"}],"wp:term":[{"taxonomy":"category","embeddable":true,"href":"https:\/\/grandepremio.com\/es\/wp-json\/wp\/v2\/categories?post=18933"},{"taxonomy":"post_tag","embeddable":true,"href":"https:\/\/grandepremio.com\/es\/wp-json\/wp\/v2\/tags?post=18933"},{"taxonomy":"42wp_author","embeddable":true,"href":"https:\/\/grandepremio.com\/es\/wp-json\/wp\/v2\/42wp_author?post=18933"}],"curies":[{"name":"wp","href":"https:\/\/api.w.org\/{rel}","templated":true}]}}