{"id":18963,"date":"2023-06-01T10:54:13","date_gmt":"2023-06-01T13:54:13","guid":{"rendered":"https:\/\/grandepremio.com\/es\/2023\/06\/01\/oliveira-duda-regreso-italia\/"},"modified":"2023-06-01T10:54:18","modified_gmt":"2023-06-01T13:54:18","slug":"oliveira-duda-regreso-italia","status":"publish","type":"post","link":"https:\/\/grandepremio.com\/es\/motogp\/oliveira-duda-regreso-italia\/","title":{"rendered":"Oliveira sigue en duda para su regreso en el GP de Italia: &#8220;No se si podr\u00e9 volver&#8221;"},"content":{"rendered":"\n<p class=\"wp-block-paragraph\"><strong>Miguel Oliveira<\/strong> ha admitido que no sabe si podr\u00e1 competir en el<strong> GP de Italia<\/strong> de MotoGP de la pr\u00f3xima semana. El portugu\u00e9s, <a href=\"https:\/\/grandepremio.com\/es\/\/motogp\/oliveira-retira-francia-lesion-accidente-quartararo\/\" target=\"_blank\" rel=\"noreferrer noopener\">que se recupera de una fractura en el brazo izquierdo<\/a>, declar\u00f3 que s\u00f3lo quiere volver cuando est\u00e9 al 100% f\u00edsicamente.<\/p>\n\n\n\n<p class=\"wp-block-paragraph\">El piloto titular del RNF no ha tenido un comienzo f\u00e1cil de la temporada 2023. Miguel ya se perdi\u00f3 los GP de Argentina y Francia, en ambos casos porque fue derribado por rivales y se lesion\u00f3.<\/p>\n\n\n\n<p class=\"wp-block-paragraph\">L<a href=\"https:\/\/grandepremio.com\/es\/\/motogp\/oliveira-lesion-marc-marquez-portugal\/\" target=\"_blank\" rel=\"noreferrer noopener\">a primera lesi\u00f3n se produjo tras ser derribado por Marc M\u00e1rquez en el GP de Portugal<\/a>. En aquella ocasi\u00f3n Miguel se lesion\u00f3 la pierna derecha y tuvo que quedarse sin correr, al no poder colocarse en la posici\u00f3n necesaria para subirse a la moto.<\/p>\n\n\n\n<figure class=\"wp-block-image size-large\"><img decoding=\"async\" src=\"https:\/\/www.grandepremio.com\/br\/wp-content\/uploads\/2023\/04\/Oliveira-1024x575.jpg\" alt=\"\" class=\"wp-image-671859\"\/><figcaption class=\"wp-element-caption\">Miguel Oliveira afronta una temporada de muy mala suerte (Foto: MotoGP)<\/figcaption><\/figure>\n\n\n\n<p class=\"wp-block-paragraph\">Aun adapt\u00e1ndose a la<strong> Aprilia<\/strong>, <strong>Oliveira volvi\u00f3 a lesionarse en el GP de Espa\u00f1a,<\/strong> cuando fue derribado por Fabio Quartararo. Inicialmente, al padre de la peque\u00f1a Alice se le diagnostic\u00f3 una luxaci\u00f3n de hombro, pero pruebas m\u00e1s detalladas mostraron una peque\u00f1a fractura en el h\u00famero.<\/p>\n\n\n\n<p class=\"wp-block-paragraph\">Durante su participaci\u00f3n en el &#8220;Aprilia All Stars&#8221;, un evento celebrado por la f\u00e1brica de Noale en Misano y que recaud\u00f3 m\u00e1s 200 mil d\u00f3lares para ayudar a los afectados por la emergencia climatol\u00f3gica en el norte de Italia, Oliveira asumi\u00f3 que a\u00fan no sabe si podr\u00e1 volver a MotoGP para el GP de Italia.<\/p>\n\n\n\n<p class=\"wp-block-paragraph\">Cabe recordar que las inundaciones en la zona de la Emilia-Roma\u00f1a debieron forzar la cancelaci\u00f3n del evento que la F\u00f3rmula 1 ten\u00eda previsto para disputar hace dos semanas.<\/p>\n\n\n\n<p class=\"wp-block-paragraph\">Por otro lado, <strong>el portugu\u00e9s complet\u00f3 algunas vueltas con su RS-GP en el circuito adri\u00e1tico<\/strong> durante el evento, pero admiti\u00f3 que no se sent\u00eda c\u00f3modo. Aun as\u00ed, la decisi\u00f3n sobre si ir\u00e1 a Mugello no se tomar\u00e1 hasta la pr\u00f3xima semana.<\/p>\n\n\n\n<p class=\"wp-block-paragraph\">&#8220;No es f\u00e1cil recuperar el hombro, pero estamos haciendo todo lo posible con la fisioterapia para que vuelva a estar en un buen lugar de rendimiento&#8221;, dijo Oliveira a la p\u00e1gina web de MotoGP. &#8220;Hoy he dado algunas vueltas con la MotoGP para los aficionados, sin forzar, <strong>pero todav\u00eda me sent\u00eda muy inc\u00f3modo con la moto<\/strong>&#8220;, ha relatado.<\/p>\n\n\n\n<p class=\"wp-block-paragraph\">&#8220;<strong>No s\u00e9 si podr\u00e9 volver en Mugello<\/strong>, pero quiero esperar hasta la semana del GP para decidir si puedo correr o no&#8221;, explic\u00f3.<\/p>\n\n\n\n<p class=\"wp-block-paragraph\"><strong>\u00a1Conoce el canal de Grande Pr\u00eamio en Espa\u00f1ol en&nbsp;<\/strong><a href=\"https:\/\/www.youtube.com\/channel\/UCDxWojGVUi9gWYhrY0pGbIQ\" target=\"_blank\" rel=\"noreferrer noopener\"><strong>YouTube<\/strong><\/a><strong>!<\/strong><br><strong>\u00a1Sigue a Grande Pr\u00eamio en Espa\u00f1ol en&nbsp;<\/strong><a href=\"https:\/\/twitter.com\/grandepremioES\" target=\"_blank\" rel=\"noreferrer noopener\"><strong>Twitter&nbsp;<\/strong><\/a><strong>y en&nbsp;<\/strong><a href=\"https:\/\/www.instagram.com\/grandepremioes\/\" target=\"_blank\" rel=\"noreferrer noopener\"><strong>Instagram<\/strong><\/a><strong>!<\/strong><\/p>\n\n\n\n<p class=\"wp-block-paragraph\">Adem\u00e1s, Oliveira reconoci\u00f3 que quiere volver totalmente recuperado de las lesiones: &#8220;<strong>Quiero volver al 100% y ser competitivo<\/strong>. Este es el objetivo principal&#8221;, anunci\u00f3. &#8220;S\u00e9 que ser\u00e1 dif\u00edcil, ya que con cada carrera que pierdes, [pierdes] ritmo, y por eso tienes que volver de una manera segura&#8221;, continu\u00f3.<\/p>\n\n\n\n<p class=\"wp-block-paragraph\">&#8220;No se puede pensar en ninguna lesi\u00f3n. Ese ser\u00e1 el objetivo. El enfoque se basar\u00e1 en c\u00f3mo me sienta con mi cuerpo&#8221;, concluy\u00f3.<\/p>\n\n\n\n<p class=\"wp-block-paragraph\">El equipo RNF y Aprilia deber\u00e1n tomar una decisi\u00f3n antes de la revisi\u00f3n oficial que la categor\u00eda reina de las dos ruedas deber\u00eda realizar a Miguel el d\u00eda jueves previo al Gran Premio.<\/p>\n\n\n\n<p class=\"wp-block-paragraph\"><strong><a href=\"https:\/\/grandepremio.com\/es\/\/motogp\/ultimas-noticias\/\" target=\"_blank\" rel=\"noreferrer noopener\">MotoGP<\/a><\/strong> volver\u00e1 tras un parate de tres semanas con el GP de Italia en el circuito de Mugello, entre el 9 y el 11 de junio.<\/p>\n","protected":false},"excerpt":{"rendered":"<p>Recuper\u00e1ndose de una peque\u00f1a fractura en el brazo izquierdo, Miguel Oliveira asumi\u00f3 que no sabe si podr\u00e1 estar en pista en el GP de Italia de la pr\u00f3xima semana, que tiene que disputarse en el circuito de Mugello. <\/p>\n","protected":false},"author":0,"featured_media":1000670945,"comment_status":"closed","ping_status":"closed","sticky":false,"template":"","format":"standard","meta":{"42wp_featured_image_caption":"","42wp_featured_image_credits":"","42wp_featured_video":"","42wp_featured_image_hidden":false,"42wp_authors_list":[],"footnotes":""},"categories":[8],"tags":[1394,673,1403,1293,5502],"42wp_author":[14237],"class_list":["post-18963","post","type-post","status-publish","format-standard","has-post-thumbnail","hentry","category-motogp","tag-aprilia","tag-gp-de-italia","tag-miguel-oliveira","tag-motogp","tag-rnf-aprilia","42wp_author-gabriel-garcia"],"_links":{"self":[{"href":"https:\/\/grandepremio.com\/es\/wp-json\/wp\/v2\/posts\/18963","targetHints":{"allow":["GET"]}}],"collection":[{"href":"https:\/\/grandepremio.com\/es\/wp-json\/wp\/v2\/posts"}],"about":[{"href":"https:\/\/grandepremio.com\/es\/wp-json\/wp\/v2\/types\/post"}],"replies":[{"embeddable":true,"href":"https:\/\/grandepremio.com\/es\/wp-json\/wp\/v2\/comments?post=18963"}],"version-history":[{"count":0,"href":"https:\/\/grandepremio.com\/es\/wp-json\/wp\/v2\/posts\/18963\/revisions"}],"wp:featuredmedia":[{"embeddable":true,"href":"https:\/\/grandepremio.com\/es\/wp-json\/wp\/v2\/media\/1000670945"}],"wp:attachment":[{"href":"https:\/\/grandepremio.com\/es\/wp-json\/wp\/v2\/media?parent=18963"}],"wp:term":[{"taxonomy":"category","embeddable":true,"href":"https:\/\/grandepremio.com\/es\/wp-json\/wp\/v2\/categories?post=18963"},{"taxonomy":"post_tag","embeddable":true,"href":"https:\/\/grandepremio.com\/es\/wp-json\/wp\/v2\/tags?post=18963"},{"taxonomy":"42wp_author","embeddable":true,"href":"https:\/\/grandepremio.com\/es\/wp-json\/wp\/v2\/42wp_author?post=18963"}],"curies":[{"name":"wp","href":"https:\/\/api.w.org\/{rel}","templated":true}]}}