{"id":18969,"date":"2023-05-31T12:18:54","date_gmt":"2023-05-31T15:18:54","guid":{"rendered":"https:\/\/grandepremio.com\/es\/2023\/05\/31\/formula-1-mercedes-red-bull-gastos\/"},"modified":"2023-05-31T12:18:58","modified_gmt":"2023-05-31T15:18:58","slug":"formula-1-mercedes-red-bull-gastos","status":"publish","type":"post","link":"https:\/\/grandepremio.com\/es\/f1\/formula-1-mercedes-red-bull-gastos\/","title":{"rendered":"Red Bull sostiene que Mercedes &#8220;comprometi\u00f3 el l\u00edmite de gastos&#8221; con su nuevo W14"},"content":{"rendered":"\n<figure class=\"wp-block-embed is-type-video is-provider-youtube wp-block-embed-youtube wp-embed-aspect-16-9 wp-has-aspect-ratio\"><div class=\"wp-block-embed__wrapper\">\n<iframe loading=\"lazy\" title=\"LOS 5 PUNTOS DESTACADOS DEL GP DE M\u00d3NACO DE LA F\u00d3RMULA 1\" width=\"500\" height=\"281\" src=\"https:\/\/www.youtube.com\/embed\/fYzkGP8osEw?feature=oembed\" frameborder=\"0\" allow=\"accelerometer; autoplay; clipboard-write; encrypted-media; gyroscope; picture-in-picture; web-share\" referrerpolicy=\"strict-origin-when-cross-origin\" allowfullscreen><\/iframe>\n<\/div><\/figure>\n\n\n\n<p class=\"wp-block-paragraph\"><strong>Mercedes<\/strong> finalmente present\u00f3 las tan prometidas <a href=\"https:\/\/grandepremio.com\/es\/\/f1\/mercedes-lleva-ansiadas-mejoras-w14-monaco\/\">actualizaciones para el <strong>W14<\/strong><\/a><strong> <\/strong>en el <strong>Gran Premio de M\u00f3naco<\/strong> que tuvo lugar el \u00faltimo fin de semana, y naturalmente atrajo la mayor atenci\u00f3n hacia su coche. Sin embargo, hay una persona que a\u00fan no ha analizado las mejoras hechas por las Flechas de Plata: <strong>Christian Horner<\/strong>, de <strong>Red Bull<\/strong>. Aun as\u00ed, lanz\u00f3 una pulla.<\/p>\n\n\n\n<p class=\"wp-block-paragraph\"><strong>\u00a1Conoce el canal de Grande Pr\u00eamio en Espa\u00f1ol en\u00a0<\/strong><a href=\"https:\/\/www.youtube.com\/channel\/UCDxWojGVUi9gWYhrY0pGbIQ\" target=\"_blank\" rel=\"noreferrer noopener\"><strong>YouTube<\/strong><\/a><strong>!<\/strong><br><strong>\u00a1Sigue a Grande Pr\u00eamio en Espa\u00f1ol en\u00a0<\/strong><a href=\"https:\/\/twitter.com\/grandepremioES\" target=\"_blank\" rel=\"noreferrer noopener\"><strong>Twitter\u00a0<\/strong><\/a><strong>y en\u00a0<\/strong><a href=\"https:\/\/www.instagram.com\/grandepremioes\/\" target=\"_blank\" rel=\"noreferrer noopener\"><strong>Instagram<\/strong><\/a><strong>!<\/strong><\/p>\n\n\n\n<p class=\"wp-block-paragraph\">Seg\u00fan el brit\u00e1nico basta con echar un vistazo para darse cuenta de que los coches son diferentes. Sin embargo, <strong>Horner destac\u00f3 que los cambios visuales no siempre se traducen en una ganancia significativa de velocidad<\/strong>.<\/p>\n\n\n\n<p class=\"wp-block-paragraph\">&#8220;No he examinado a fondo las actualizaciones&#8221;, admiti\u00f3 Horner. &#8220;Virtualmente, son diferentes. Pero a veces, las cosas visuales tienen un impacto peque\u00f1o en el rendimiento&#8221;, afirm\u00f3 el jefe del equipo austr\u00edaco.<\/p>\n\n\n\n<figure class=\"wp-block-image size-large\"><img decoding=\"async\" src=\"https:\/\/www.grandepremio.com\/br\/wp-content\/uploads\/2023\/05\/f1-2023-monaco-treinos-livres-mercedes-lewishamilton-01-3-1024x683.jpg\" alt=\"\" class=\"wp-image-686787\"\/><figcaption class=\"wp-element-caption\">El nuevo coche estaba programado para debutar en Emilia-Roma\u00f1a, pero la etapa fue cancelada (Foto: Mercedes)<\/figcaption><\/figure>\n\n\n\n<p class=\"wp-block-paragraph\">Adem\u00e1s de abordar los cambios en el coche rival, <strong>Horner se asegur\u00f3 de se\u00f1alar el gasto realizado por Mercedes en la creaci\u00f3n de un concepto diferente<\/strong>. Seg\u00fan \u00e9l, el equipo de <strong>Toto Wolff <\/strong>comprometi\u00f3 una buena parte del l\u00edmite de gastos con las actualizaciones.<\/p>\n\n\n\n<p class=\"wp-block-paragraph\">&#8220;Normalmente, el mayor impacto proviene de lo que est\u00e1 debajo o de los detalles finales&#8221;, destac\u00f3 Horner. &#8220;As\u00ed que <strong>ellos comprometieron una parte significativa de su l\u00edmite de gastos para esto<\/strong>. Ver c\u00f3mo se aplica depende de cada equipo&#8221;, concluy\u00f3.<\/p>\n\n\n\n<p class=\"wp-block-paragraph\">Cabe destacar que el a\u00f1o pasado, Wolff era uno de los jefes de equipo m\u00e1s vocales sobre la violaci\u00f3n del l\u00edmite de gastos cometida por Red Bull en 2021.<strong> Por la infracci\u00f3n,<a href=\"https:\/\/grandepremio.com\/es\/\/f1\/red-bull-minimiza-perdida-tiempo-tunel-vento-motivacion\/\"> los taurinos perdieron el 10% del tiempo en el t\u00fanel de viento<\/a> para 2023<\/strong> y fueron multados con 37 millones de reales.<\/p>\n\n\n\n<p class=\"wp-block-paragraph\">La pr\u00f3xima etapa de la<strong> F\u00f3rmula 1<\/strong> se llevar\u00e1 a cabo el pr\u00f3ximo fin de semana, con el <strong>Gran Premio de Espa\u00f1a<\/strong> programado de<strong>l 2 al 4 de junio<\/strong>. <strong>GRANDE PR\u00caMIO EN ESPA\u00d1OL  <\/strong>brindar\u00e1 cobertura completa del evento.<\/p>\n\n\n\n<p class=\"wp-block-paragraph\"><\/p>\n","protected":false},"excerpt":{"rendered":"<p>Christian Horner, jefe de Red Bull, minimiz\u00f3 el impacto de las actualizaciones realizadas por Mercedes en el W14 y destac\u00f3 los gastos del equipo alem\u00e1n en el cambio de concepto.<\/p>\n","protected":false},"author":0,"featured_media":1000686859,"comment_status":"closed","ping_status":"closed","sticky":false,"template":"","format":"standard","meta":{"42wp_featured_image_caption":"","42wp_featured_image_credits":"","42wp_featured_video":"","42wp_featured_image_hidden":false,"42wp_authors_list":[],"footnotes":""},"categories":[5],"tags":[1238,1236,4561,206,1511,3270],"42wp_author":[14235],"class_list":["post-18969","post","type-post","status-publish","format-standard","has-post-thumbnail","hentry","category-f1","tag-mercedes-amg","tag-mercedes-f1","tag-mercedes-w14","tag-red-bull","tag-red-bull-formula-1","tag-w14","42wp_author-barbara-mincioni"],"_links":{"self":[{"href":"https:\/\/grandepremio.com\/es\/wp-json\/wp\/v2\/posts\/18969","targetHints":{"allow":["GET"]}}],"collection":[{"href":"https:\/\/grandepremio.com\/es\/wp-json\/wp\/v2\/posts"}],"about":[{"href":"https:\/\/grandepremio.com\/es\/wp-json\/wp\/v2\/types\/post"}],"replies":[{"embeddable":true,"href":"https:\/\/grandepremio.com\/es\/wp-json\/wp\/v2\/comments?post=18969"}],"version-history":[{"count":0,"href":"https:\/\/grandepremio.com\/es\/wp-json\/wp\/v2\/posts\/18969\/revisions"}],"wp:featuredmedia":[{"embeddable":true,"href":"https:\/\/grandepremio.com\/es\/wp-json\/wp\/v2\/media\/1000686859"}],"wp:attachment":[{"href":"https:\/\/grandepremio.com\/es\/wp-json\/wp\/v2\/media?parent=18969"}],"wp:term":[{"taxonomy":"category","embeddable":true,"href":"https:\/\/grandepremio.com\/es\/wp-json\/wp\/v2\/categories?post=18969"},{"taxonomy":"post_tag","embeddable":true,"href":"https:\/\/grandepremio.com\/es\/wp-json\/wp\/v2\/tags?post=18969"},{"taxonomy":"42wp_author","embeddable":true,"href":"https:\/\/grandepremio.com\/es\/wp-json\/wp\/v2\/42wp_author?post=18969"}],"curies":[{"name":"wp","href":"https:\/\/api.w.org\/{rel}","templated":true}]}}