{"id":18976,"date":"2023-05-30T13:55:13","date_gmt":"2023-05-30T16:55:13","guid":{"rendered":"https:\/\/grandepremio.com\/es\/2023\/05\/30\/mclaren-rob-marshall-red-bull-formula-1\/"},"modified":"2023-05-30T13:55:17","modified_gmt":"2023-05-30T16:55:17","slug":"mclaren-rob-marshall-red-bull-formula-1","status":"publish","type":"post","link":"https:\/\/grandepremio.com\/es\/f1\/mclaren-rob-marshall-red-bull-formula-1\/","title":{"rendered":"McLaren anuncia a Rob Marshall como nuevo director t\u00e9cnico y deja Red Bull en la F1"},"content":{"rendered":"\n<p class=\"wp-block-paragraph\">McLaren aprovech\u00f3 la tarde del martes para hacer un anuncio sorpresa: la contrataci\u00f3n de <strong>Rob Marshall,<\/strong> actual director de ingenier\u00eda de <strong>Red Bull,<\/strong> para ocupar el puesto de director t\u00e9cnico, ingenier\u00eda y proyectos en la <strong>F\u00f3rmula 1<\/strong> a partir de 2024.<\/p>\n\n\n\n<p class=\"wp-block-paragraph\">El anuncio de la fecha es importante porque muestra el acuerdo entre los equipos y no deja dudas sobre el per\u00edodo de gracia que Marshall tendr\u00e1 que esperar para ocupar la vacante en el equipo, que ya est\u00e1 fijado: ser\u00e1 el 1 de enero de 2024.<\/p>\n\n\n\n<p class=\"wp-block-paragraph\">Seg\u00fan la escuder\u00eda, Marshall, que obtiene un ascenso desde su puesto en Red Bull, trabajar\u00e1 con Neil Houdley como su mano derecha, en calidad de subdirector t\u00e9cnico, de ingenier\u00eda y proyectos. &#8220;Los dos colaborar\u00e1n para acceder y establecer los m\u00e1s altos est\u00e1ndares t\u00e9cnicos&#8221;, dijo.<\/p>\n\n\n\n<p class=\"wp-block-paragraph\">Adem\u00e1s, Marshall ser\u00e1 uno de los cuatro ejecutivos t\u00e9cnicos junto al director del equipo,<strong> Andrea Stella, y Peter Prodromou (otro ex Red Bull) y <a href=\"https:\/\/grandepremio.com\/es\/\/f1\/mclaren-reestruturaccion-james-key-david-sanchez\/\" target=\"_blank\" rel=\"noreferrer noopener\">David S\u00e1nchez (ex Ferrari). <\/a><\/strong><\/p>\n\n\n\n<p class=\"wp-block-paragraph\"><strong>\u00a1Conoce el canal de Grande Pr\u00eamio en Espa\u00f1ol en\u00a0<\/strong><a href=\"https:\/\/www.youtube.com\/channel\/UCDxWojGVUi9gWYhrY0pGbIQ\" target=\"_blank\" rel=\"noreferrer noopener\"><strong>YouTube<\/strong><\/a><strong>!<\/strong><br><strong>\u00a1Sigue a Grande Pr\u00eamio en Espa\u00f1ol en\u00a0<\/strong><a href=\"https:\/\/twitter.com\/grandepremioES\" target=\"_blank\" rel=\"noreferrer noopener\"><strong>Twitter\u00a0<\/strong><\/a><strong>y en\u00a0<\/strong><a href=\"https:\/\/www.instagram.com\/grandepremioes\/\" target=\"_blank\" rel=\"noreferrer noopener\"><strong>Instagram<\/strong><\/a><strong>!<\/strong><\/p>\n\n\n\n<figure class=\"wp-block-image size-large\"><img decoding=\"async\" src=\"https:\/\/www.grandepremio.com\/br\/wp-content\/uploads\/2023\/05\/000_33E283B-1024x683.jpg\" alt=\"\" class=\"wp-image-678446\"\/><figcaption class=\"wp-element-caption\">Andrea Stella contin\u00faa trayendo puestos clave en la parte t\u00e9cnica de McLaren (Foto: Maxim Shemetov \/ AFP)<\/figcaption><\/figure>\n\n\n\n<p class=\"wp-block-paragraph\">&#8220;Estoy incre\u00edblemente contento de que Rob venga a<strong> McLaren<\/strong>. Con m\u00e1s de 25 a\u00f1os en el automovilismo, Rob llega con una monta\u00f1a de conocimientos y experiencia, elevada por su tiempo y trayectoria en Red Bull. Es un paso clave y un ajuste natural en el viaje de vuelta a la victoria&#8221;, se\u00f1al\u00f3 Stella.<\/p>\n\n\n\n<p class=\"wp-block-paragraph\">&#8220;Somos un equipo con ambici\u00f3n de luchar por t\u00edtulos, pero en las \u00faltimas temporadas no hemos mostrado una tendencia de crecimiento en competitividad. En las \u00faltimas hemos trabajado para cambiar eso. El enfoque que hemos adoptado es global y se basa en reforzar el equipo desde el punto de vista del personal y los conocimientos, as\u00ed como en proyectos de mejora de la tecnolog\u00eda y las infraestructuras que dar\u00e1n sus frutos en breve&#8221;, sigui\u00f3.<\/p>\n\n\n\n<p class=\"wp-block-paragraph\">&#8220;El personal y la cultura son nuestros mayores recursos. Recientemente hemos invertido en desarrollar y potenciar el talento interno en McLaren y ya hemos visto un impacto positivo. Paralelamente, hemos reforzado nuestro grupo con nuevos talentos. La plantilla ya era fuerte y alentadora, y la incorporaci\u00f3n de personas altamente cualificadas como Rob consolidar\u00e1 a\u00fan m\u00e1s la capacidad de establecer los m\u00e1s altos est\u00e1ndares t\u00e9cnicos en McLaren. Estamos deseando dar la bienvenida a Rob en un futuro pr\u00f3ximo&#8221;, declar\u00f3.<\/p>\n\n\n\n<p class=\"wp-block-paragraph\">Marshall permanecer\u00e1 en <strong>Red Bull <\/strong>hasta finales de a\u00f1o, pero deja el puesto directivo que ocupaba con efecto inmediato.<\/p>\n\n\n\n<figure class=\"wp-block-embed is-type-video is-provider-youtube wp-block-embed-youtube wp-embed-aspect-16-9 wp-has-aspect-ratio\"><div class=\"wp-block-embed__wrapper\">\n<iframe loading=\"lazy\" title=\"LOS 5 PUNTOS DESTACADOS DEL GP DE M\u00d3NACO DE LA F\u00d3RMULA 1\" width=\"500\" height=\"281\" src=\"https:\/\/www.youtube.com\/embed\/fYzkGP8osEw?feature=oembed\" frameborder=\"0\" allow=\"accelerometer; autoplay; clipboard-write; encrypted-media; gyroscope; picture-in-picture; web-share\" referrerpolicy=\"strict-origin-when-cross-origin\" allowfullscreen><\/iframe>\n<\/div><\/figure>\n","protected":false},"excerpt":{"rendered":"<p>Rob Marshall, jefe de ingenier\u00eda de Red Bull, llega a McLaren para ocupar uno de los puestos clave en la parte t\u00e9cnica, con el fin de reforzar la competitividad de la escuder\u00eda de Woking.  <\/p>\n","protected":false},"author":0,"featured_media":1000688407,"comment_status":"closed","ping_status":"closed","sticky":false,"template":"","format":"standard","meta":{"42wp_featured_image_caption":"","42wp_featured_image_credits":"","42wp_featured_video":"","42wp_featured_image_hidden":false,"42wp_authors_list":[],"footnotes":""},"categories":[5],"tags":[4497,6100,181,1676,179,2534,1488,2237,249,269,7399,206,3577],"42wp_author":[14223],"class_list":["post-18976","post","type-post","status-publish","format-standard","has-post-thumbnail","hentry","category-f1","tag-andrea-stella","tag-david-sanchez-2","tag-f1","tag-f1-2023","tag-formula-1","tag-formula-1-2023","tag-grande-premio","tag-grandepremio","tag-max-verstappen","tag-mclaren","tag-peter-prodromou","tag-red-bull","tag-rob-marshall","42wp_author-esteban-nieto"],"_links":{"self":[{"href":"https:\/\/grandepremio.com\/es\/wp-json\/wp\/v2\/posts\/18976","targetHints":{"allow":["GET"]}}],"collection":[{"href":"https:\/\/grandepremio.com\/es\/wp-json\/wp\/v2\/posts"}],"about":[{"href":"https:\/\/grandepremio.com\/es\/wp-json\/wp\/v2\/types\/post"}],"replies":[{"embeddable":true,"href":"https:\/\/grandepremio.com\/es\/wp-json\/wp\/v2\/comments?post=18976"}],"version-history":[{"count":0,"href":"https:\/\/grandepremio.com\/es\/wp-json\/wp\/v2\/posts\/18976\/revisions"}],"wp:featuredmedia":[{"embeddable":true,"href":"https:\/\/grandepremio.com\/es\/wp-json\/wp\/v2\/media\/1000688407"}],"wp:attachment":[{"href":"https:\/\/grandepremio.com\/es\/wp-json\/wp\/v2\/media?parent=18976"}],"wp:term":[{"taxonomy":"category","embeddable":true,"href":"https:\/\/grandepremio.com\/es\/wp-json\/wp\/v2\/categories?post=18976"},{"taxonomy":"post_tag","embeddable":true,"href":"https:\/\/grandepremio.com\/es\/wp-json\/wp\/v2\/tags?post=18976"},{"taxonomy":"42wp_author","embeddable":true,"href":"https:\/\/grandepremio.com\/es\/wp-json\/wp\/v2\/42wp_author?post=18976"}],"curies":[{"name":"wp","href":"https:\/\/api.w.org\/{rel}","templated":true}]}}