{"id":18996,"date":"2023-05-28T16:16:53","date_gmt":"2023-05-28T19:16:53","guid":{"rendered":"https:\/\/grandepremio.com\/es\/2023\/05\/28\/formula-1-hamilton-monaco-domingo\/"},"modified":"2023-05-28T16:27:21","modified_gmt":"2023-05-28T19:27:21","slug":"formula-1-hamilton-monaco-domingo","status":"publish","type":"post","link":"https:\/\/grandepremio.com\/es\/f1\/formula-1-hamilton-monaco-domingo\/","title":{"rendered":"Hamilton termina satisfecho con 4\u00b0 lugar en M\u00f3naco: &#8220;Hemos avanzado&#8221;"},"content":{"rendered":"\n<p class=\"wp-block-paragraph\"><strong>Lewis Hamilton <\/strong>sali\u00f3 del<strong> Gran Premio de M\u00f3naco<\/strong> de la <strong>F\u00f3rmula 1 <\/strong>de este domingo contento. M\u00e1s all\u00e1 del <strong>cuarto lugar<\/strong> obtenido en la carrera en<strong> Monte Carlo<\/strong>, el brit\u00e1nico qued\u00f3 realmente feliz con el resultado de las actualizaciones realizadas por Mercedes.<\/p>\n\n\n\n<p class=\"wp-block-paragraph\"><strong>\u00a1Conoce el canal de Grande Pr\u00eamio en Espa\u00f1ol en\u00a0<\/strong><a href=\"https:\/\/www.youtube.com\/channel\/UCDxWojGVUi9gWYhrY0pGbIQ\" target=\"_blank\" rel=\"noreferrer noopener\"><strong>YouTube<\/strong><\/a><strong>!<\/strong><br><strong>\u00a1Sigue a Grande Pr\u00eamio en Espa\u00f1ol en\u00a0<\/strong><a href=\"https:\/\/twitter.com\/grandepremioES\" target=\"_blank\" rel=\"noreferrer noopener\"><strong>Twitter\u00a0<\/strong><\/a><strong>y en\u00a0<\/strong><a href=\"https:\/\/www.instagram.com\/grandepremioes\/\" target=\"_blank\" rel=\"noreferrer noopener\"><strong>Instagram<\/strong><\/a><strong>!<\/strong><\/p>\n\n\n\n<p class=\"wp-block-paragraph\">El equipo de Brackley planeaba actualizar el <strong>W14<\/strong> en \u00cdmola, pero debido a la suspensi\u00f3n por las fuertes lluvias que afectaron el norte de Italia, el equipo dirigido por <strong>Toto Wolff<\/strong> opt\u00f3 por introducir las novedades directamente en <strong>M\u00f3naco<\/strong>.<\/p>\n\n\n\n<p class=\"wp-block-paragraph\">&#8220;Estoy realmente contento. Hemos avanzado&#8221;, celebr\u00f3 Hamilton. &#8220;Al venir a este fin de semana, no sab\u00edamos d\u00f3nde estar\u00edamos, as\u00ed que quedar en cuarto o quinto lugar son puntos realmente importantes para el equipo&#8221;, coment\u00f3.<\/p>\n\n\n\n<p class=\"wp-block-paragraph\">&#8220;Un enorme agradecimiento a todos en la f\u00e1brica por traer estas actualizaciones. Lo dejamos todo en la pista, superamos a los Ferrari y realmente conseguimos grandes puntos como equipo&#8221;, destac\u00f3.<\/p>\n\n\n\n<figure class=\"wp-block-image size-large\"><img decoding=\"async\" src=\"https:\/\/www.grandepremio.com\/br\/wp-content\/uploads\/2023\/05\/f1-2023-monaco-corrida-mercedes-lewishamilton-afp-03-1024x683.jpg\" alt=\"\" class=\"wp-image-687457\"\/><figcaption class=\"wp-element-caption\">Lewis Hamilton contento con lograr el cuarto lugar en M\u00f3naco (Foto: AFP) <\/figcaption><\/figure>\n\n\n\n<p class=\"wp-block-paragraph\">La <strong>F\u00f3rmula 1 <\/strong>ahora se dirige a <strong>Barcelona<\/strong>, y Hamilton espera una prueba de fuego para las actualizaciones, ya que el circuito espa\u00f1ol es el escenario de las pruebas de pretemporada.<\/p>\n\n\n\n<p class=\"wp-block-paragraph\">&#8220;La pr\u00f3xima semana, Barcelona ser\u00e1 el mejor circuito de pruebas para nosotros, es realmente dif\u00edcil saber aqu\u00ed&#8221;, se\u00f1al\u00f3. &#8220;<strong>El coche se sinti\u00f3 muy duro, hay muchas ondulaciones aqu\u00ed<\/strong>. Sent\u00ed que hab\u00eda una parte en particular del coche que era mejor, pero no s\u00e9 c\u00f3mo ser\u00e1 la pr\u00f3xima semana. Estoy seguro de que ser\u00e1 un paquete mucho mejor la pr\u00f3xima semana&#8221;, concluy\u00f3.<\/p>\n\n\n\n<p class=\"wp-block-paragraph\">La siguiente etapa de la<strong>\u00a0<a href=\"https:\/\/grandepremio.com\/es\/\/f1\/\" target=\"_blank\" rel=\"noreferrer noopener\">F\u00f3rmula 1<\/a>\u00a0<\/strong>se llevar\u00e1 a cabo el pr\u00f3ximo fin de semana, con el\u00a0<strong>Gran Premio de Espa\u00f1a\u00a0<\/strong>programado para los d\u00edas 2 al 4 de junio.\u00a0<strong>GRANDE PR\u00caMIO EN ESPA\u00d1OL<\/strong>\u00a0brindar\u00e1 cobertura completa del evento.<\/p>\n\n\n\n<figure class=\"wp-block-embed is-type-wp-embed is-provider-grande-premio-en-espanol wp-block-embed-grande-premio-en-espanol wp-embed-aspect-16-9 wp-has-aspect-ratio\"><div class=\"wp-block-embed__wrapper\">\n<blockquote class=\"wp-embedded-content\" data-secret=\"c2qnDF7hkg\"><a href=\"https:\/\/grandepremio.com\/es\/f1\/max-verstappen-video-gp-monaco-formula-1\/\">Verstappen hace polvo el sue\u00f1o de Alonso en el GP de M\u00f3naco de F\u00f3rmula 1<\/a><\/blockquote><iframe loading=\"lazy\" class=\"wp-embedded-content\" sandbox=\"allow-scripts\" security=\"restricted\" style=\"position: absolute; visibility: hidden;\" title=\"\u201cVerstappen hace polvo el sue\u00f1o de Alonso en el GP de M\u00f3naco de F\u00f3rmula 1\u201d \u2014 Grande Premio ES\" src=\"https:\/\/grandepremio.com\/es\/f1\/max-verstappen-video-gp-monaco-formula-1\/embed\/#?secret=Zg9ZmIpEvf#?secret=c2qnDF7hkg\" data-secret=\"c2qnDF7hkg\" width=\"500\" height=\"282\" frameborder=\"0\" marginwidth=\"0\" marginheight=\"0\" scrolling=\"no\"><\/iframe>\n<\/div><\/figure>\n","protected":false},"excerpt":{"rendered":"<p>Lewis Hamilton todav\u00eda espera ver los resultados de las actualizaciones en Barcelona, pero de todos modos se fue satisfecho con el trabajo realizado por Mercedes.<\/p>\n","protected":false},"author":0,"featured_media":1000687426,"comment_status":"closed","ping_status":"closed","sticky":false,"template":"","format":"standard","meta":{"42wp_featured_image_caption":"","42wp_featured_image_credits":"","42wp_featured_video":"","42wp_featured_image_hidden":false,"42wp_authors_list":[],"footnotes":""},"categories":[5],"tags":[181,1676,179,2236,2237,405,4026,199,1329,7378,197,1236],"42wp_author":[14235],"class_list":["post-18996","post","type-post","status-publish","format-standard","has-post-thumbnail","hentry","category-f1","tag-f1","tag-f1-2023","tag-formula-1","tag-grande-premio-2","tag-grandepremio","tag-hamilton","tag-hamilton-2023","tag-lewis-hamilton","tag-lewis-hamilton-f1","tag-merce","tag-mercedes","tag-mercedes-f1","42wp_author-barbara-mincioni"],"_links":{"self":[{"href":"https:\/\/grandepremio.com\/es\/wp-json\/wp\/v2\/posts\/18996","targetHints":{"allow":["GET"]}}],"collection":[{"href":"https:\/\/grandepremio.com\/es\/wp-json\/wp\/v2\/posts"}],"about":[{"href":"https:\/\/grandepremio.com\/es\/wp-json\/wp\/v2\/types\/post"}],"replies":[{"embeddable":true,"href":"https:\/\/grandepremio.com\/es\/wp-json\/wp\/v2\/comments?post=18996"}],"version-history":[{"count":0,"href":"https:\/\/grandepremio.com\/es\/wp-json\/wp\/v2\/posts\/18996\/revisions"}],"wp:featuredmedia":[{"embeddable":true,"href":"https:\/\/grandepremio.com\/es\/wp-json\/wp\/v2\/media\/1000687426"}],"wp:attachment":[{"href":"https:\/\/grandepremio.com\/es\/wp-json\/wp\/v2\/media?parent=18996"}],"wp:term":[{"taxonomy":"category","embeddable":true,"href":"https:\/\/grandepremio.com\/es\/wp-json\/wp\/v2\/categories?post=18996"},{"taxonomy":"post_tag","embeddable":true,"href":"https:\/\/grandepremio.com\/es\/wp-json\/wp\/v2\/tags?post=18996"},{"taxonomy":"42wp_author","embeddable":true,"href":"https:\/\/grandepremio.com\/es\/wp-json\/wp\/v2\/42wp_author?post=18996"}],"curies":[{"name":"wp","href":"https:\/\/api.w.org\/{rel}","templated":true}]}}