{"id":19012,"date":"2023-05-27T15:36:33","date_gmt":"2023-05-27T18:36:33","guid":{"rendered":"https:\/\/grandepremio.com\/es\/2023\/05\/27\/formula-1-horner-perez-sabado-monaco\/"},"modified":"2023-05-27T15:39:27","modified_gmt":"2023-05-27T18:39:27","slug":"formula-1-horner-perez-sabado-monaco","status":"publish","type":"post","link":"https:\/\/grandepremio.com\/es\/f1\/formula-1-horner-perez-sabado-monaco\/","title":{"rendered":"Red Bull analiza accidente de P\u00e9rez en la Q1 de M\u00f3naco: &#8220;Quiz\u00e1s estaba distra\u00eddo&#8221;\u00a0"},"content":{"rendered":"\n<p class=\"wp-block-paragraph\"><strong>Christian Horner<\/strong> puede hacer un balance de lo m\u00e1s variado si tiene que pensar en la performance de sus pilotos de <strong>Red Bull<\/strong> en la <a href=\"https:\/\/grandepremio.com\/es\/\/f1\/max-verstappen-pole-gp-monaco-formula-1\/\">clasificaci\u00f3n del <strong>Gran Premio de M\u00f3naco<\/strong><\/a> de <strong>F\u00f3rmula 1<\/strong>. Adem\u00e1s de la peleada pole position que consigui\u00f3 <strong>Max Verstappen<\/strong>, tambi\u00e9n deber\u00e1 reflexionar sobre lo ocurrido con Sergio P\u00e9rez. <\/p>\n\n\n\n<p class=\"wp-block-paragraph\"><strong>\u00a1Conoce el canal de Grande Pr\u00eamio en Espa\u00f1ol en\u00a0<\/strong><a href=\"https:\/\/www.youtube.com\/channel\/UCDxWojGVUi9gWYhrY0pGbIQ\" target=\"_blank\" rel=\"noreferrer noopener\"><strong>YouTube<\/strong><\/a><strong>!<\/strong><br><strong>\u00a1Sigue a Grande Pr\u00eamio en Espa\u00f1ol en\u00a0<\/strong><a href=\"https:\/\/twitter.com\/grandepremioES\" target=\"_blank\" rel=\"noreferrer noopener\"><strong>Twitter\u00a0<\/strong><\/a><strong>y en\u00a0<\/strong><a href=\"https:\/\/www.instagram.com\/grandepremioes\/\" target=\"_blank\" rel=\"noreferrer noopener\"><strong>Instagram<\/strong><\/a><strong>!<\/strong><\/p>\n\n\n\n<p class=\"wp-block-paragraph\">Durante los primeros minutos de la Q1 de clasificaci\u00f3n, P\u00e9rez al momento de iniciar su vuelta r\u00e1pida <strong>tuvo un descuido en Saint Devote<\/strong>. \u00c9sto deriv\u00f3 en que el mexicano choque contra el muro da\u00f1ando su suspensi\u00f3n izquierda. La consecuencia fue una bandera roja que interrumpi\u00f3 brevemente la clasificaci\u00f3n y el \u00faltimo caj\u00f3n de largada para el piloto de cara al domingo. <\/p>\n\n\n\n<figure class=\"wp-block-image size-large\"><img decoding=\"async\" src=\"https:\/\/grandepremio.com\/es\/\/wp-content\/uploads\/2023\/05\/Christian-Horner-01-1024x683.jpg\" alt=\"\" class=\"wp-image-158071\"\/><figcaption class=\"wp-element-caption\">Horner analiz\u00f3 lo sucedido y lo atribuy\u00f3 a una &#8220;distracci\u00f3n&#8221; (Foto: AFP)<\/figcaption><\/figure>\n\n\n\n<p class=\"wp-block-paragraph\"><a href=\"https:\/\/grandepremio.com\/es\/\/f1\/red-bull-vuelta-max-verstappen-monaco-formula-1\/\">Christian Horner<\/a> tras la actividad fue consultado por lo sucedido con P\u00e9rez. Si bien el piloto no se mostr\u00f3 tan optimista ya que <a href=\"https:\/\/grandepremio.com\/es\/\/f1\/formula-1-perez-accidente-qualy-monaco\/\">reconoci\u00f3 que ser\u00e1 dif\u00edcil avanzar en M\u00f3naco<\/a>, el <strong>jefe de Red Bull<\/strong> espera que sume puntos. Poniendo pa\u00f1os fr\u00edos, Horner analiz\u00f3 lo sucedido con su piloto. <\/p>\n\n\n\n<p class=\"wp-block-paragraph\">&#8220;Creo que entr\u00f3 demasiado r\u00e1pido en la curva, quiz\u00e1s estaba distra\u00eddo por el tr\u00e1fico. Puede que tengamos que cambiar el chasis por precauci\u00f3n, pero evaluaremos el auto y tomaremos la decisi\u00f3n&#8221;, defendi\u00f3 Horner. <\/p>\n\n\n\n<p class=\"wp-block-paragraph\">&#8220;Esperamos puntuar, y eso es en lo que tenemos que centrarnos. Probablemente sea una carrera de una sola parada&#8221;, cerr\u00f3. <strong>Actualmente P\u00e9rez se encuentra segundo<\/strong> en el campeonato liderado por Verstappen, por lo que un error por parte del mexicano lo puede alejar a\u00fan m\u00e1s de sus chances de pelear por el t\u00edtulo. <\/p>\n\n\n\n<figure class=\"wp-block-embed is-provider-youtube wp-block-embed-youtube\"><div class=\"wp-block-embed__wrapper\">\n<iframe loading=\"lazy\" title=\"FERRARI Y MERCEDES NECESITAN MUCHO M\u00c1S QUE S\u00d3LO SER VELOCES PARA LUCHAR EN 2023\" width=\"500\" height=\"281\" src=\"https:\/\/www.youtube.com\/embed\/JRsqmsyde5I?feature=oembed\" frameborder=\"0\" allow=\"accelerometer; autoplay; clipboard-write; encrypted-media; gyroscope; picture-in-picture; web-share\" referrerpolicy=\"strict-origin-when-cross-origin\" allowfullscreen><\/iframe>\n<\/div><\/figure>\n\n\n\n<p class=\"wp-block-paragraph\">La acci\u00f3n continuar\u00e1 este domingo, con la celebraci\u00f3n del<strong>\u00a0GP de M\u00f3naco. Grande Pr\u00eamio en Espa\u00f1ol<\/strong>\u00a0sigue\u00a0<strong>EN VIVO Y EN TIEMPO REAL<\/strong>\u00a0todas las actividades del Mundial de\u00a0<a href=\"https:\/\/grandepremio.com\/es\/\/f1\/\" target=\"_blank\" rel=\"noreferrer noopener\">F\u00f3rmula 1<\/a>.<\/p>\n","protected":false},"excerpt":{"rendered":"<p>Christian Horner tras la clasificaci\u00f3n del GP de M\u00f3naco analiza el accidente de su piloto Sergio P\u00e9rez que releg\u00f3 al mexicano al \u00faltimo caj\u00f3n de largada. <\/p>\n","protected":false},"author":0,"featured_media":1010159191,"comment_status":"closed","ping_status":"closed","sticky":false,"template":"","format":"standard","meta":{"42wp_featured_image_caption":"","42wp_featured_image_credits":"","42wp_featured_video":"","42wp_featured_image_hidden":false,"42wp_authors_list":[],"footnotes":""},"categories":[5],"tags":[1336,181,1676,2358,179,1325,1671,952,2444,7330,7328,593,206,294],"42wp_author":[14235],"class_list":["post-19012","post","type-post","status-publish","format-standard","has-post-thumbnail","hentry","category-f1","tag-christian-horner","tag-f1","tag-f1-2023","tag-f1-hoy","tag-formula-1","tag-gp-de-monaco","tag-horner","tag-monaco","tag-monte-carlo","tag-monte-carlo-2023","tag-monte-carlo-f1","tag-perez","tag-red-bull","tag-sergio-perez","42wp_author-barbara-mincioni"],"_links":{"self":[{"href":"https:\/\/grandepremio.com\/es\/wp-json\/wp\/v2\/posts\/19012","targetHints":{"allow":["GET"]}}],"collection":[{"href":"https:\/\/grandepremio.com\/es\/wp-json\/wp\/v2\/posts"}],"about":[{"href":"https:\/\/grandepremio.com\/es\/wp-json\/wp\/v2\/types\/post"}],"replies":[{"embeddable":true,"href":"https:\/\/grandepremio.com\/es\/wp-json\/wp\/v2\/comments?post=19012"}],"version-history":[{"count":0,"href":"https:\/\/grandepremio.com\/es\/wp-json\/wp\/v2\/posts\/19012\/revisions"}],"wp:featuredmedia":[{"embeddable":true,"href":"https:\/\/grandepremio.com\/es\/wp-json\/wp\/v2\/media\/1010159191"}],"wp:attachment":[{"href":"https:\/\/grandepremio.com\/es\/wp-json\/wp\/v2\/media?parent=19012"}],"wp:term":[{"taxonomy":"category","embeddable":true,"href":"https:\/\/grandepremio.com\/es\/wp-json\/wp\/v2\/categories?post=19012"},{"taxonomy":"post_tag","embeddable":true,"href":"https:\/\/grandepremio.com\/es\/wp-json\/wp\/v2\/tags?post=19012"},{"taxonomy":"42wp_author","embeddable":true,"href":"https:\/\/grandepremio.com\/es\/wp-json\/wp\/v2\/42wp_author?post=19012"}],"curies":[{"name":"wp","href":"https:\/\/api.w.org\/{rel}","templated":true}]}}