{"id":19020,"date":"2023-05-27T13:23:15","date_gmt":"2023-05-27T16:23:15","guid":{"rendered":"https:\/\/grandepremio.com\/es\/2023\/05\/27\/alonso-vencer-verstappen-largada-monaco\/"},"modified":"2023-05-27T13:23:18","modified_gmt":"2023-05-27T16:23:18","slug":"alonso-vencer-verstappen-largada-monaco","status":"publish","type":"post","link":"https:\/\/grandepremio.com\/es\/f1\/alonso-vencer-verstappen-largada-monaco\/","title":{"rendered":"Alonso cree que puede vencer a Verstappen en la largada desde el segundo puesto en M\u00f3naco"},"content":{"rendered":"\n<p class=\"wp-block-paragraph\">Nadie duda de que <strong>Fernando Alonso<\/strong> pondr\u00e1 toda la carne al asador en la carrera de ma\u00f1ana, y ya ha anticipado hoy que ir\u00e1 por todas en la largada para poder tomar la punta con su <strong>Aston Martin<\/strong>.<\/p>\n\n\n\n<p class=\"wp-block-paragraph\">Debido al notable rendimiento del Aston Martin, <a href=\"https:\/\/grandepremio.com\/es\/\/f1\/max-verstappen-pole-gp-monaco-formula-1\/\" target=\"_blank\" rel=\"noreferrer noopener\">el coche le permiti\u00f3 al asturiano poder quedarse a solo 0.084s de Verstappen en la Q3 del GP de M\u00f3naco<\/a>. Tan cerca de quebrar una racha de once a\u00f1os sin lograr una pole en la F\u00f3rmula 1.<\/p>\n\n\n\n<figure class=\"wp-block-image size-large\"><img decoding=\"async\" src=\"https:\/\/www.grandepremio.com\/br\/wp-content\/uploads\/2023\/05\/f1-2023-monaco-classificacao-astonmartin-fernandoalonso-afp-02-1024x683.jpg\" alt=\"\" class=\"wp-image-686868\"\/><figcaption class=\"wp-element-caption\">Alonso largar\u00e1 segundo en el GP de M\u00f3naco (Foto: AFP)<\/figcaption><\/figure>\n\n\n\n<p class=\"wp-block-paragraph\">Mientras transita una temporada 2023 espectacular, en un equipo que lo devolvi\u00f3 a los primeros planos, el doble campe\u00f3n del mundo ya <strong>piensa en su gran chance para obtener la ansiada victoria 33<\/strong>: &#8220;Me siento bien, empezar en primera fila, para nosotros, es s\u00faper importante. <strong>En la primera curva puede pasar cualquier cosa<\/strong>&#8220;, dijo en una entrevista tras la clasificaci\u00f3n.<\/p>\n\n\n\n<p class=\"wp-block-paragraph\">Fernando analiz\u00f3 <a href=\"https:\/\/grandepremio.com\/es\/\/f1\/formula-1-alonso-monaco-viernes\/\">el rendimiento del AMR23<\/a> en los entrenamientos y detall\u00f3 lo que le falt\u00f3 para salir en la posici\u00f3n de honor en Montecarlo: &#8220;Obviamente, la pole significa mucho por aqu\u00ed, pero Max [Verstappen] fue m\u00e1s r\u00e1pido, lo que es una pena. <strong>Nuestro \u00faltimo sector parec\u00eda ser el punto m\u00e1s d\u00e9bil de la pista<\/strong>&#8220;.<\/p>\n\n\n\n<p class=\"wp-block-paragraph\"><strong>\u00a1Conoce el canal de Grande Pr\u00eamio en Espa\u00f1ol en&nbsp;<\/strong><a href=\"https:\/\/www.youtube.com\/channel\/UCDxWojGVUi9gWYhrY0pGbIQ\" target=\"_blank\" rel=\"noreferrer noopener\"><strong>YouTube<\/strong><\/a><strong>!<\/strong><br><strong>\u00a1Sigue a Grande Pr\u00eamio en Espa\u00f1ol en&nbsp;<\/strong><a href=\"https:\/\/twitter.com\/grandepremioES\" target=\"_blank\" rel=\"noreferrer noopener\"><strong>Twitter&nbsp;<\/strong><\/a><strong>y en&nbsp;<\/strong><a href=\"https:\/\/www.instagram.com\/grandepremioes\/\" target=\"_blank\" rel=\"noreferrer noopener\"><strong>Instagram<\/strong><\/a><strong>!<\/strong><\/p>\n\n\n\n<p class=\"wp-block-paragraph\">De cara a lo que puede ser una carrera muy atrapante, buena parte del resultado se definir\u00e1 en la largada y Alonso ya piensa en la estrategia para vencer al neerland\u00e9s:\u00a0 &#8220;Veremos qu\u00e9 podemos hacer en t\u00e9rminos de estrategia, normalmente empezamos bien. <strong>\u00c9l [Verstappen] es un poco inconsistente<\/strong>, qui\u00e9n sabe si ma\u00f1ana puede tener una de esas malas salidas. Intentaremos ganar&#8221;, a\u00f1adi\u00f3 el bicampe\u00f3n del mundo.<\/p>\n\n\n\n<p class=\"wp-block-paragraph\">Verstappen y Alonso mover\u00e1n ma\u00f1ana desde la primera fila en el GP de M\u00f3naco de la <strong><a href=\"https:\/\/grandepremio.com\/es\/\/f1\/ultimas-noticias\/\" target=\"_blank\" rel=\"noreferrer noopener\">F1<\/a><\/strong>, sexta cita del calendario 2023, desde las 10:00 hora de Brasilia y Buenos Aires.<\/p>\n","protected":false},"excerpt":{"rendered":"<p>Parec\u00eda que Fernando Alonso podr\u00eda lograr su pole n\u00famero 23 en la jornada de s\u00e1bado, pero Max Verstappen se lo impidi\u00f3 con una astron\u00f3mica \u00faltima vuelta en la Q3 del Gran Premio de M\u00f3naco de la F\u00f3rmula 1. <\/p>\n","protected":false},"author":0,"featured_media":1000686869,"comment_status":"closed","ping_status":"closed","sticky":false,"template":"","format":"standard","meta":{"42wp_featured_image_caption":"","42wp_featured_image_credits":"","42wp_featured_video":"","42wp_featured_image_hidden":false,"42wp_authors_list":[],"footnotes":""},"categories":[5],"tags":[4309,209,181,184,185,179,1325,199,249,197,206],"42wp_author":[14237],"class_list":["post-19020","post","type-post","status-publish","format-standard","has-post-thumbnail","hentry","category-f1","tag-amr23","tag-aston-martin","tag-f1","tag-fernando-alonso","tag-ferrari","tag-formula-1","tag-gp-de-monaco","tag-lewis-hamilton","tag-max-verstappen","tag-mercedes","tag-red-bull","42wp_author-gabriel-garcia"],"_links":{"self":[{"href":"https:\/\/grandepremio.com\/es\/wp-json\/wp\/v2\/posts\/19020","targetHints":{"allow":["GET"]}}],"collection":[{"href":"https:\/\/grandepremio.com\/es\/wp-json\/wp\/v2\/posts"}],"about":[{"href":"https:\/\/grandepremio.com\/es\/wp-json\/wp\/v2\/types\/post"}],"replies":[{"embeddable":true,"href":"https:\/\/grandepremio.com\/es\/wp-json\/wp\/v2\/comments?post=19020"}],"version-history":[{"count":0,"href":"https:\/\/grandepremio.com\/es\/wp-json\/wp\/v2\/posts\/19020\/revisions"}],"wp:featuredmedia":[{"embeddable":true,"href":"https:\/\/grandepremio.com\/es\/wp-json\/wp\/v2\/media\/1000686869"}],"wp:attachment":[{"href":"https:\/\/grandepremio.com\/es\/wp-json\/wp\/v2\/media?parent=19020"}],"wp:term":[{"taxonomy":"category","embeddable":true,"href":"https:\/\/grandepremio.com\/es\/wp-json\/wp\/v2\/categories?post=19020"},{"taxonomy":"post_tag","embeddable":true,"href":"https:\/\/grandepremio.com\/es\/wp-json\/wp\/v2\/tags?post=19020"},{"taxonomy":"42wp_author","embeddable":true,"href":"https:\/\/grandepremio.com\/es\/wp-json\/wp\/v2\/42wp_author?post=19020"}],"curies":[{"name":"wp","href":"https:\/\/api.w.org\/{rel}","templated":true}]}}