{"id":19043,"date":"2023-05-26T08:58:13","date_gmt":"2023-05-26T11:58:13","guid":{"rendered":"https:\/\/grandepremio.com\/es\/2023\/05\/26\/mini-pole-f3-monaco-colapinto-octavo\/"},"modified":"2023-05-26T08:58:15","modified_gmt":"2023-05-26T11:58:15","slug":"mini-pole-f3-monaco-colapinto-octavo","status":"publish","type":"post","link":"https:\/\/grandepremio.com\/es\/f3\/mini-pole-f3-monaco-colapinto-octavo\/","title":{"rendered":"Min\u00ec consigue la pole en el debut de F\u00f3rmula 3 en M\u00f3naco; Colapinto se clasifica octavo"},"content":{"rendered":"\n<p class=\"wp-block-paragraph\">La<strong><a href=\"https:\/\/grandepremio.com\/es\/\/f3\/\" target=\"_blank\" rel=\"noreferrer noopener\"> F\u00f3rmula 3<\/a><\/strong> arrib\u00f3 por primera vez con este nombre a las calles del principado de <strong>M\u00f3naco<\/strong> y, en funci\u00f3n de ello, dividi\u00f3 a los autos en dos grupos de 15 pilotos cada uno. Los pilotos impares clasificaron en el Grupo A, y los pares, en el Grupo B.<\/p>\n\n\n\n<p class=\"wp-block-paragraph\">Como <strong>Gabriele Min\u00ed <\/strong>fue el m\u00e1s veloz de todos, con su tiempo de 1:23.278, largar\u00e1 desde la pole, en tanto que <strong>Dino Beganovic<\/strong>, con el Prema, fue segundo, despu\u00e9s de haber sido el m\u00e1s veloz del otro grupo de la tanda cronometrada.<\/p>\n\n\n\n<p class=\"wp-block-paragraph\">Si bien <strong>Luke Browning<\/strong> (Hitech), qued\u00f3 a tres mil\u00e9simas de Beganovic, lo cierto es que fue cuarto, porque Paul Aron estaba en el grupo de los m\u00e1s r\u00e1pidos, y se adjudic\u00f3 la tercera posici\u00f3n.<\/p>\n\n\n\n<figure class=\"wp-block-image size-large\"><img decoding=\"async\" src=\"https:\/\/grandepremio.com\/es\/\/wp-content\/uploads\/2023\/05\/f84b88cb-5e71-4594-af95-97a1310b99ea-1024x682.jpg\" alt=\"\" class=\"wp-image-158390\"\/><figcaption class=\"wp-element-caption\">Franco Colapinto necesita sumar puntos tras un mal fin de semana en Albert Park. (Foto: F3)<\/figcaption><\/figure>\n\n\n\n<p class=\"wp-block-paragraph\">Caio Collet fue cflasificado quinto, al pertenecer al grupo de los m\u00e1s r\u00e1pidos, mientras que <strong><a href=\"https:\/\/grandepremio.com\/es\/\/f3\/franco-colapinto-presion-titulo-formula-3\/\" target=\"_blank\" rel=\"noreferrer noopener\">Franco Colapinto<\/a><\/strong>, con el auto del <strong>MP Motorsport<\/strong>, se ubic\u00f3 cuarto en su grupo, a tres d\u00e9cimas de Beganovic. De este modo, el piloto argentino qued\u00f3 octavo en la general, y podr\u00e1 largar desde all\u00ed en la carrera m\u00e1s larga, y lo har\u00e1 desde la quinta plaza en la carrera m\u00e1s corta, la del s\u00e1bado.<\/p>\n\n\n\n<p class=\"wp-block-paragraph\"><strong>Gregoire Saucy<\/strong>, en tanto, tendr\u00e1 la pole de la carrera sabatina, debido a que se ubic\u00f3 en el 12do puesto y tendr\u00e1 ese derecho por la grilla invertida que se aplicar\u00e1 en la primera competencia de la tercera fecha. El espa\u00f1ol Pepe Mart\u00ed, con Campos, ocupar\u00e1 la segunda posici\u00f3n en esa prueba de ma\u00f1ana.<\/p>\n\n\n\n<p class=\"wp-block-paragraph\"><strong>\u00a1Conoce el canal de Grande Pr\u00eamio en Espa\u00f1ol en&nbsp;<\/strong><a href=\"https:\/\/www.youtube.com\/channel\/UCDxWojGVUi9gWYhrY0pGbIQ\" target=\"_blank\" rel=\"noreferrer noopener\"><strong>YouTube<\/strong><\/a><strong>!<\/strong><br><strong>\u00a1Sigue a Grande Pr\u00eamio en Espa\u00f1ol en&nbsp;<\/strong><a href=\"https:\/\/twitter.com\/grandepremioES\" target=\"_blank\" rel=\"noreferrer noopener\"><strong>Twitter&nbsp;<\/strong><\/a><strong>y en&nbsp;<\/strong><a href=\"https:\/\/www.instagram.com\/grandepremioes\/\" target=\"_blank\" rel=\"noreferrer noopener\"><strong>Instagram<\/strong><\/a><strong>!<\/strong><\/p>\n\n\n\n<p class=\"wp-block-paragraph\">Por su parte, <strong>Gabriel Bortoleto<\/strong>, l\u00edder del certamen luego de cuatro carreras, clasific\u00f3 s\u00e9ptimo, con buenas chances de sumar puntos en las dos competencias del fin de semana en M\u00f3naco.<\/p>\n\n\n\n<p class=\"wp-block-paragraph\">La <strong>F\u00f3rmula 3<\/strong> correr\u00e1 ma\u00f1ana, a las 6:00, hora de Brasilia y Buenos Aires, para su prueba Sprint en el principado.<\/p>\n","protected":false},"excerpt":{"rendered":"<p>Tras un entrenamiento de jueves con la pista cambiante entre mojado y seco, la clasificaci\u00f3n de la F\u00f3rmula 3 para el evento en M\u00f3naco fue bajo un sol abrasador en el que Gabriele Min\u00ed se qued\u00f3 con la pole, mientras que Franco Colapinto acab\u00f3 octavo. <\/p>\n","protected":false},"author":0,"featured_media":1010158389,"comment_status":"closed","ping_status":"closed","sticky":false,"template":"","format":"standard","meta":{"42wp_featured_image_caption":"","42wp_featured_image_credits":"","42wp_featured_video":"","42wp_featured_image_hidden":false,"42wp_authors_list":[],"footnotes":""},"categories":[4],"tags":[5668,181,179,1128,814,5953,284,952,387,282],"42wp_author":[14237],"class_list":["post-19043","post","type-post","status-publish","format-standard","has-post-thumbnail","hentry","category-f3","tag-dino-beganovic","tag-f1","tag-formula-1","tag-formula-3","tag-franco-colapinto","tag-gabriele-mini-2","tag-hitech","tag-monaco","tag-mp-motorsport","tag-prema","42wp_author-gabriel-garcia"],"_links":{"self":[{"href":"https:\/\/grandepremio.com\/es\/wp-json\/wp\/v2\/posts\/19043","targetHints":{"allow":["GET"]}}],"collection":[{"href":"https:\/\/grandepremio.com\/es\/wp-json\/wp\/v2\/posts"}],"about":[{"href":"https:\/\/grandepremio.com\/es\/wp-json\/wp\/v2\/types\/post"}],"replies":[{"embeddable":true,"href":"https:\/\/grandepremio.com\/es\/wp-json\/wp\/v2\/comments?post=19043"}],"version-history":[{"count":0,"href":"https:\/\/grandepremio.com\/es\/wp-json\/wp\/v2\/posts\/19043\/revisions"}],"wp:featuredmedia":[{"embeddable":true,"href":"https:\/\/grandepremio.com\/es\/wp-json\/wp\/v2\/media\/1010158389"}],"wp:attachment":[{"href":"https:\/\/grandepremio.com\/es\/wp-json\/wp\/v2\/media?parent=19043"}],"wp:term":[{"taxonomy":"category","embeddable":true,"href":"https:\/\/grandepremio.com\/es\/wp-json\/wp\/v2\/categories?post=19043"},{"taxonomy":"post_tag","embeddable":true,"href":"https:\/\/grandepremio.com\/es\/wp-json\/wp\/v2\/tags?post=19043"},{"taxonomy":"42wp_author","embeddable":true,"href":"https:\/\/grandepremio.com\/es\/wp-json\/wp\/v2\/42wp_author?post=19043"}],"curies":[{"name":"wp","href":"https:\/\/api.w.org\/{rel}","templated":true}]}}