{"id":19055,"date":"2023-05-25T09:52:28","date_gmt":"2023-05-25T12:52:28","guid":{"rendered":"https:\/\/grandepremio.com\/es\/2023\/05\/25\/de-vries-admite-errores-rumores-cree-seguira-alphatauri\/"},"modified":"2023-05-25T09:52:31","modified_gmt":"2023-05-25T12:52:31","slug":"de-vries-admite-errores-rumores-cree-seguira-alphatauri","status":"publish","type":"post","link":"https:\/\/grandepremio.com\/es\/f1\/de-vries-admite-errores-rumores-cree-seguira-alphatauri\/","title":{"rendered":"De Vries admite errores y cree que seguir\u00e1 en Alpha Tauri a pesar de los rumores"},"content":{"rendered":"\n<p class=\"wp-block-paragraph\">Despu\u00e9s de lo mucho que se habl\u00f3 de su ascenso a la <strong>F\u00f3rmula 1<\/strong>, proveniente del equipo Mercedes de la F\u00f3rmula E, <strong>Nyck De Vries <\/strong>dijo este jueves que no tiene m\u00e1s presi\u00f3n que al comienzo de a\u00f1o, <a href=\"https:\/\/grandepremio.com\/es\/\/f1\/red-bull-amarilla-nyck-de-vries-descarta-daniel-ricciardo\/\" target=\"_blank\" rel=\"noreferrer noopener\">debido a los rumores de que Helmut Marko le puso un \u201cultim\u00e1tum\u201d para el GP de Espa\u00f1a.<\/a><\/p>\n\n\n\n<p class=\"wp-block-paragraph\">Hasta el momento, el neerland\u00e9s no sum\u00f3 puntos y se ha visto superado en todas las carreras por su compa\u00f1ero, <strong>Yuki Tsunoda<\/strong>, y el jefe deportivo de<strong> Red Bull<\/strong> <a href=\"https:\/\/grandepremio.com\/es\/\/f1\/alphatauri-ultimatum-de-vries-plantea-regres-ricciardo\/\" target=\"_blank\" rel=\"noreferrer noopener\">ya piensa en su sustituci\u00f3n con Daniel Ricciardo <\/a>o Liam Lawson.<\/p>\n\n\n\n<p class=\"wp-block-paragraph\">Sobre las noticias del l\u00edmite que se le habr\u00eda dado para que mejore el rendimiento, el campe\u00f3n 2021 de la <strong>F\u00f3rmula E <\/strong>dijo que se siente seguro: &#8220;Y no es un shock para m\u00ed [que se hable de ello]. Es normal, la industria es as\u00ed. Siempre ha sido as\u00ed en Red Bull y en la F1. <strong>Creo sinceramente que [la situaci\u00f3n] no es diferente desde el principio de la temporada<\/strong>&#8220;, habl\u00f3.<\/p>\n\n\n\n<figure class=\"wp-block-image size-large is-resized\"><img loading=\"lazy\" decoding=\"async\" src=\"https:\/\/www.grandepremio.com\/br\/wp-content\/uploads\/2023\/05\/f1-2023-miami-treinos-livres-alphatauri-nyckdevries-01-2-1024x683.jpg\" alt=\"\" class=\"wp-image-680121\" width=\"840\" height=\"560\"\/><figcaption class=\"wp-element-caption\">Nyck De Vries dice sentirse seguro en la F1 (Foto: Red Bull Content Pool)<\/figcaption><\/figure>\n\n\n\n<p class=\"wp-block-paragraph\">&#8220;Realmente creo que no hay m\u00e1s presi\u00f3n ahora que en cualquier otro momento. De hecho, <strong>la \u00fanica diferencia en la F\u00f3rmula 1 es que hay mucho m\u00e1s ruido alrededor<\/strong>. Sobre todo, cuando no hay carreras, lo que da lugar a m\u00e1s especulaciones y habladur\u00edas. Es probablemente la mayor diferencia en comparaci\u00f3n con cualquier otro campeonato, pero la obligaci\u00f3n es la misma y todo el mundo tiene que hacer su trabajo&#8221;, sigui\u00f3.<\/p>\n\n\n\n<p class=\"wp-block-paragraph\"><strong>\u00a1Conoce el canal de Grande Pr\u00eamio en Espa\u00f1ol en&nbsp;<\/strong><a href=\"https:\/\/www.youtube.com\/channel\/UCDxWojGVUi9gWYhrY0pGbIQ\" target=\"_blank\" rel=\"noreferrer noopener\"><strong>YouTube<\/strong><\/a><strong>!<\/strong><br><strong>\u00a1Sigue a Grande Pr\u00eamio en Espa\u00f1ol en&nbsp;<\/strong><a href=\"https:\/\/twitter.com\/grandepremioES\" target=\"_blank\" rel=\"noreferrer noopener\"><strong>Twitter&nbsp;<\/strong><\/a><strong>y en&nbsp;<\/strong><a href=\"https:\/\/www.instagram.com\/grandepremioes\/\" target=\"_blank\" rel=\"noreferrer noopener\"><strong>Instagram<\/strong><\/a><strong>!<\/strong><\/p>\n\n\n\n<p class=\"wp-block-paragraph\">Adem\u00e1s, quien ganara el t\u00edtulo de F\u00f3rmula 2 en 2019, reconoci\u00f3 los errores de conducci\u00f3n en las cinco carreras que disput\u00f3 en F1: &#8220;Definitivamente <strong>creo que he cometido demasiados errores. Lo admito abiertamente<\/strong>. Pero tambi\u00e9n creo que mi ritmo fue fuerte en varios momentos, y eso me anima y me da confianza. Al fin y al cabo, no he sido capaz de hacer el trabajo y juntar todo lo que necesitaba, pero creo que la velocidad est\u00e1 ah\u00ed&#8221;, finaliz\u00f3.<\/p>\n\n\n\n<p class=\"wp-block-paragraph\">Por otro lado, el corredor de <a href=\"https:\/\/grandepremio.com\/es\/\/f1\/jefe-alphatauri-de-vries-bajo-presion-dificil-novato\/\" target=\"_blank\" rel=\"noreferrer noopener\">AlphaTauri<\/a> declar\u00f3 que &#8220;eres tan bueno como tu \u00faltima carrera&#8221;, acerca de su adaptaci\u00f3n a la F1 luego de su inesperado debut en el GP de Italia del a\u00f1o pasado con Williams, por la apendicitis de Alexander Albon.<\/p>\n\n\n\n<p class=\"wp-block-paragraph\">&#8220;Ahora he tenido un inicio de temporada un poco m\u00e1s dif\u00edcil y se vuelve m\u00e1s relevante. La verdad es que no profundizo mucho, simplemente comet\u00ed algunos errores y ya est\u00e1\u201d, zanj\u00f3 De Vries.<\/p>\n\n\n\n<p class=\"wp-block-paragraph\">La<strong> <a href=\"https:\/\/grandepremio.com\/es\/\/f1\/\" target=\"_blank\" rel=\"noreferrer noopener\">F1<\/a><\/strong> volver\u00e1 ma\u00f1ana a las pistas para el GP de M\u00f3naco, luego de la cancelaci\u00f3n del GP de la Emilia-Roma\u00f1a de la semana pasada.<\/p>\n\n\n\n<figure class=\"wp-block-embed is-type-video is-provider-youtube wp-block-embed-youtube wp-embed-aspect-16-9 wp-has-aspect-ratio\"><div class=\"wp-block-embed__wrapper\">\n<iframe loading=\"lazy\" title=\"DE VRIES NO GUSTA EN ALPHATAURI Y SU SITIO EN F1 PENDE DE UN HILO\" width=\"500\" height=\"281\" src=\"https:\/\/www.youtube.com\/embed\/pugGpbd9kOY?start=5&amp;feature=oembed\" frameborder=\"0\" allow=\"accelerometer; autoplay; clipboard-write; encrypted-media; gyroscope; picture-in-picture; web-share\" referrerpolicy=\"strict-origin-when-cross-origin\" allowfullscreen><\/iframe>\n<\/div><\/figure>\n","protected":false},"excerpt":{"rendered":"<p>Nyck de Vries ha hablado en la previa del Gran Premio de M\u00f3naco y reconoci\u00f3 que ha cometido muchos errores en su debut en la F\u00f3rmula 1, aunque no cree que su butaca en AlphaTauri no est\u00e1 en riesgo. <\/p>\n","protected":false},"author":0,"featured_media":1000682945,"comment_status":"closed","ping_status":"closed","sticky":false,"template":"","format":"standard","meta":{"42wp_featured_image_caption":"","42wp_featured_image_credits":"","42wp_featured_video":"","42wp_featured_image_hidden":false,"42wp_authors_list":[],"footnotes":""},"categories":[5],"tags":[426,181,185,179,1488,1358,199,249,197,1540,206],"42wp_author":[14237],"class_list":["post-19055","post","type-post","status-publish","format-standard","has-post-thumbnail","hentry","category-f1","tag-alpha-tauri","tag-f1","tag-ferrari","tag-formula-1","tag-grande-premio","tag-helmut-marko","tag-lewis-hamilton","tag-max-verstappen","tag-mercedes","tag-nyck-de-vries","tag-red-bull","42wp_author-gabriel-garcia"],"_links":{"self":[{"href":"https:\/\/grandepremio.com\/es\/wp-json\/wp\/v2\/posts\/19055","targetHints":{"allow":["GET"]}}],"collection":[{"href":"https:\/\/grandepremio.com\/es\/wp-json\/wp\/v2\/posts"}],"about":[{"href":"https:\/\/grandepremio.com\/es\/wp-json\/wp\/v2\/types\/post"}],"replies":[{"embeddable":true,"href":"https:\/\/grandepremio.com\/es\/wp-json\/wp\/v2\/comments?post=19055"}],"version-history":[{"count":0,"href":"https:\/\/grandepremio.com\/es\/wp-json\/wp\/v2\/posts\/19055\/revisions"}],"wp:featuredmedia":[{"embeddable":true,"href":"https:\/\/grandepremio.com\/es\/wp-json\/wp\/v2\/media\/1000682945"}],"wp:attachment":[{"href":"https:\/\/grandepremio.com\/es\/wp-json\/wp\/v2\/media?parent=19055"}],"wp:term":[{"taxonomy":"category","embeddable":true,"href":"https:\/\/grandepremio.com\/es\/wp-json\/wp\/v2\/categories?post=19055"},{"taxonomy":"post_tag","embeddable":true,"href":"https:\/\/grandepremio.com\/es\/wp-json\/wp\/v2\/tags?post=19055"},{"taxonomy":"42wp_author","embeddable":true,"href":"https:\/\/grandepremio.com\/es\/wp-json\/wp\/v2\/42wp_author?post=19055"}],"curies":[{"name":"wp","href":"https:\/\/api.w.org\/{rel}","templated":true}]}}