{"id":19066,"date":"2023-05-24T01:04:22","date_gmt":"2023-05-24T04:04:22","guid":{"rendered":"https:\/\/grandepremio.com\/es\/2023\/05\/24\/honda-aston-martin-actitud-determinacion-formula-1\/"},"modified":"2023-05-24T01:26:26","modified_gmt":"2023-05-24T04:26:26","slug":"honda-aston-martin-actitud-determinacion-formula-1","status":"publish","type":"post","link":"https:\/\/grandepremio.com\/es\/f1\/honda-aston-martin-actitud-determinacion-formula-1\/","title":{"rendered":"Honda ve a Aston Martin con misma &#8220;actitud&#8221; y &#8220;determinaci\u00f3n&#8221; y habla de t\u00edtulo en la F1"},"content":{"rendered":"\n<p class=\"wp-block-paragraph\"><a href=\"https:\/\/grandepremio.com\/es\/\/f1\/honda-acuerdo-proveedor-motores-aston-martin-f1-2026\/\" target=\"_blank\" rel=\"noreferrer noopener\"><strong>Honda<\/strong> anunci\u00f3 en la ma\u00f1ana del mi\u00e9rcoles de<strong> Jap\u00f3n<\/strong> que ser\u00e1 fabricante de motores de la<strong> F\u00f3rmula 1<\/strong> a partir de la t<strong>emporada 2026<\/strong><\/a><strong>, <\/strong>cuando entren en vigor las nuevas reglas para autos e impulsores. Y m\u00e1s que eso, lo har\u00e1 con <strong>Aston Martin<\/strong> como equipo oficial, para establecer una asociaci\u00f3n que nace con grandes expectativas. Y en su testimonio, los ejecutivos de la marca japonesa no hicieron nada para calmar el entusiasmo.<\/p>\n\n\n\n<figure class=\"wp-block-image size-large\"><img decoding=\"async\" src=\"https:\/\/grandepremio.com\/es\/\/wp-content\/uploads\/2023\/05\/image-6-1024x504.png\" alt=\"\" class=\"wp-image-157970\"\/><figcaption class=\"wp-element-caption\">Honda estableci\u00f3 una asociaci\u00f3n con Aston Martin. (Foto: Reproducci\u00f3n)<\/figcaption><\/figure>\n\n\n\n<p class=\"wp-block-paragraph\"><strong>\u00a1Conoce el canal de Grande Pr\u00eamio en Espa\u00f1ol en&nbsp;<\/strong><a href=\"https:\/\/www.youtube.com\/channel\/UCDxWojGVUi9gWYhrY0pGbIQ\" target=\"_blank\" rel=\"noreferrer noopener\"><strong>YouTube<\/strong><\/a><strong>!<\/strong><br><strong>\u00a1Sigue a Grande Pr\u00eamio en Espa\u00f1ol en&nbsp;<\/strong><a href=\"https:\/\/twitter.com\/grandepremioES\" target=\"_blank\" rel=\"noreferrer noopener\"><strong>Twitter&nbsp;<\/strong><\/a><strong>y en&nbsp;<\/strong><a href=\"https:\/\/www.instagram.com\/grandepremioes\/\" target=\"_blank\" rel=\"noreferrer noopener\"><strong>Instagram<\/strong><\/a><strong>!<\/strong><\/p>\n\n\n\n<p class=\"wp-block-paragraph\"><strong>Toshihiro Mibe, CEO de Honda International<\/strong>, fue quien condujo el acto y habl\u00f3 largo y tendido sobre el acuerdo. \u00abUna de las razones m\u00e1s importantes en nuestra decisi\u00f3n de asumir un nuevo reto en la F1 es que la c\u00faspide del automovilismo quiere convertirse en un campeonato sostenible, algo que est\u00e1 alineado con lo que Honda quiere hacia la neutralidad vinculada al carbono. Ser\u00e1 una plataforma que facilitar\u00e1 el desarrollo de nuestras tecnolog\u00edas de electrificaci\u00f3n\u00bb, especific\u00f3 el japon\u00e9s.<\/p>\n\n\n\n<p class=\"wp-block-paragraph\">\u00abHonda es una empresa con un historial de participar en desaf\u00edos y ganar carreras de alto nivel. Con las reglas de 2026, la clave para ganar es fabricar motores el\u00e9ctricos compactos, ligeros y de alto rendimiento, con bater\u00edas que puedan manejar diferentes modos de uso de la energ\u00eda, as\u00ed como tecnolog\u00eda de gesti\u00f3n de la energ\u00eda. Creemos que la tecnolog\u00eda y los conocimientos que podemos extraer de este nuevo reto pueden aplicarse directamente a nuestra futura producci\u00f3n en serie de veh\u00edculos el\u00e9ctricos, as\u00ed como a los principales modelos de deportivos el\u00e9ctricos, adem\u00e1s de a la tecnolog\u00eda de electrificaci\u00f3n en diversas \u00e1reas. Incluido el eVTOL [avi\u00f3n el\u00e9ctrico de despegue y aterrizaje vertical, una especie de helic\u00f3ptero], actualmente en fase de investigaci\u00f3n y desarrollo\u00bb, prosigui\u00f3.<\/p>\n\n\n\n<figure class=\"wp-block-image size-large\"><img decoding=\"async\" src=\"https:\/\/www.grandepremio.com\/br\/wp-content\/uploads\/2023\/05\/f1-2023-miami-treinos-livres-astonmartin-fernandoalonso-01-1-1024x683.jpg\" alt=\"\" class=\"wp-image-680170\"\/><figcaption class=\"wp-element-caption\">Aston Martin y Honda confirmaron una nueva asociaci\u00f3n. (Foto: Aston Martin)<\/figcaption><\/figure>\n\n\n\n<p class=\"wp-block-paragraph\">\u00abCon los nuevos socios de Aston Martin, compartimos una actitud sincera y la determinaci\u00f3n de ganar. As\u00ed que, a partir de la<strong> temporada 2026<\/strong>, trabajaremos juntos y aspiraremos al t\u00edtulo mundial como Aston Martin Honda\u00bb, manifest\u00f3.<\/p>\n\n\n\n<p class=\"wp-block-paragraph\">\u00abTenemos el m\u00e1ximo respeto por la FIA, que ha tomado la audaz decisi\u00f3n de instituir estas desafiantes nuevas normas para garantizar la sostenibilidad de las carreras y las actividades medioambientales para el mundo. Y lo mismo por la F1, que ha trabajado para que la marca sea a\u00fan m\u00e1s valiosa y tenga la garant\u00eda de seguir siendo el campeonato m\u00e1s prestigioso del mundo\u00bb, concluy\u00f3.<\/p>\n\n\n\n<figure class=\"wp-block-image size-large\"><img decoding=\"async\" src=\"https:\/\/grandepremio.com\/es\/\/wp-content\/uploads\/2023\/05\/WhatsApp-Image-2023-05-23-at-23.11.56-1-1024x498.jpeg\" alt=\"\" class=\"wp-image-158001\"\/><figcaption class=\"wp-element-caption\">Toshihiro Mibe, CEO de Honda Internacional. (Foto: Captura)<\/figcaption><\/figure>\n\n\n\n<p class=\"wp-block-paragraph\">Tambi\u00e9n por Honda habl\u00f3&nbsp;<strong>Koji Watanabe<\/strong>, presidente de HRC, que es la divisi\u00f3n de competici\u00f3n de Honda. \u00abEn medio de grandes cambios en nuestro negocio y con el automovilismo dando un giro en el camino hacia una transici\u00f3n hacia una sociedad neutra en carbono, hemos reestablecido a Honda como plataforma clave para mantener y desarrollar las actividades del automovilismo. Estableceremos las estructuras de sostenibilidad operativa para nuestras actividades de competici\u00f3n y seguiremos ofreciendo m\u00e1s sue\u00f1os y emoci\u00f3n a todos los aficionados al automovilismo de todo el mundo\u00bb, concluy\u00f3.<\/p>\n\n\n\n<p class=\"wp-block-paragraph\">La F\u00f3rmula 1 continuar\u00e1 su temporada 2023 con el <strong>GP de M\u00f3naco<\/strong>, el pr\u00f3ximo 28 de mayo.<\/p>\n","protected":false},"excerpt":{"rendered":"<p>La alta c\u00fapula de Honda se mostr\u00f3 entusiasmada con la nueva asociaci\u00f3n con Aston Martin, que entrar\u00e1 en vigencia a partir de la temporada 2026 de F\u00f3rmula 1.<\/p>\n","protected":false},"author":0,"featured_media":1010157986,"comment_status":"closed","ping_status":"closed","sticky":false,"template":"","format":"standard","meta":{"42wp_featured_image_caption":"","42wp_featured_image_credits":"","42wp_featured_video":"","42wp_featured_image_hidden":false,"42wp_authors_list":[],"footnotes":""},"categories":[5],"tags":[209,181,1676,184,179,2534,1488,2237,221,829,359,970],"42wp_author":[14223],"class_list":["post-19066","post","type-post","status-publish","format-standard","has-post-thumbnail","hentry","category-f1","tag-aston-martin","tag-f1","tag-f1-2023","tag-fernando-alonso","tag-formula-1","tag-formula-1-2023","tag-grande-premio","tag-grandepremio","tag-honda","tag-honda-f1","tag-lance-stroll","tag-lawrence-stroll","42wp_author-esteban-nieto"],"_links":{"self":[{"href":"https:\/\/grandepremio.com\/es\/wp-json\/wp\/v2\/posts\/19066","targetHints":{"allow":["GET"]}}],"collection":[{"href":"https:\/\/grandepremio.com\/es\/wp-json\/wp\/v2\/posts"}],"about":[{"href":"https:\/\/grandepremio.com\/es\/wp-json\/wp\/v2\/types\/post"}],"replies":[{"embeddable":true,"href":"https:\/\/grandepremio.com\/es\/wp-json\/wp\/v2\/comments?post=19066"}],"version-history":[{"count":0,"href":"https:\/\/grandepremio.com\/es\/wp-json\/wp\/v2\/posts\/19066\/revisions"}],"wp:featuredmedia":[{"embeddable":true,"href":"https:\/\/grandepremio.com\/es\/wp-json\/wp\/v2\/media\/1010157986"}],"wp:attachment":[{"href":"https:\/\/grandepremio.com\/es\/wp-json\/wp\/v2\/media?parent=19066"}],"wp:term":[{"taxonomy":"category","embeddable":true,"href":"https:\/\/grandepremio.com\/es\/wp-json\/wp\/v2\/categories?post=19066"},{"taxonomy":"post_tag","embeddable":true,"href":"https:\/\/grandepremio.com\/es\/wp-json\/wp\/v2\/tags?post=19066"},{"taxonomy":"42wp_author","embeddable":true,"href":"https:\/\/grandepremio.com\/es\/wp-json\/wp\/v2\/42wp_author?post=19066"}],"curies":[{"name":"wp","href":"https:\/\/api.w.org\/{rel}","templated":true}]}}