{"id":19080,"date":"2023-05-22T15:05:15","date_gmt":"2023-05-22T18:05:15","guid":{"rendered":"https:\/\/grandepremio.com\/es\/2023\/05\/22\/lewis-hamilton-apoyo-vinicius-jr-real-madrid\/"},"modified":"2023-05-22T15:05:18","modified_gmt":"2023-05-22T18:05:18","slug":"lewis-hamilton-apoyo-vinicius-jr-real-madrid","status":"publish","type":"post","link":"https:\/\/grandepremio.com\/es\/f1\/lewis-hamilton-apoyo-vinicius-jr-real-madrid\/","title":{"rendered":"Hamilton manifiesta apoyo a Vinicius tras ataque racista en Espa\u00f1a: &#8220;A tu lado&#8221;"},"content":{"rendered":"\n<p class=\"wp-block-paragraph\"><strong>Lewis Hamilton<\/strong> utiliz\u00f3 las redes sociales para mostrar su apoyo a<strong> Vinicius Jr.,<\/strong> jugador del<strong> Real Madrid,<\/strong> que sufri\u00f3 una serie de insultos racistas este domingo durante el partido del equipo madridista contra el <strong>Valencia<\/strong>. Gritos de &#8220;mono&#8221;, entre otros improperios-, fueron dirigidos al brasile\u00f1o, por lo que el partido fue detenido durante ocho minutos debido a los ataques.<\/p>\n\n\n\n<p class=\"wp-block-paragraph\">En su cuenta de Instagram, Hamilton comparti\u00f3 a trav\u00e9s de una historia el post de Vinicius sobre el delito que volvi\u00f3 a sufrir. &#8220;Ni la primera vez, ni la segunda, ni la tercera. El racismo es normal en La Liga [como se conoce a la liga espa\u00f1ola]. La competici\u00f3n lo cree normal, la Federaci\u00f3n tambi\u00e9n y los rivales lo fomentan&#8221;, denunci\u00f3 el brasile\u00f1o en el post.<\/p>\n\n\n\n<p class=\"wp-block-paragraph\">&#8220;El campeonato que un d\u00eda fue de Ronaldinho, Ronaldo, Cristiano y Messi, hoy es de los racistas. Una bella naci\u00f3n, que me acogi\u00f3 y que amo, pero que acept\u00f3 exportar al mundo la imagen de un pa\u00eds racista. Lo siento por los espa\u00f1oles que no est\u00e9n de acuerdo, pero hoy, en Brasil, Espa\u00f1a es conocido como un pa\u00eds de racistas. Y, desgraciadamente, por todo lo que ocurre cada semana, no tengo forma de defenderlo. Estoy de acuerdo. Pero soy fuerte y llegar\u00e9 hasta el final contra los racistas. Aunque sea lejos de aqu\u00ed&#8221;, finaliz\u00f3 el futbolista de la camiseta #20 en su texto.<\/p>\n\n\n\n<p class=\"wp-block-paragraph\"><strong><strong>\u00a1Conoce el canal de Grande Pr\u00eamio en Espa\u00f1ol en\u00a0<a href=\"https:\/\/www.youtube.com\/channel\/UCDxWojGVUi9gWYhrY0pGbIQ\" target=\"_blank\" rel=\"noreferrer noopener\">YouTube<\/a>!<br>\u00a1Sigue a\u00a0Grande Pr\u00eamio en Espa\u00f1ol\u00a0en\u00a0<a href=\"https:\/\/twitter.com\/grandepremioES\" target=\"_blank\" rel=\"noreferrer noopener\">Twitter\u00a0<\/a>y en\u00a0<a href=\"https:\/\/www.instagram.com\/grandepremioes\/\" target=\"_blank\" rel=\"noreferrer noopener\">Instagram<\/a>!<\/strong><\/strong><\/p>\n\n\n\n<figure class=\"wp-block-image size-large\"><img decoding=\"async\" src=\"https:\/\/www.grandepremio.com\/br\/wp-content\/uploads\/2023\/05\/IMG_7246-576x1024.png\" alt=\"\" class=\"wp-image-685053\"\/><figcaption class=\"wp-element-caption\">El posteo de Lewis Hamilton em apoyo al brasile\u00f1o Vinicius Jr. (Foto: Reproducci\u00f3n\/Instagram)<\/figcaption><\/figure>\n\n\n\n<p class=\"wp-block-paragraph\">Hamilton escribi\u00f3 &#8220;A tu lado, Vini Jr&#8221;. Y adem\u00e1s, sum\u00f3 un emoji que muestra un pu\u00f1o cerrado apuntando hacia delante, un s\u00edmbolo que suele utilizarse para indicar acuerdo y tambi\u00e9n fuerza. No es la primera vez, por cierto, que el siete veces campe\u00f3n <a href=\"https:\/\/grandepremio.com\/es\/\/f1\/lewis-hamilton-postura-ante-censura\/\" target=\"_blank\" rel=\"noreferrer noopener\">utiliza su voz para apoyar no s\u00f3lo la lucha contra el racismo, sino tambi\u00e9n a la comunidad LGBTQIAP+.<\/a><\/p>\n\n\n\n<p class=\"wp-block-paragraph\">Cerca del final del partido, en medio de insultos cada vez m\u00e1s intensos, el joven de 22 a\u00f1os a\u00fan se vio envuelto en una refriega en el campo e incluso se involucr\u00f3 en una refriega con su oponente Hugo Duro. El \u00e1rbitro Ricardo De Burgos Bengoetxea, sin embargo, revis\u00f3 las im\u00e1genes y consider\u00f3 que s\u00f3lo la bofetada dada por Vinicius fue una actitud antideportiva, expulsando al brasile\u00f1o del campo. El partido termin\u00f3 1-0 en favor del Valencia.<\/p>\n\n\n\n<figure class=\"wp-block-image size-large\"><img decoding=\"async\" src=\"https:\/\/grandepremio.com\/es\/\/wp-content\/uploads\/2023\/05\/M366998-1-1024x683.jpg\" alt=\"\" class=\"wp-image-157705\"\/><figcaption class=\"wp-element-caption\">Lewis Hamilton exhibe el arco\u00edris en su casco como s\u00edmbolo de la diversidad. (Foto: Mercedes\/Sam Bloxham)<\/figcaption><\/figure>\n\n\n\n<p class=\"wp-block-paragraph\">El caso gener\u00f3 una enorme repercusi\u00f3n en las redes sociales. El presidente brasile\u00f1o <strong>Luiz In\u00e1cio Lula da Silva<\/strong> repudi\u00f3 el racismo contra Vinicius, y afirm\u00f3: &#8220;No es posible que, casi en pleno siglo XXI, tengamos prejuicios raciales ganando fuerza en varios estadios de Europa&#8221;. Lula tambi\u00e9n asegur\u00f3 que el gobierno de Brasil, a trav\u00e9s del Ministerio de Igualdad Racial, notificar\u00e1 a las autoridades de Espa\u00f1a y tambi\u00e9n a La Liga, exigiendo acciones contra el crimen sufrido por el jugador.<\/p>\n\n\n\n<p class=\"wp-block-paragraph\">El lunes, la agencia de noticias AFP confirm\u00f3 que la fiscal\u00eda de la ciudad de Valencia ha abierto una investigaci\u00f3n sobre lo que considera un &#8220;posible delito de odio&#8221; contra Vinicius. La actuaci\u00f3n se produce despu\u00e9s de que el Real Madrid presentara una denuncia &#8220;para que se investiguen los hechos y se depuren responsabilidades&#8221;.<\/p>\n\n\n\n<p class=\"wp-block-paragraph\">El entrenador merengue,<strong> Carlo Ancelotti,<\/strong> declar\u00f3 a la prensa poco despu\u00e9s del partido que &#8220;la liga espa\u00f1ola tiene un problema, y Vin\u00edcius no es el problema. Vin\u00edcius es la v\u00edctima. Lo que ha pasado hoy ha pasado antes, pero no de esta manera. Es inaceptable&#8221;.<\/p>\n","protected":false},"excerpt":{"rendered":"<p>Lewis Hamilton se solidariz\u00f3 con  Vinicius Jr., futbolista del Real Madrid que sufri\u00f3 racismo durante el encuentro de su equipo frente al Valencia en La Liga.  <\/p>\n","protected":false},"author":0,"featured_media":1010155794,"comment_status":"closed","ping_status":"closed","sticky":false,"template":"","format":"standard","meta":{"42wp_featured_image_caption":"","42wp_featured_image_credits":"","42wp_featured_video":"","42wp_featured_image_hidden":false,"42wp_authors_list":[],"footnotes":""},"categories":[5],"tags":[181,1676,179,2534,7293,199,197,7292,7291],"42wp_author":[14223],"class_list":["post-19080","post","type-post","status-publish","format-standard","has-post-thumbnail","hentry","category-f1","tag-f1","tag-f1-2023","tag-formula-1","tag-formula-1-2023","tag-la-liga","tag-lewis-hamilton","tag-mercedes","tag-real-madrid","tag-vinicius-jr","42wp_author-esteban-nieto"],"_links":{"self":[{"href":"https:\/\/grandepremio.com\/es\/wp-json\/wp\/v2\/posts\/19080","targetHints":{"allow":["GET"]}}],"collection":[{"href":"https:\/\/grandepremio.com\/es\/wp-json\/wp\/v2\/posts"}],"about":[{"href":"https:\/\/grandepremio.com\/es\/wp-json\/wp\/v2\/types\/post"}],"replies":[{"embeddable":true,"href":"https:\/\/grandepremio.com\/es\/wp-json\/wp\/v2\/comments?post=19080"}],"version-history":[{"count":0,"href":"https:\/\/grandepremio.com\/es\/wp-json\/wp\/v2\/posts\/19080\/revisions"}],"wp:featuredmedia":[{"embeddable":true,"href":"https:\/\/grandepremio.com\/es\/wp-json\/wp\/v2\/media\/1010155794"}],"wp:attachment":[{"href":"https:\/\/grandepremio.com\/es\/wp-json\/wp\/v2\/media?parent=19080"}],"wp:term":[{"taxonomy":"category","embeddable":true,"href":"https:\/\/grandepremio.com\/es\/wp-json\/wp\/v2\/categories?post=19080"},{"taxonomy":"post_tag","embeddable":true,"href":"https:\/\/grandepremio.com\/es\/wp-json\/wp\/v2\/tags?post=19080"},{"taxonomy":"42wp_author","embeddable":true,"href":"https:\/\/grandepremio.com\/es\/wp-json\/wp\/v2\/42wp_author?post=19080"}],"curies":[{"name":"wp","href":"https:\/\/api.w.org\/{rel}","templated":true}]}}