{"id":19104,"date":"2023-05-20T13:59:50","date_gmt":"2023-05-20T16:59:50","guid":{"rendered":"https:\/\/grandepremio.com\/es\/2023\/05\/20\/formula-1-alonso-tricampeonato-aston-martin\/"},"modified":"2023-05-20T14:16:46","modified_gmt":"2023-05-20T17:16:46","slug":"formula-1-alonso-tricampeonato-aston-martin","status":"publish","type":"post","link":"https:\/\/grandepremio.com\/es\/f1\/formula-1-alonso-tricampeonato-aston-martin\/","title":{"rendered":"Alonso sue\u00f1a con ganar un tercer campeonato y dejar un legado en el automovilismo"},"content":{"rendered":"\n<figure class=\"wp-block-embed is-type-video is-provider-youtube wp-block-embed-youtube wp-embed-aspect-16-9 wp-has-aspect-ratio\"><div class=\"wp-block-embed__wrapper\">\n<iframe loading=\"lazy\" title=\"EL RESURGIMIENTO DE ALONSO, EL AVE F\u00c9NIX DE LA F\u00d3RMULA 1\" width=\"500\" height=\"281\" src=\"https:\/\/www.youtube.com\/embed\/D0L7iI3DskA?feature=oembed\" frameborder=\"0\" allow=\"accelerometer; autoplay; clipboard-write; encrypted-media; gyroscope; picture-in-picture; web-share\" referrerpolicy=\"strict-origin-when-cross-origin\" allowfullscreen><\/iframe>\n<\/div><\/figure>\n\n\n\n<p class=\"wp-block-paragraph\"><strong>Fernando Alonso<\/strong> ha acaparado la atenci\u00f3n al comienzo de <strong>2023<\/strong> y ya se posiciona como el protagonista de la temporada de <strong>F\u00f3rmula 1<\/strong>. El bicampe\u00f3n acert\u00f3 al <strong>cambiar de Alpine a Aston Martin<\/strong> y actualmente tiene entre sus manos un coche competitivo, capaz de llevarlo a pelear constantemente por el podio en cada nueva etapa del campeonato. Pero el rendimiento del espa\u00f1ol no es precisamente una sorpresa, ya que Alonso es uno de los grandes pilotos de la parrilla. Sin embargo, <strong>el asturiano de 41 a\u00f1os a\u00fan no est\u00e1 satisfecho.<\/strong><\/p>\n\n\n\n<p class=\"wp-block-paragraph\"><strong><strong>\u00a1Conoce el canal de Grande Pr\u00eamio en Espa\u00f1ol en\u00a0<a href=\"https:\/\/www.youtube.com\/channel\/UCDxWojGVUi9gWYhrY0pGbIQ\" target=\"_blank\" rel=\"noreferrer noopener\">YouTube<\/a>!<br>\u00a1Sigue a\u00a0Grande Pr\u00eamio en Espa\u00f1ol\u00a0en\u00a0<a href=\"https:\/\/twitter.com\/grandepremioES\" target=\"_blank\" rel=\"noreferrer noopener\">Twitter\u00a0<\/a>y en\u00a0<a href=\"https:\/\/www.instagram.com\/grandepremioes\/\" target=\"_blank\" rel=\"noreferrer noopener\">Instagram<\/a>!<\/strong><\/strong><\/p>\n\n\n\n<p class=\"wp-block-paragraph\">En una entrevista con el peri\u00f3dico estadounidense<em> The New York Times<\/em>, Alonso habl\u00f3 sobre el momento y el ambiente en <strong>Aston Martin,<\/strong> as\u00ed como su <strong>objetivo de <a href=\"https:\/\/grandepremio.com\/es\/\/f1\/viejotaller-alonso-ultima-victoria-f1-espana-2013\/\">perseguir el tricampeonato en la F1<\/a><\/strong>. El piloto del coche n\u00famero 14 levant\u00f3 el trofeo en dos ocasiones en su carrera, en 2005 y 2006, defendiendo a <strong>Renault<\/strong>. Pero es con la marca brit\u00e1nica con la que desea ampliar sus logros o, al menos, mantener una conexi\u00f3n m\u00e1s fuerte en el futuro.<\/p>\n\n\n\n<p class=\"wp-block-paragraph\">&#8220;Soy consciente de mi edad&#8221;, afirm\u00f3 Alonso. &#8220;<strong>S\u00e9 que no estar\u00e9 en la F1 durante los pr\u00f3ximos diez a\u00f1os, as\u00ed que cuando deje de correr, de alguna manera intentar\u00e9 mantenerme vinculado<\/strong> a Aston Martin&#8221;.<\/p>\n\n\n\n<p class=\"wp-block-paragraph\">&#8220;<strong>Ganar otro campeonato ser\u00eda algo perfecto<\/strong>. Si lograra otro t\u00edtulo despu\u00e9s de tantos a\u00f1os desde los dos primeros, tambi\u00e9n ser\u00eda algo sin precedentes. Pero ese es mi objetivo en este momento&#8221;, a\u00f1adi\u00f3 Fernando.<\/p>\n\n\n\n<figure class=\"wp-block-image size-full\"><img decoding=\"async\" src=\"https:\/\/www.grandepremio.com\/br\/wp-content\/uploads\/2023\/05\/f1-2023-miami-treinos-livres-astonmartin-fernandoalonso-01.jpg\" alt=\"\" class=\"wp-image-152995\"\/><\/figure>\n\n\n\n<p class=\"wp-block-paragraph\">Aunque el objetivo es agregar otro t\u00edtulo a su palmar\u00e9s, el bicampe\u00f3n tambi\u00e9n revel\u00f3 que tiene un sue\u00f1o a\u00fan m\u00e1s valioso en su vida profesional. <strong>Alonso quiere dejar como legado el amor por el deporte, su dedicaci\u00f3n al 100% a lo largo de todos estos a\u00f1os<\/strong>. A lo largo de su carrera, el piloto brill\u00f3 no solo en la <strong>F\u00f3rmula 1<\/strong>, sino tambi\u00e9n en la <strong>Indy<\/strong> cuando decidi\u00f3 competir en las <strong>500 Millas de Indian\u00e1polis en 2017<\/strong>, as\u00ed como en el <strong>Campeonato Mundial de Resistencia,<\/strong> donde fue campe\u00f3n, y en el <strong>Dakar<\/strong>.<\/p>\n\n\n\n<p class=\"wp-block-paragraph\">&#8220;El legado que quiero dejar es el amor por el deporte. Es algo tan grande que he seguido practicando durante a\u00f1os. Y a\u00fan as\u00ed, logro mantenerme a un nivel alto. Ha sido uno de los objetivos que me he marcado&#8221;, dijo.<\/p>\n\n\n\n<p class=\"wp-block-paragraph\">Tambi\u00e9n se le consult\u00f2 a Alonso sobre su vida personal y no ocult\u00f3 los sue\u00f1os que tiene para despu\u00e9s de las pistas. &#8220;Quiero tener una familia. Ese es el sue\u00f1o m\u00e1s grande de mi vida. A\u00fan no lo he logrado debido a mi estilo de vida. Pero es algo en lo que encontrar\u00e9 la felicidad cuando deje de correr&#8221;.<\/p>\n\n\n\n<p class=\"wp-block-paragraph\">La\u00a0<strong>F\u00f3rmula 1<\/strong>\u00a0regresa dentro de una semana con el\u00a0<strong>GP de M\u00f3naco<\/strong>, tras la cancelaci\u00f3n de la ronda de\u00a0<strong>Emilia-Roma\u00f1a<\/strong>\u00a0debido a las fuertes lluvias ca\u00eddas en la regi\u00f3n.<\/p>\n\n\n\n<figure class=\"wp-block-embed is-type-video is-provider-youtube wp-block-embed-youtube wp-embed-aspect-16-9 wp-has-aspect-ratio\"><div class=\"wp-block-embed__wrapper\">\n<iframe loading=\"lazy\" title=\"FERRARI Y MERCEDES NECESITAN MUCHO M\u00c1S QUE S\u00d3LO SER VELOCES PARA LUCHAR EN 2023\" width=\"500\" height=\"281\" src=\"https:\/\/www.youtube.com\/embed\/JRsqmsyde5I?feature=oembed\" frameborder=\"0\" allow=\"accelerometer; autoplay; clipboard-write; encrypted-media; gyroscope; picture-in-picture; web-share\" referrerpolicy=\"strict-origin-when-cross-origin\" allowfullscreen><\/iframe>\n<\/div><\/figure>\n","protected":false},"excerpt":{"rendered":"<p>Fernando Alonso es el gran protagonista al comienzo de la temporada de F\u00f3rmula 1 en 2023. Despu\u00e9s de cambiar de Alpine a Aston Martin, el piloto espa\u00f1ol se ha encontrado con un coche inesperadamente competitivo y ha demostrado un rendimiento excepcional en cada carrera. Pero el bicampe\u00f3n quiere m\u00e1s. No solo busca el tricampeonato, sino dejar un legado de amor por el deporte.<\/p>\n","protected":false},"author":0,"featured_media":1010156880,"comment_status":"closed","ping_status":"closed","sticky":false,"template":"","format":"standard","meta":{"42wp_featured_image_caption":"","42wp_featured_image_credits":"","42wp_featured_video":"","42wp_featured_image_hidden":false,"42wp_authors_list":[],"footnotes":""},"categories":[5],"tags":[782,4466,209,5624,181,1676,184,5340,179,1488,2237,6019],"42wp_author":[14235],"class_list":["post-19104","post","type-post","status-publish","format-standard","has-post-thumbnail","hentry","category-f1","tag-alonso","tag-alonso-aston-martin","tag-aston-martin","tag-aston-martin-amr23","tag-f1","tag-f1-2023","tag-fernando-alonso","tag-fernando-alonso-en-aston-martin","tag-formula-1","tag-grande-premio","tag-grandepremio","tag-podio-alonso","42wp_author-barbara-mincioni"],"_links":{"self":[{"href":"https:\/\/grandepremio.com\/es\/wp-json\/wp\/v2\/posts\/19104","targetHints":{"allow":["GET"]}}],"collection":[{"href":"https:\/\/grandepremio.com\/es\/wp-json\/wp\/v2\/posts"}],"about":[{"href":"https:\/\/grandepremio.com\/es\/wp-json\/wp\/v2\/types\/post"}],"replies":[{"embeddable":true,"href":"https:\/\/grandepremio.com\/es\/wp-json\/wp\/v2\/comments?post=19104"}],"version-history":[{"count":0,"href":"https:\/\/grandepremio.com\/es\/wp-json\/wp\/v2\/posts\/19104\/revisions"}],"wp:featuredmedia":[{"embeddable":true,"href":"https:\/\/grandepremio.com\/es\/wp-json\/wp\/v2\/media\/1010156880"}],"wp:attachment":[{"href":"https:\/\/grandepremio.com\/es\/wp-json\/wp\/v2\/media?parent=19104"}],"wp:term":[{"taxonomy":"category","embeddable":true,"href":"https:\/\/grandepremio.com\/es\/wp-json\/wp\/v2\/categories?post=19104"},{"taxonomy":"post_tag","embeddable":true,"href":"https:\/\/grandepremio.com\/es\/wp-json\/wp\/v2\/tags?post=19104"},{"taxonomy":"42wp_author","embeddable":true,"href":"https:\/\/grandepremio.com\/es\/wp-json\/wp\/v2\/42wp_author?post=19104"}],"curies":[{"name":"wp","href":"https:\/\/api.w.org\/{rel}","templated":true}]}}