{"id":19123,"date":"2023-05-19T09:48:04","date_gmt":"2023-05-19T12:48:04","guid":{"rendered":"https:\/\/grandepremio.com\/es\/2023\/05\/19\/f1-rompe-emisora-alista-primera-transmision-monaco\/"},"modified":"2023-05-19T11:03:45","modified_gmt":"2023-05-19T14:03:45","slug":"f1-rompe-emisora-alista-primera-transmision-monaco","status":"publish","type":"post","link":"https:\/\/grandepremio.com\/es\/f1\/f1-rompe-emisora-alista-primera-transmision-monaco\/","title":{"rendered":"La F1 rompe con una emisora local y alista su primera transmisi\u00f3n propia del GP de M\u00f3naco"},"content":{"rendered":"\n<p class=\"wp-block-paragraph\">Despu\u00e9s de muchas quejas generalizadas sobre las \u00faltimas retransmisiones del <strong>GP de M\u00f3naco<\/strong>, la <strong><a href=\"https:\/\/grandepremio.com\/es\/\/f1\/\" target=\"_blank\" rel=\"noreferrer noopener\">F\u00f3rmula 1<\/a><\/strong> producir\u00e1 a partir de la pr\u00f3xima semana la cobertura completa de la prueba de la prueba en Montecarlo, en la carrera que marcar\u00e1 la sexta cita de la temporada 2023. <\/p>\n\n\n\n<p class=\"wp-block-paragraph\">Hasta el a\u00f1o pasado, T\u00e9l\u00e9 Monte Carlo (TMC) ten\u00eda el control de la retransmisi\u00f3n, que generaba las im\u00e1genes enviadas al p\u00fablico.<\/p>\n\n\n\n<p class=\"wp-block-paragraph\">La informaci\u00f3n fue publicada por el portal Motorsport Broadcasting y significa que, por primera vez, la <strong>F\u00f3rmula 1<\/strong> producir\u00e1 las im\u00e1genes emitidas durante toda una temporada. Cabe se\u00f1alar que, en el pasado, cada canal local generaba las im\u00e1genes de los Grandes Premios, lo cual generaba importantes diferencias entre los pa\u00edses que visitaba el campeonato.<\/p>\n\n\n\n<p class=\"wp-block-paragraph\">Con el paso del tiempo, la F\u00f3rmula 1 comenz\u00f3 a hacerse cargo de la televisaci\u00f3n y generaci\u00f3n de im\u00e1genes de cada Gran Premio, pero, aun, restaba el <a href=\"https:\/\/grandepremio.com\/es\/\/f1\/crisis-francia-amenaza-electricidad-monaco\/\" target=\"_blank\" rel=\"noreferrer noopener\">GP de M\u00f3naco<\/a> con su propia emisi\u00f3n televisiva, criticada por no estar a la altura de lo que exige el pin\u00e1culo del automovilismo.<\/p>\n\n\n\n<figure class=\"wp-block-image size-full\"><img decoding=\"async\" src=\"https:\/\/grandepremio.com\/es\/\/wp-content\/uploads\/2023\/05\/000_32BJ338-1024x617-1.webp\" alt=\"\" class=\"wp-image-156671\"\/><figcaption class=\"wp-element-caption\">El a\u00f1o pasado, Sergio P\u00e9rez se llev\u00f3 la victoria en M\u00f3naco (Foto: Loic Venance\/AFP)<\/figcaption><\/figure>\n\n\n\n<p class=\"wp-block-paragraph\">Debido a que muchos periodistas y aficionados hab\u00edan centrado sus cr\u00edticas en que las \u00faltimas transmisiones se perd\u00edan de hechos relevantes de la carrera en el callejero de <strong>M\u00f3naco<\/strong>, como una pelea entre Vettel y Gasly de 2021, la F1 tom\u00f3 el problema y decidi\u00f3 hacerse cargo de la emisi\u00f3n completa de este GP.<\/p>\n\n\n\n<p class=\"wp-block-paragraph\">La idea, de acuerdo con el citado medio, es que las transmisiones de <strong><a href=\"https:\/\/grandepremio.com\/es\/\/f1\/sergio-perez-monaco-formula-1-2\/\" target=\"_blank\" rel=\"noreferrer noopener\">M\u00f3naco<\/a><\/strong> puedan tener una calidad similar a la del resto de carreras del a\u00f1o, con m\u00e1s \u00e1ngulos de filmaci\u00f3n, y una mejor generaci\u00f3n de im\u00e1genes.<\/p>\n\n\n\n<p class=\"wp-block-paragraph\">Adem\u00e1s, este a\u00f1o es el primero del nuevo acuerdo, por tres temporadas, firmado entre la categor\u00eda, el <strong>Automobile Club de M\u00f3naco<\/strong>, es decir, el organismo local rector del automovilismo, y el promotor de la carrera. De este modo, habr\u00e1 carrera hasta, por lo menos, 2025.<\/p>\n\n\n\n<p class=\"wp-block-paragraph\"><strong>\u00a1Conoce el canal de Grande Pr\u00eamio en Espa\u00f1ol en&nbsp;<\/strong><a href=\"https:\/\/www.youtube.com\/channel\/UCDxWojGVUi9gWYhrY0pGbIQ\" target=\"_blank\" rel=\"noreferrer noopener\"><strong>YouTube<\/strong><\/a><strong>!<\/strong><br><strong>\u00a1Sigue a Grande Pr\u00eamio en Espa\u00f1ol en&nbsp;<\/strong><a href=\"https:\/\/twitter.com\/grandepremioES\" target=\"_blank\" rel=\"noreferrer noopener\"><strong>Twitter&nbsp;<\/strong><\/a><strong>y en&nbsp;<\/strong><a href=\"https:\/\/www.instagram.com\/grandepremioes\/\" target=\"_blank\" rel=\"noreferrer noopener\"><strong>Instagram<\/strong><\/a><strong>!<\/strong><\/p>\n\n\n\n<p class=\"wp-block-paragraph\">El <strong>GP de M\u00f3naco <\/strong>se celebrar\u00e1 la pr\u00f3xima semana, el 28 de mayo, con el inicio de la carrera previsto para las 10:00 hora de Brasilia\/Buenos Aires.<\/p>\n","protected":false},"excerpt":{"rendered":"<p>A diferencia del resto de rondas de la temporada, el Gran Premio de M\u00f3naco hab\u00eda sido generado por una emisora local hasta el a\u00f1o pasado. A partir de 2023, sin embargo, la F\u00f3rmula 1 tomar\u00e1 el control de la retransmisi\u00f3n al p\u00fablico.<\/p>\n","protected":false},"author":0,"featured_media":1010156668,"comment_status":"closed","ping_status":"closed","sticky":false,"template":"","format":"standard","meta":{"42wp_featured_image_caption":"","42wp_featured_image_credits":"","42wp_featured_video":"","42wp_featured_image_hidden":false,"42wp_authors_list":[],"footnotes":""},"categories":[5],"tags":[181,7251,179,1325,199,249,197,2621,206,294],"42wp_author":[14237],"class_list":["post-19123","post","type-post","status-publish","format-standard","has-post-thumbnail","hentry","category-f1","tag-f1","tag-fom","tag-formula-1","tag-gp-de-monaco","tag-lewis-hamilton","tag-max-verstappen","tag-mercedes","tag-montecarlo","tag-red-bull","tag-sergio-perez","42wp_author-gabriel-garcia"],"_links":{"self":[{"href":"https:\/\/grandepremio.com\/es\/wp-json\/wp\/v2\/posts\/19123","targetHints":{"allow":["GET"]}}],"collection":[{"href":"https:\/\/grandepremio.com\/es\/wp-json\/wp\/v2\/posts"}],"about":[{"href":"https:\/\/grandepremio.com\/es\/wp-json\/wp\/v2\/types\/post"}],"replies":[{"embeddable":true,"href":"https:\/\/grandepremio.com\/es\/wp-json\/wp\/v2\/comments?post=19123"}],"version-history":[{"count":0,"href":"https:\/\/grandepremio.com\/es\/wp-json\/wp\/v2\/posts\/19123\/revisions"}],"wp:featuredmedia":[{"embeddable":true,"href":"https:\/\/grandepremio.com\/es\/wp-json\/wp\/v2\/media\/1010156668"}],"wp:attachment":[{"href":"https:\/\/grandepremio.com\/es\/wp-json\/wp\/v2\/media?parent=19123"}],"wp:term":[{"taxonomy":"category","embeddable":true,"href":"https:\/\/grandepremio.com\/es\/wp-json\/wp\/v2\/categories?post=19123"},{"taxonomy":"post_tag","embeddable":true,"href":"https:\/\/grandepremio.com\/es\/wp-json\/wp\/v2\/tags?post=19123"},{"taxonomy":"42wp_author","embeddable":true,"href":"https:\/\/grandepremio.com\/es\/wp-json\/wp\/v2\/42wp_author?post=19123"}],"curies":[{"name":"wp","href":"https:\/\/api.w.org\/{rel}","templated":true}]}}