{"id":19129,"date":"2023-05-18T14:47:18","date_gmt":"2023-05-18T17:47:18","guid":{"rendered":"https:\/\/grandepremio.com\/es\/2023\/05\/18\/formula-1-terremoto-japon-gp-pacifico-1995\/"},"modified":"2023-05-18T14:47:22","modified_gmt":"2023-05-18T17:47:22","slug":"formula-1-terremoto-japon-gp-pacifico-1995","status":"publish","type":"post","link":"https:\/\/grandepremio.com\/es\/f1\/formula-1-terremoto-japon-gp-pacifico-1995\/","title":{"rendered":"Jap\u00f3n 1995: la carrera de F1 reprogramada por terremoto"},"content":{"rendered":"\n<figure class=\"wp-block-embed is-type-video is-provider-youtube wp-block-embed-youtube wp-embed-aspect-16-9 wp-has-aspect-ratio\"><div class=\"wp-block-embed__wrapper\">\n<iframe loading=\"lazy\" title=\"FERRARI Y MERCEDES NECESITAN MUCHO M\u00c1S QUE S\u00d3LO SER VELOCES PARA LUCHAR EN 2023\" width=\"500\" height=\"281\" src=\"https:\/\/www.youtube.com\/embed\/JRsqmsyde5I?feature=oembed\" frameborder=\"0\" allow=\"accelerometer; autoplay; clipboard-write; encrypted-media; gyroscope; picture-in-picture; web-share\" referrerpolicy=\"strict-origin-when-cross-origin\" allowfullscreen><\/iframe>\n<\/div><\/figure>\n\n\n\n<p class=\"wp-block-paragraph\">Una vez m\u00e1s en la historia, la <strong>F\u00f3rmula 1<\/strong> se vio obligada a suspender una etapa de su calendario debido a un desastre natural. Y si esta vez fue la lluvia la que interrumpi\u00f3 las <a href=\"https:\/\/grandepremio.com\/es\/\/f1\/formula-1-decide-posponer-gp-de-emilia-romana\/\">actividades del fin de semana en <strong>Emilia-Roma\u00f1a<\/strong><\/a>, un <strong>terremoto oblig\u00f3 a la categor\u00eda a cambiar la fecha de un GP en 1995<\/strong>.<\/p>\n\n\n\n<p class=\"wp-block-paragraph\"><strong>\u00a1Conoce el canal de Grande Pr\u00eamio en Espa\u00f1ol en\u00a0<\/strong><a href=\"https:\/\/www.youtube.com\/channel\/UCDxWojGVUi9gWYhrY0pGbIQ\" target=\"_blank\" rel=\"noreferrer noopener\"><strong>YouTube<\/strong><\/a><strong>!<\/strong><br><strong>\u00a1Sigue a Grande Pr\u00eamio en Espa\u00f1ol en\u00a0<\/strong><a href=\"https:\/\/twitter.com\/grandepremioES\" target=\"_blank\" rel=\"noreferrer noopener\"><strong>Twitter\u00a0<\/strong><\/a><strong>y en\u00a0<\/strong><a href=\"https:\/\/www.instagram.com\/grandepremioes\/\" target=\"_blank\" rel=\"noreferrer noopener\"><strong>Instagram<\/strong><\/a><strong>!<\/strong><\/p>\n\n\n\n<p class=\"wp-block-paragraph\">La carrera en cuesti\u00f3n era el <strong>Gran Premio del Pac\u00edfico<\/strong>, originalmente programado para abril de ese a\u00f1o. El circuito de <strong>Okayama<\/strong>, en Jap\u00f3n, iba a acoger la segunda edici\u00f3n del evento, pero los planes tuvieron que ser modificados despu\u00e9s de que un fuerte <strong>terremoto de magnitud 7,3 en la escala de Richter <\/strong>golpeara principalmente la ciudad de <strong>Kobe<\/strong>, a 114 km de distancia.<\/p>\n\n\n\n<figure class=\"wp-block-image size-large\"><img decoding=\"async\" src=\"https:\/\/www.grandepremio.com\/br\/wp-content\/uploads\/2020\/10\/schumacher-pacifico-1995-1024x683.jpg\" alt=\"\" class=\"wp-image-428732\"\/><figcaption class=\"wp-element-caption\">La celebraci\u00f3n de Michael Schumacher por su segundo t\u00edtulo de F\u00f3rmula 1 en Aida, Jap\u00f3n (Foto: Reprodu\u00e7\u00e3o)<\/figcaption><\/figure>\n\n\n\n<p class=\"wp-block-paragraph\">El terremoto, conocido como el <strong>Gran Terremoto de Hanshin-Awaji<\/strong>, ocurri\u00f3 el 17 de enero de 1995 y dej\u00f3 m\u00e1s de 6.400 muertos, 35.000 heridos y otros 300.000 desplazados. En aquel momento, el desastre fue considerado el m\u00e1s grande en los \u00faltimos 50 a\u00f1os.<\/p>\n\n\n\n<p class=\"wp-block-paragraph\">Ante la situaci\u00f3n ca\u00f3tica, la <strong>F1<\/strong> decidi\u00f3<strong> posponer el Gran Premio del Pac\u00edfico<\/strong> hasta octubre, apenas una semana antes del <strong>Gran Premio de Jap\u00f3n<\/strong>, convirti\u00e9ndolo en la antepen\u00faltima etapa del campeonato de la temporada 1995. El cambio fue posible gracias a un calendario un poco m\u00e1s flexible en ese momento, con 17 carreras.<\/p>\n\n\n\n<p class=\"wp-block-paragraph\">Sin embargo, <strong>las carreras consecutivas en Jap\u00f3n no resultaron como se esperaba<\/strong>. El portal <em>StatsF1 <\/em>record\u00f3 que los propios japoneses sabotearon la segunda carrera, ya que la cadena de televisi\u00f3n Fuji TV, que ten\u00eda los derechos de transmisi\u00f3n, simplemente <strong>se neg\u00f3 a transmitir en vivo el Gran Premio del Pac\u00edfico<\/strong>. La carrera fue eliminada del campeonato al a\u00f1o siguiente.<\/p>\n\n\n\n<p class=\"wp-block-paragraph\">Dejando de lado las pol\u00e9micas, la carrera celebrada en Aida marc\u00f3 el bicampeonato de <strong>Michael Schumacher<\/strong> con <strong>Benetton<\/strong>. El piloto alem\u00e1n gan\u00f3 la carrera y se asegur\u00f3 el t\u00edtulo dos rondas antes del final.<\/p>\n","protected":false},"excerpt":{"rendered":"<p>El Gran Premio del Pac\u00edfico en Jap\u00f3n estaba programado para abril de 1995, pero un terremoto de magnitud 7,3 en la escala de Richter golpe\u00f3 principalmente la ciudad de Kobe meses antes, lo que oblig\u00f3 a la F\u00f3rmula 1 a cambiar la fecha de la carrera en el calendario.<\/p>\n","protected":false},"author":0,"featured_media":1010156207,"comment_status":"closed","ping_status":"closed","sticky":false,"template":"","format":"standard","meta":{"42wp_featured_image_caption":"","42wp_featured_image_credits":"","42wp_featured_video":"","42wp_featured_image_hidden":false,"42wp_authors_list":[],"footnotes":""},"categories":[5],"tags":[179,1422,7239,1488,2237,1999,7238,188,822],"42wp_author":[14235],"class_list":["post-19129","post","type-post","status-publish","format-standard","has-post-thumbnail","hentry","category-f1","tag-formula-1","tag-gp-de-japon","tag-gp-del-pacifico","tag-grande-premio","tag-grandepremio","tag-japon","tag-kobe","tag-michael-schumacher","tag-schumacher","42wp_author-barbara-mincioni"],"_links":{"self":[{"href":"https:\/\/grandepremio.com\/es\/wp-json\/wp\/v2\/posts\/19129","targetHints":{"allow":["GET"]}}],"collection":[{"href":"https:\/\/grandepremio.com\/es\/wp-json\/wp\/v2\/posts"}],"about":[{"href":"https:\/\/grandepremio.com\/es\/wp-json\/wp\/v2\/types\/post"}],"replies":[{"embeddable":true,"href":"https:\/\/grandepremio.com\/es\/wp-json\/wp\/v2\/comments?post=19129"}],"version-history":[{"count":0,"href":"https:\/\/grandepremio.com\/es\/wp-json\/wp\/v2\/posts\/19129\/revisions"}],"wp:featuredmedia":[{"embeddable":true,"href":"https:\/\/grandepremio.com\/es\/wp-json\/wp\/v2\/media\/1010156207"}],"wp:attachment":[{"href":"https:\/\/grandepremio.com\/es\/wp-json\/wp\/v2\/media?parent=19129"}],"wp:term":[{"taxonomy":"category","embeddable":true,"href":"https:\/\/grandepremio.com\/es\/wp-json\/wp\/v2\/categories?post=19129"},{"taxonomy":"post_tag","embeddable":true,"href":"https:\/\/grandepremio.com\/es\/wp-json\/wp\/v2\/tags?post=19129"},{"taxonomy":"42wp_author","embeddable":true,"href":"https:\/\/grandepremio.com\/es\/wp-json\/wp\/v2\/42wp_author?post=19129"}],"curies":[{"name":"wp","href":"https:\/\/api.w.org\/{rel}","templated":true}]}}