{"id":19132,"date":"2023-05-18T11:45:59","date_gmt":"2023-05-18T14:45:59","guid":{"rendered":"https:\/\/grandepremio.com\/es\/2023\/05\/18\/mercedes-lleva-ansiadas-mejoras-w14-monaco\/"},"modified":"2023-05-18T11:46:02","modified_gmt":"2023-05-18T14:46:02","slug":"mercedes-lleva-ansiadas-mejoras-w14-monaco","status":"publish","type":"post","link":"https:\/\/grandepremio.com\/es\/f1\/mercedes-lleva-ansiadas-mejoras-w14-monaco\/","title":{"rendered":"Mercedes no se demora y lleva las ansiadas mejoras del W14 al GP de M\u00f3naco"},"content":{"rendered":"\n<p class=\"wp-block-paragraph\">Luego de que las fuertes tormentas forzaran la suspensi\u00f3n de la carrera en <strong>Imola<\/strong>, hab\u00eda crecido la incertidumbre por las mejoras que los equipos de la <strong><a href=\"https:\/\/grandepremio.com\/es\/\/f1\/\" target=\"_blank\" rel=\"noreferrer noopener\">F\u00f3rmula 1<\/a><\/strong> iban a llevar para el evento cancelado. Pero, y a pesar de que no habr\u00e1 competencias hasta la semana venidera, <strong>Mercedes<\/strong> decidi\u00f3 mantenerse en su plan.<\/p>\n\n\n\n<p class=\"wp-block-paragraph\">Hay que recordar que, si bien se aguardaba por una mejor\u00eda en el <strong>W14<\/strong>, tanto <strong>Toto Wolff,<\/strong> jefe de Equipo, y <strong>Andrew Shovlin<\/strong>, director del departamento de ingenier\u00eda, hab\u00edan declarado que no quer\u00edan montar expectativas desmedidas en las actualizaciones.<\/p>\n\n\n\n<p class=\"wp-block-paragraph\">De acuerdo con la informaci\u00f3n provista por RaceFans, un portavoz del equipo con sede en Brackley confirm\u00f3 que el W14 <a href=\"https:\/\/grandepremio.com\/es\/\/f1\/formula-1-mercedes-w14b-carrera-imola\/\" target=\"_blank\" rel=\"noreferrer noopener\">tendr\u00e1 las actualizaciones montadas<\/a> en los monoplazas de <a href=\"https:\/\/grandepremio.com\/es\/\/f1\/formula-1-hamilton-mercedes-equipos\/\" target=\"_blank\" rel=\"noreferrer noopener\">Lewis Hamilton<\/a> y de George Russell para el GP de M\u00f3naco, a disputarse entre el 26 y el 28 de mayo.<\/p>\n\n\n\n<p class=\"wp-block-paragraph\"><strong>\u00a1Conoce el canal de Grande Pr\u00eamio en Espa\u00f1ol en&nbsp;<\/strong><a href=\"https:\/\/www.youtube.com\/channel\/UCDxWojGVUi9gWYhrY0pGbIQ\" target=\"_blank\" rel=\"noreferrer noopener\"><strong>YouTube<\/strong><\/a><strong>!<\/strong><br><strong>\u00a1Sigue a Grande Pr\u00eamio en Espa\u00f1ol en&nbsp;<\/strong><a href=\"https:\/\/twitter.com\/grandepremioES\" target=\"_blank\" rel=\"noreferrer noopener\"><strong>Twitter&nbsp;<\/strong><\/a><strong>y en&nbsp;<\/strong><a href=\"https:\/\/www.instagram.com\/grandepremioes\/\" target=\"_blank\" rel=\"noreferrer noopener\"><strong>Instagram<\/strong><\/a><strong>!<\/strong><\/p>\n\n\n\n<p class=\"wp-block-paragraph\">Shovlin declar\u00f3 hace unos d\u00edas que el equipo pretend\u00eda ir en otra direcci\u00f3n del desarrollo del W14, que fue denostado por Toto Wolff y por ambos pilotos, sobre todo Hamilton, luego de haberse quedado fuera de la Q2 en el GP de Miami, que se corri\u00f3 hace casi dos semanas.<\/p>\n\n\n\n<figure class=\"wp-block-image size-large\"><img decoding=\"async\" src=\"https:\/\/grandepremio.com\/es\/\/wp-content\/uploads\/2023\/05\/ham-merc-w14-1024x641.png\" alt=\"\" class=\"wp-image-156253\"\/><figcaption class=\"wp-element-caption\">Lewis Hamilton no gana una carrera en F1 desde 2021. (Foto: Mercedes)<\/figcaption><\/figure>\n\n\n\n<p class=\"wp-block-paragraph\">Por el momento, el cuestionado W14 tendr\u00e1 que dar mucho m\u00e1s de s\u00ed para permitirles a Hamilton y a Russell pelear por podios y victorias. Solo se puede destacar el podio de LH44 en el GP de Australia. Por esto, el coche tendr\u00e1 m\u00e1s actualizaciones a lo largo del a\u00f1o.<\/p>\n\n\n\n<p class=\"wp-block-paragraph\">Desde que Hamilton ganara el GP de Arabia Saudita de 2021, Mercedes solo ha ganado una carrera, el GP de Brasill del a\u00f1o pasado de la mano de<strong><a href=\"https:\/\/grandepremio.com\/es\/\/f1\/george-russell-nuevo-w14-mercedes-formula-1\/\" target=\"_blank\" rel=\"noreferrer noopener\"> George Russell<\/a><\/strong>, tras el cambio reglamentario que la F1 implement\u00f3 en 2022 para detener el dominio del fabricante alem\u00e1n.<\/p>\n\n\n\n<p class=\"wp-block-paragraph\">Con la ronda cancelada en Imola, habr\u00e1 que aguardar que otros equipos implementar\u00e1n las mejoras en sus monoplazas para esta temporada de <strong>F1<\/strong>, o si las aplazar\u00e1n hasta Barcelona, tal como se rumorea en el caso de <strong>Ferrari<\/strong>. El equipo de Maranello tiene previsto incorporar en su SF-23 una nueva suspensi\u00f3n revisada.<\/p>\n","protected":false},"excerpt":{"rendered":"<p>A pesar de la cancelaci\u00f3n del Gran Premio de la Emilia-Roma\u00f1a, que estaba pactado para este fin de semana en Imola, el equipo Mercedes decidi\u00f3 implementar las mejoras en el W14 para la cita en M\u00f3naco, la siguiente parada en el calendario de la F\u00f3rmula 1.<\/p>\n","protected":false},"author":0,"featured_media":1010156251,"comment_status":"closed","ping_status":"closed","sticky":false,"template":"","format":"standard","meta":{"42wp_featured_image_caption":"","42wp_featured_image_credits":"","42wp_featured_video":"","42wp_featured_image_hidden":false,"42wp_authors_list":[],"footnotes":""},"categories":[5],"tags":[1411,181,185,179,253,1488,199,249,197,206,569],"42wp_author":[14237],"class_list":["post-19132","post","type-post","status-publish","format-standard","has-post-thumbnail","hentry","category-f1","tag-andrew-shovlin","tag-f1","tag-ferrari","tag-formula-1","tag-george-russell","tag-grande-premio","tag-lewis-hamilton","tag-max-verstappen","tag-mercedes","tag-red-bull","tag-toto-wolff","42wp_author-gabriel-garcia"],"_links":{"self":[{"href":"https:\/\/grandepremio.com\/es\/wp-json\/wp\/v2\/posts\/19132","targetHints":{"allow":["GET"]}}],"collection":[{"href":"https:\/\/grandepremio.com\/es\/wp-json\/wp\/v2\/posts"}],"about":[{"href":"https:\/\/grandepremio.com\/es\/wp-json\/wp\/v2\/types\/post"}],"replies":[{"embeddable":true,"href":"https:\/\/grandepremio.com\/es\/wp-json\/wp\/v2\/comments?post=19132"}],"version-history":[{"count":0,"href":"https:\/\/grandepremio.com\/es\/wp-json\/wp\/v2\/posts\/19132\/revisions"}],"wp:featuredmedia":[{"embeddable":true,"href":"https:\/\/grandepremio.com\/es\/wp-json\/wp\/v2\/media\/1010156251"}],"wp:attachment":[{"href":"https:\/\/grandepremio.com\/es\/wp-json\/wp\/v2\/media?parent=19132"}],"wp:term":[{"taxonomy":"category","embeddable":true,"href":"https:\/\/grandepremio.com\/es\/wp-json\/wp\/v2\/categories?post=19132"},{"taxonomy":"post_tag","embeddable":true,"href":"https:\/\/grandepremio.com\/es\/wp-json\/wp\/v2\/tags?post=19132"},{"taxonomy":"42wp_author","embeddable":true,"href":"https:\/\/grandepremio.com\/es\/wp-json\/wp\/v2\/42wp_author?post=19132"}],"curies":[{"name":"wp","href":"https:\/\/api.w.org\/{rel}","templated":true}]}}