{"id":19133,"date":"2023-05-18T11:12:26","date_gmt":"2023-05-18T14:12:26","guid":{"rendered":"https:\/\/grandepremio.com\/es\/2023\/05\/18\/formula-e-confirma-marcha-reigle-anuncia-dodds-nuevo-ceo\/"},"modified":"2023-05-18T11:12:28","modified_gmt":"2023-05-18T14:12:28","slug":"formula-e-confirma-marcha-reigle-anuncia-dodds-nuevo-ceo","status":"publish","type":"post","link":"https:\/\/grandepremio.com\/es\/formula-e\/formula-e-confirma-marcha-reigle-anuncia-dodds-nuevo-ceo\/","title":{"rendered":"La F\u00f3rmula E confirma la marcha de Reigle y anuncia a Dodds como nuevo CEO"},"content":{"rendered":"\n<p class=\"wp-block-paragraph\"><strong>Jamie Reigle<\/strong> ha dejado el cargo de CEO de la <strong><a href=\"https:\/\/grandepremio.com\/es\/\/?s=formula+e\" target=\"_blank\" rel=\"noreferrer noopener\">F\u00f3rmula E<\/a><\/strong> luego de m\u00e1s de tres a\u00f1os en el puesto, y la categor\u00eda ha actuado con rapidez para anunciar al sucesor del brit\u00e1nico. El nombre m\u00e1s sonado para ocupar el puesto,<strong> Jeff Dodds<\/strong>, fue confirmado oficialmente como nuevo CEO de la categor\u00eda el\u00e9ctrica ayer por la ma\u00f1ana.<\/p>\n\n\n\n<p class=\"wp-block-paragraph\">Dodds, quien se desempe\u00f1aba como Director de Operaciones del Grupo Virgin Media O2 durante los dos \u00faltimos a\u00f1os, <strong>cuenta con una amplia experiencia en grupos de medios de comunicaci\u00f3n<\/strong>, habiendo trabajado tambi\u00e9n como Consejero Delegado de la multinacional sueca de comunicaciones Tele2. Por \u00faltimo, Jeff tambi\u00e9n ha sido directivo de Volvo y jefe de marketing de Honda.<\/p>\n\n\n\n<p class=\"wp-block-paragraph\"><strong>\u00a1Conoce el canal de Grande Pr\u00eamio en Espa\u00f1ol en&nbsp;<\/strong><a href=\"https:\/\/www.youtube.com\/channel\/UCDxWojGVUi9gWYhrY0pGbIQ\" target=\"_blank\" rel=\"noreferrer noopener\"><strong>YouTube<\/strong><\/a><strong>!<\/strong><br><strong>\u00a1Sigue a Grande Pr\u00eamio en Espa\u00f1ol en&nbsp;<\/strong><a href=\"https:\/\/twitter.com\/grandepremioES\" target=\"_blank\" rel=\"noreferrer noopener\"><strong>Twitter&nbsp;<\/strong><\/a><strong>y en&nbsp;<\/strong><a href=\"https:\/\/www.instagram.com\/grandepremioes\/\" target=\"_blank\" rel=\"noreferrer noopener\"><strong>Instagram<\/strong><\/a><strong>!<\/strong><\/p>\n\n\n\n<p class=\"wp-block-paragraph\">&#8220;Es un honor para m\u00ed convertirme en CEO de la F\u00f3rmula E&#8221;, celebr\u00f3 Dodds. &#8220;Mi pasi\u00f3n por los coches, el deporte y el entretenimiento significa que estoy incre\u00edblemente entusiasmado con esta oportunidad. La F\u00f3rmula E es una plataforma \u00fanica que combina tecnolog\u00eda punta con el deporte m\u00e1s sostenible del mundo, creando un potencial infinito para la innovaci\u00f3n y el cambio positivo&#8221;, destac\u00f3.<\/p>\n\n\n\n<figure class=\"wp-block-image size-large\"><img decoding=\"async\" src=\"https:\/\/grandepremio.com\/es\/\/wp-content\/uploads\/2023\/05\/Jamie-Reigle-1024x683.jpg\" alt=\"\" class=\"wp-image-156240\"\/><figcaption class=\"wp-element-caption\">Jamie Reigle dejar\u00e1 definitivamente el cargo de consejero delegado tras el final de la temporada (Foto: Divulgaci\u00f3n)<\/figcaption><\/figure>\n\n\n\n<p class=\"wp-block-paragraph\">&#8220;Hay un equipo de clase mundial en la F\u00f3rmula E&#8221;, elogi\u00f3 el nuevo CEO. &#8220;Y estoy emocionado de liderarlos hacia un nuevo cap\u00edtulo, dando forma al futuro del automovilismo y redefiniendo lo que es posible&#8221;, a\u00f1adi\u00f3.<\/p>\n\n\n\n<p class=\"wp-block-paragraph\"><strong>Jamie Reigle,<\/strong> que ten\u00eda preparada su salida desde hace tiempo, aprovech\u00f3 el anuncio para despedirse definitivamente de la categor\u00eda, que abandonar\u00e1 tras el final de la temporada. <strong>El actual CEO de la categor\u00eda totalmente el\u00e9ctrica estaba en su cargo desde septiembre de 2019<\/strong>, cuando sustituy\u00f3 a Alejandro Agag, y pudo soportar las negativas consecuencias econ\u00f3micas de la pandemia de coronavirus y los problemas con el Gen3.<\/p>\n\n\n\n<p class=\"wp-block-paragraph\">&#8220;Ha sido un honor liderar la F\u00f3rmula E durante los \u00faltimos cuatro a\u00f1os&#8221;, dijo Reigle. &#8220;Inicialmente, me atrajo la posici\u00f3n \u00fanica de la F\u00f3rmula E como mezcla de deporte e innovaci\u00f3n, sostenibilidad y movilidad el\u00e9ctrica. Lo que encontr\u00e9 fue mucho m\u00e1s ambicioso y humilde: un apasionado grupo de personas, comprometidas con la construcci\u00f3n de un deporte global mientras cambian el mundo&#8221;, subray\u00f3.<\/p>\n\n\n\n<p class=\"wp-block-paragraph\">&#8220;Esa misi\u00f3n contin\u00faa bajo el nuevo liderazgo, y como alguien que se ha beneficiado de la asociaci\u00f3n con Alejandro [Agag, cofundador y presidente], <strong>estoy feliz de apoyar a Jeff [Dodds] antes de que vuelva a la vida como un apasionado de la F\u00f3rmula E&#8221;<\/strong>, finaliz\u00f3.<\/p>\n\n\n\n<p class=\"wp-block-paragraph\">La <strong><a href=\"https:\/\/grandepremio.com\/es\/\/formula-e\/formula-e-tokio-los-angeles-china-2025\/\" target=\"_blank\" rel=\"noreferrer noopener\">F\u00f3rmula E<\/a><\/strong> vuelve a la competici\u00f3n el 3 y 4 de junio, con la doble fecha del <strong>eP de Yakarta,<\/strong> en la capital de Indonesia.<\/p>\n","protected":false},"excerpt":{"rendered":"<p>Jamie Reigle dejar\u00e1 el cargo de CEO de la F\u00f3rmula E al final de la presente temporada, despu\u00e9s de tres a\u00f1os y medio. La categor\u00eda ya ha confirmado a Jeff Dodds, ex empleado de Virgin Media, como reemplazo del actual directivo.<\/p>\n","protected":false},"author":0,"featured_media":1000683689,"comment_status":"closed","ping_status":"closed","sticky":false,"template":"","format":"standard","meta":{"42wp_featured_image_caption":"","42wp_featured_image_credits":"","42wp_featured_video":"","42wp_featured_image_hidden":false,"42wp_authors_list":[],"footnotes":""},"categories":[18],"tags":[1085,2827,462,7234,7235],"42wp_author":[14237],"class_list":["post-19133","post","type-post","status-publish","format-standard","has-post-thumbnail","hentry","category-formula-e","tag-alejandro-agag","tag-ep-de-yakarta","tag-formula-e","tag-jamie-reigle","tag-jeff-dodds","42wp_author-gabriel-garcia"],"_links":{"self":[{"href":"https:\/\/grandepremio.com\/es\/wp-json\/wp\/v2\/posts\/19133","targetHints":{"allow":["GET"]}}],"collection":[{"href":"https:\/\/grandepremio.com\/es\/wp-json\/wp\/v2\/posts"}],"about":[{"href":"https:\/\/grandepremio.com\/es\/wp-json\/wp\/v2\/types\/post"}],"replies":[{"embeddable":true,"href":"https:\/\/grandepremio.com\/es\/wp-json\/wp\/v2\/comments?post=19133"}],"version-history":[{"count":0,"href":"https:\/\/grandepremio.com\/es\/wp-json\/wp\/v2\/posts\/19133\/revisions"}],"wp:featuredmedia":[{"embeddable":true,"href":"https:\/\/grandepremio.com\/es\/wp-json\/wp\/v2\/media\/1000683689"}],"wp:attachment":[{"href":"https:\/\/grandepremio.com\/es\/wp-json\/wp\/v2\/media?parent=19133"}],"wp:term":[{"taxonomy":"category","embeddable":true,"href":"https:\/\/grandepremio.com\/es\/wp-json\/wp\/v2\/categories?post=19133"},{"taxonomy":"post_tag","embeddable":true,"href":"https:\/\/grandepremio.com\/es\/wp-json\/wp\/v2\/tags?post=19133"},{"taxonomy":"42wp_author","embeddable":true,"href":"https:\/\/grandepremio.com\/es\/wp-json\/wp\/v2\/42wp_author?post=19133"}],"curies":[{"name":"wp","href":"https:\/\/api.w.org\/{rel}","templated":true}]}}