{"id":19144,"date":"2023-05-17T10:41:13","date_gmt":"2023-05-17T13:41:13","guid":{"rendered":"https:\/\/grandepremio.com\/es\/2023\/05\/17\/stefano-domenicali-brinda-apoyo-tragedia-emilia-romana\/"},"modified":"2023-05-17T10:41:15","modified_gmt":"2023-05-17T13:41:15","slug":"stefano-domenicali-brinda-apoyo-tragedia-emilia-romana","status":"publish","type":"post","link":"https:\/\/grandepremio.com\/es\/f1\/stefano-domenicali-brinda-apoyo-tragedia-emilia-romana\/","title":{"rendered":"Domenicali brinda apoyo y lamenta &#8220;tragedia inmensa&#8221; en la regi\u00f3n de Emilia Roma\u00f1a"},"content":{"rendered":"\n<p class=\"wp-block-paragraph\">La <strong>F\u00f3rmula 1<\/strong> anunci\u00f3, en la ma\u00f1ana de este mi\u00e9rcoles, el aplazamiento del <strong>GP Emilia Roma\u00f1a 2023,<\/strong> en medio de un caos clim\u00e1tico que se ha apoderado en los \u00faltimos d\u00edas del norte de Italia y que ya ha causado muertos y centenares de evacuados. Frente a esto, el <strong>CEO de la categor\u00eda<\/strong>, <strong>Stefano Domenicali<\/strong> -originario de <strong>\u00cdmola<\/strong>, casualmente-, se solidariz\u00f3 con la poblaci\u00f3n de la regi\u00f3n afectada por las inundaciones.<\/p>\n\n\n\n<p class=\"wp-block-paragraph\">&#8220;Es una inmensa tragedia ver lo que le est\u00e1 ocurriendo a Imola y a la regi\u00f3n de Emilia-Roma\u00f1a, donde crec\u00ed. Mis pensamientos y oraciones est\u00e1n con las v\u00edctimas de las inundaciones y las familias de las comunidades afectadas&#8221;, escribi\u00f3 Domenicali.<\/p>\n\n\n\n<figure class=\"wp-block-image size-large\"><img decoding=\"async\" src=\"https:\/\/www.grandepremio.com\/br\/wp-content\/uploads\/2023\/05\/Paddock-Imola-1024x576.jpeg\" alt=\"\" class=\"wp-image-683628\"\/><figcaption class=\"wp-element-caption\">El paddock del GP de Emilia Roma\u00f1a qued\u00f3 completamente inundado,(Foto: Twitter\/Steffen Dietz)<\/figcaption><\/figure>\n\n\n\n<p class=\"wp-block-paragraph\">Seg\u00fan la agencia Reuters, las autoridades de Emilia-Roma\u00f1a confirmaron el hallazgo de tres cad\u00e1veres en las localidades de Forli, Cesena y Cesenatico. Catorce r\u00edos se desbordaron en la regi\u00f3n, obligando a los residentes a subir a los techos de sus casas, como ocurri\u00f3 en Cesena, donde los bomberos llevaron a cabo rescates con helic\u00f3pteros y lanchas.<\/p>\n\n\n\n<p class=\"wp-block-paragraph\">Adem\u00e1s, los da\u00f1os fueron evidentes incluso en Imola, con inundaciones en el paddock de la F2 y en la zona reservada a los profesionales de la televisi\u00f3n. La decisi\u00f3n se tom\u00f3 sin mucha demora.<\/p>\n\n\n\n<p class=\"wp-block-paragraph\">Con este fin de semana de actividad cancelado, la<strong> F\u00f3rmula 1 <\/strong>tendr\u00e1 como pr\u00f3xima parada al <strong>GP de M\u00f3naco, <\/strong>que se celebrar\u00e1 entre el 26 y el 28 de mayo.<\/p>\n\n\n\n<p class=\"wp-block-paragraph\"><\/p>\n","protected":false},"excerpt":{"rendered":"<p>El CEO de la F\u00f3rmula 1, Stefano Domenicali, expres\u00f3 su solidaridad hacia los habitantes de Emilia Roma\u00f1a, frente a lluvias e inundaciones que causaron muertos y evacuados en la regi\u00f3n.<\/p>\n","protected":false},"author":0,"featured_media":1000683586,"comment_status":"closed","ping_status":"closed","sticky":false,"template":"","format":"standard","meta":{"42wp_featured_image_caption":"","42wp_featured_image_credits":"","42wp_featured_video":"","42wp_featured_image_hidden":false,"42wp_authors_list":[],"footnotes":""},"categories":[5],"tags":[7194,181,1676,179,2534,2527,789],"42wp_author":[14223],"class_list":["post-19144","post","type-post","status-publish","format-standard","has-post-thumbnail","hentry","category-f1","tag-circuito-de-imola","tag-f1","tag-f1-2023","tag-formula-1","tag-formula-1-2023","tag-gp-de-emilia-romana","tag-stefano-domenicali","42wp_author-esteban-nieto"],"_links":{"self":[{"href":"https:\/\/grandepremio.com\/es\/wp-json\/wp\/v2\/posts\/19144","targetHints":{"allow":["GET"]}}],"collection":[{"href":"https:\/\/grandepremio.com\/es\/wp-json\/wp\/v2\/posts"}],"about":[{"href":"https:\/\/grandepremio.com\/es\/wp-json\/wp\/v2\/types\/post"}],"replies":[{"embeddable":true,"href":"https:\/\/grandepremio.com\/es\/wp-json\/wp\/v2\/comments?post=19144"}],"version-history":[{"count":0,"href":"https:\/\/grandepremio.com\/es\/wp-json\/wp\/v2\/posts\/19144\/revisions"}],"wp:featuredmedia":[{"embeddable":true,"href":"https:\/\/grandepremio.com\/es\/wp-json\/wp\/v2\/media\/1000683586"}],"wp:attachment":[{"href":"https:\/\/grandepremio.com\/es\/wp-json\/wp\/v2\/media?parent=19144"}],"wp:term":[{"taxonomy":"category","embeddable":true,"href":"https:\/\/grandepremio.com\/es\/wp-json\/wp\/v2\/categories?post=19144"},{"taxonomy":"post_tag","embeddable":true,"href":"https:\/\/grandepremio.com\/es\/wp-json\/wp\/v2\/tags?post=19144"},{"taxonomy":"42wp_author","embeddable":true,"href":"https:\/\/grandepremio.com\/es\/wp-json\/wp\/v2\/42wp_author?post=19144"}],"curies":[{"name":"wp","href":"https:\/\/api.w.org\/{rel}","templated":true}]}}