{"id":19148,"date":"2023-05-16T18:58:31","date_gmt":"2023-05-16T21:58:31","guid":{"rendered":"https:\/\/grandepremio.com\/es\/2023\/05\/16\/lluvia-estragos-imola-miercoles-formula-1\/"},"modified":"2023-05-16T18:58:34","modified_gmt":"2023-05-16T21:58:34","slug":"lluvia-estragos-imola-miercoles-formula-1","status":"publish","type":"post","link":"https:\/\/grandepremio.com\/es\/f1\/lluvia-estragos-imola-miercoles-formula-1\/","title":{"rendered":"Lluvia causa estragos y deja a los equipos de F1 sin poder ir a pista el mi\u00e9rcoles en \u00cdmola"},"content":{"rendered":"\n<p class=\"wp-block-paragraph\">Tras las conversaciones mantenidas con las autoridades locales y los promotores del <strong>GP de Emilia Roma\u00f1a,<\/strong> los equipos han optado por no presentarse en el circuito de \u00cdmola el mi\u00e9rcoles hasta nuevo aviso. Se espera que la pr\u00f3xima ma\u00f1ana se celebre una nueva reuni\u00f3n y se tomen decisiones. La informaci\u00f3n procede de la periodista espa\u00f1ola <strong>Roc\u00edo Romero.<\/strong><\/p>\n\n\n\n<p class=\"wp-block-paragraph\">Los informes de prensa tambi\u00e9n indican que se le ha pedido a <strong>Alpine<\/strong> que evac\u00fae el hotel en el que se aloja en \u00cdmola. Tambi\u00e9n se ha dicho a los miembros de los medios de comunicaci\u00f3n que no acudan a la pista.<\/p>\n\n\n\n<p class=\"wp-block-paragraph\"><a href=\"https:\/\/grandepremio.com\/es\/\/f1\/evacuado-imola-tormenta-riesgo-inundaciones\/\" target=\"_blank\" rel=\"noreferrer noopener\">A tres d\u00edas del inicio de la F\u00f3rmula 1, Emilia-Roma\u00f1a es un completo caos debido a las fuertes lluvias que azotan la regi\u00f3n desde principios de semana<\/a>. Para este martes se esperaba un volumen que podr\u00eda alcanzar los 150 mm, considerado preocupante y con alto riesgo de inundaciones.<\/p>\n\n\n\n<p class=\"wp-block-paragraph\">La situaci\u00f3n se agrava porque hay un r\u00edo que corre paralelo a gran parte del aut\u00f3dromo de \u00cdmola, el Santerno, y esto aumenta exponencialmente las posibilidades de inundaci\u00f3n all\u00ed. Las probabilidades de lluvia continuar\u00e1n durante toda la semana, incluso entre el viernes y el domingo.<\/p>\n\n\n\n<p class=\"wp-block-paragraph\"><strong>\u00a1Conoce el canal de Grande Pr\u00eamio en Espa\u00f1ol en\u00a0<\/strong><a href=\"https:\/\/www.youtube.com\/channel\/UCDxWojGVUi9gWYhrY0pGbIQ\" target=\"_blank\" rel=\"noreferrer noopener\"><strong>YouTube<\/strong><\/a><strong>!<\/strong><br><strong>\u00a1Sigue a Grande Pr\u00eamio en Espa\u00f1ol en\u00a0<\/strong><a href=\"https:\/\/twitter.com\/grandepremioES\" target=\"_blank\" rel=\"noreferrer noopener\"><strong>Twitter\u00a0<\/strong><\/a><strong>y en\u00a0<\/strong><a href=\"https:\/\/www.instagram.com\/grandepremioes\/\" target=\"_blank\" rel=\"noreferrer noopener\"><strong>Instagram<\/strong><\/a><strong>!<\/strong><\/p>\n\n\n\n<figure class=\"wp-block-image size-large\"><img decoding=\"async\" src=\"https:\/\/www.grandepremio.com\/br\/wp-content\/uploads\/2023\/05\/GPF1-4-1024x576.jpg\" alt=\"\" class=\"wp-image-683444\"\/><figcaption class=\"wp-element-caption\">La situaci\u00f3n es cr\u00edtica en los alrededores del circuito de \u00cdmola, en Emilia Roma\u00f1a. (Foto: AFP) <\/figcaption><\/figure>\n\n\n\n<p class=\"wp-block-paragraph\">Esta misma ma\u00f1ana, el Departamento de Protecci\u00f3n Civil ha emitido una alerta roja por fuertes vientos y alto riesgo de inundaciones con posibilidad de desprendimientos de tierra. El gobierno local estima hasta 100 mm de lluvia sobre las zonas m\u00e1s peligrosas el martes, pero el volumen podr\u00eda alcanzar los 150 mm, lo que se considera preocupante &#8211; el \u00edndice de precipitaciones indica la cantidad de agua por metro cuadrado.<\/p>\n\n\n\n<p class=\"wp-block-paragraph\">Italia lleva sufriendo mal tiempo desde principios de mes, pero las tormentas mostraron signos de mejora a principios de esta semana. Sin embargo, la nueva alerta llev\u00f3 a las autoridades a cerrar las escuelas y las carreteras con riesgo de inundaci\u00f3n. Tambi\u00e9n se aconsej\u00f3 a la poblaci\u00f3n que evitara viajar durante este periodo.<\/p>\n\n\n\n<p class=\"wp-block-paragraph\">La inestable situaci\u00f3n meteorol\u00f3gica suscit\u00f3 dudas sobre el impacto que las fuertes lluvias podr\u00edan tener en el fin de semana de F\u00f3rmula 1 en \u00cdmola. Sin embargo, fuentes de la categor\u00eda han confirmado que no hay preocupaci\u00f3n por una posible cancelaci\u00f3n de la sexta ronda de la temporada 2023. Los equipos y el personal de la F1 incluso han mantenido sus viajes a Emilia-Roma\u00f1a como estaba previsto.<\/p>\n\n\n\n<p class=\"wp-block-paragraph\">No obstante, existe un plan operativo para hacer frente a la probabilidad de lluvia y garantizar que las instalaciones para los aficionados, incluidos los estacionamientos, se utilicen durante todo el evento. La propia F1, por cierto, tambi\u00e9n est\u00e1 preparada para las condiciones de pista mojada: <strong>Pirelli<\/strong> llevar\u00e1 a <strong>\u00cdmola <\/strong>un nuevo neum\u00e1tico de lluvia, que prescinde del precalentamiento.<\/p>\n\n\n\n<p class=\"wp-block-paragraph\">La F\u00f3rmula 1 tiene cita en este tradicional circuito entre el 19 al 21 de mayo. <\/p>\n","protected":false},"excerpt":{"rendered":"<p>Los equipos de la F\u00f3rmula 1 decidieron, despu\u00e9s de una reuni\u00f3n con promotores y autoridades locales, de no concurrir al circuito de \u00cdmola el mi\u00e9rcoles por las inclemencias clim\u00e1ticas.<\/p>\n","protected":false},"author":0,"featured_media":1000683424,"comment_status":"closed","ping_status":"closed","sticky":false,"template":"","format":"standard","meta":{"42wp_featured_image_caption":"","42wp_featured_image_credits":"","42wp_featured_video":"","42wp_featured_image_hidden":false,"42wp_authors_list":[],"footnotes":""},"categories":[5],"tags":[7194,181,1676,179,2534,2527],"42wp_author":[14223],"class_list":["post-19148","post","type-post","status-publish","format-standard","has-post-thumbnail","hentry","category-f1","tag-circuito-de-imola","tag-f1","tag-f1-2023","tag-formula-1","tag-formula-1-2023","tag-gp-de-emilia-romana","42wp_author-esteban-nieto"],"_links":{"self":[{"href":"https:\/\/grandepremio.com\/es\/wp-json\/wp\/v2\/posts\/19148","targetHints":{"allow":["GET"]}}],"collection":[{"href":"https:\/\/grandepremio.com\/es\/wp-json\/wp\/v2\/posts"}],"about":[{"href":"https:\/\/grandepremio.com\/es\/wp-json\/wp\/v2\/types\/post"}],"replies":[{"embeddable":true,"href":"https:\/\/grandepremio.com\/es\/wp-json\/wp\/v2\/comments?post=19148"}],"version-history":[{"count":0,"href":"https:\/\/grandepremio.com\/es\/wp-json\/wp\/v2\/posts\/19148\/revisions"}],"wp:featuredmedia":[{"embeddable":true,"href":"https:\/\/grandepremio.com\/es\/wp-json\/wp\/v2\/media\/1000683424"}],"wp:attachment":[{"href":"https:\/\/grandepremio.com\/es\/wp-json\/wp\/v2\/media?parent=19148"}],"wp:term":[{"taxonomy":"category","embeddable":true,"href":"https:\/\/grandepremio.com\/es\/wp-json\/wp\/v2\/categories?post=19148"},{"taxonomy":"post_tag","embeddable":true,"href":"https:\/\/grandepremio.com\/es\/wp-json\/wp\/v2\/tags?post=19148"},{"taxonomy":"42wp_author","embeddable":true,"href":"https:\/\/grandepremio.com\/es\/wp-json\/wp\/v2\/42wp_author?post=19148"}],"curies":[{"name":"wp","href":"https:\/\/api.w.org\/{rel}","templated":true}]}}