{"id":19150,"date":"2023-05-16T17:45:57","date_gmt":"2023-05-16T20:45:57","guid":{"rendered":"https:\/\/grandepremio.com\/es\/2023\/05\/16\/emilia-romana-temporal-lluvia-carrera-formula-1\/"},"modified":"2023-05-16T17:46:01","modified_gmt":"2023-05-16T20:46:01","slug":"emilia-romana-temporal-lluvia-carrera-formula-1","status":"publish","type":"post","link":"https:\/\/grandepremio.com\/es\/f1\/emilia-romana-temporal-lluvia-carrera-formula-1\/","title":{"rendered":"Emilia Roma\u00f1a sufre con el temporal: \u00bfCu\u00e1l es el riesgo real de lluvia para la carrera de F1?"},"content":{"rendered":"\n<p class=\"wp-block-paragraph\">La situaci\u00f3n en la regi\u00f3n italiana de <strong>Emilia-Roma\u00f1a<\/strong> es de caos absoluto debido a las condiciones meteorol\u00f3gicas. Este martes, el <strong>Aut\u00f3dromo Enzo e Dino Ferrari<\/strong> fue evacuado cuando parte de la log\u00edstica de la organizaci\u00f3n, los equipos y la prensa ya se encontraban en el lugar. Un poco m\u00e1s tarde, la orden fue que todas las <strong>unidades de potencia<\/strong> que ya estaban en el lugar fueran llevadas a zonas m\u00e1s altas, debido al peligro de inundaci\u00f3n causado por la crecida del r\u00edo Santerno, que se encuentra junto a la pista. Pero, \u00bfcu\u00e1l es la expectativa para los pr\u00f3ximos d\u00edas?<\/p>\n\n\n\n<p class=\"wp-block-paragraph\">Hay que tener en cuenta que las fuertes lluvias en la regi\u00f3n no son s\u00f3lo un fen\u00f3meno de este martes. Al contrario. El temporal de los \u00faltimos d\u00edas en el norte de Italia ha causado ya dos muertos, seg\u00fan la cadena de televisi\u00f3n <strong>RAI<\/strong>, adem\u00e1s de un tercer desaparecido.<\/p>\n\n\n\n<p class=\"wp-block-paragraph\">Tambi\u00e9n el martes por la ma\u00f1ana, el Departamento de Protecci\u00f3n Civil emiti\u00f3 una alerta roja por fuertes vientos y alto riesgo de inundaciones con posibilidad de desprendimientos de tierra. El gobierno local estima hasta 100 mm de lluvia sobre las zonas m\u00e1s peligrosas el martes, pero el volumen podr\u00eda alcanzar los 150 mm, considerados preocupantes -el \u00edndice pluviom\u00e9trico indica la cantidad de agua por metro cuadrado-.<\/p>\n\n\n\n<p class=\"wp-block-paragraph\">&#8220;Nunca ha ca\u00eddo tanta agua en 36 horas&#8221;, declar\u00f3 el gobernador de la regi\u00f3n de Emilia-Roma\u00f1a, <strong>Stefano Bonaccini.<\/strong> En total, ha habido m\u00e1s de mil intervenciones, entre cierres de escuelas y bloqueos de carreteras. Las cifras se actualizan cada hora, pero se calcula que m\u00e1s de 900 personas ya han sido evacuadas de sus casas ante el riesgo de inundaciones.<\/p>\n\n\n\n<figure class=\"wp-block-image size-large\"><img decoding=\"async\" src=\"https:\/\/www.grandepremio.com\/br\/wp-content\/uploads\/2023\/05\/FwQPhKhaQAEAVXL-1024x576.jpg\" alt=\"\u00cdmola 2023 chuvas F\u00f3rmula 1\" class=\"wp-image-683424\"\/><figcaption class=\"wp-element-caption\">El r\u00edo Santerno, lindante al circuito de \u00cdmola, se desbord\u00f3 debido a las fuertes lluvias. (Foto: @LaurentDupin_f1)<\/figcaption><\/figure>\n\n\n\n<p class=\"wp-block-paragraph\">El<strong> Consejo de Ministros<\/strong>, por recomendaci\u00f3n del <strong>Ministro de Protecci\u00f3n Civil y Pol\u00edticas Mar\u00edtimas, Nello Musimeci,<\/strong> ha aprobado el estado de emergencia nacional en la regi\u00f3n que abarca las provincias de Ferrara, Forl\u00ec-Cesena, M\u00f3dena, Parma, Piacenza, Ravenna, Reggio Emilia y Bologna &#8211; esta \u00faltima a 40 km del Aut\u00f3dromo Enzo y Dino Ferrari, que acoger\u00e1 la F\u00f3rmula 1 este fin de semana.<\/p>\n\n\n\n<p class=\"wp-block-paragraph\">La inestable situaci\u00f3n meteorol\u00f3gica ha suscitado dudas sobre el impacto que las fuertes lluvias podr\u00edan tener en el fin de semana de<strong> F\u00f3rmula 1<\/strong>. Sin embargo, fuentes relacionadas con la categor\u00eda han confirmado que no hay preocupaci\u00f3n por una posible cancelaci\u00f3n de la sexta ronda de la temporada 2023. Los equipos y el personal de la F1 incluso han mantenido sus viajes a Emilia Roma\u00f1a tal y como estaba previsto.<\/p>\n\n\n\n<p class=\"wp-block-paragraph\">No obstante, existe un plan operativo para hacer frente a la probabilidad de lluvia y garantizar que las instalaciones para los aficionados, incluidos los estacionamientos, se utilicen durante todo el evento. La propia F1, por cierto, tambi\u00e9n est\u00e1 preparada para condiciones de pista mojada: <strong>Pirelli <\/strong>llevar\u00e1 a \u00cdmola un nuevo neum\u00e1tico de lluvia, que no necesita calentamiento de antemano.<\/p>\n\n\n\n<p class=\"wp-block-paragraph\">Pero es necesario conocer las previsiones meteorol\u00f3gicas.<\/p>\n\n\n\n<figure class=\"wp-block-image size-large\"><img decoding=\"async\" src=\"https:\/\/www.grandepremio.com\/br\/wp-content\/uploads\/2022\/04\/GPF1-11-1024x576.jpeg\" alt=\"\" class=\"wp-image-561770\"\/><figcaption class=\"wp-element-caption\">La edici\u00f3n del GP de Emilia Roma\u00f1a de 2022 tambi\u00e9n tuvo inclemencias clim\u00e1ticas. (Foto: Reproducci\u00f3n\/F1 TV)<\/figcaption><\/figure>\n\n\n\n<h3 class=\"wp-block-heading\" id=\"h-que-dice-la-prevision-del-tiempo-para-el-gp-de-emilia-romana\">\u00bfQu\u00e9 dice la previsi\u00f3n del tiempo para el GP de Emilia Roma\u00f1a?<\/h3>\n\n\n\n<p class=\"wp-block-paragraph\">En cuanto al resto del martes, se esperan tormentas en varios momentos y lluvias continuas durante todo el d\u00eda. El estado de alerta roja est\u00e1 vigente desde primera hora de la ma\u00f1ana, as\u00ed como el naranja, que indica nivel moderado a alto, por tormentas y fuertes vientos.<\/p>\n\n\n\n<p class=\"wp-block-paragraph\">Para el mi\u00e9rcoles, seg\u00fan el servicio meteorol\u00f3gico especializado <strong>Accuweather<\/strong>, tambi\u00e9n se esperan lluvias durante todo el d\u00eda y la noche, as\u00ed como bajas temperaturas. M\u00e1s tormentas figuran entre las posibilidades en una jornada que ya es de por s\u00ed de mucho trabajo para los equipos.<\/p>\n\n\n\n<p class=\"wp-block-paragraph\">Est\u00e1 previsto que los pilotos lleguen al circuito el jueves, d\u00eda en el que conceder\u00e1n su entrevista oficial a la FIA y se reunir\u00e1n con la prensa. Aunque la previsi\u00f3n muestra incluso la posibilidad de que el sol aparezca ligeramente en diferentes momentos del d\u00eda, la posibilidad de lluvia sigue siendo alta, cercana al 50%. No obstante, durante la mayor parte del d\u00eda se esperan precipitaciones.<\/p>\n\n\n\n<p class=\"wp-block-paragraph\">El viernes, d\u00eda en que los coches saldr\u00e1n a la pista para los entrenamientos libres, el servicio meteorol\u00f3gico apunta a la previsi\u00f3n de chubascos y posibilidades de tormentas. La mayor probabilidad de lluvia se concentra precisamente por la tarde, cuando est\u00e1n programados los entrenamientos [13.30 y 17.00 hora local, respectivamente]. Aunque la actual alerta roja finaliza el jueves, ya se avisa de que al menos la alerta naranja contin\u00faa a partir del viernes.<\/p>\n\n\n\n<figure class=\"wp-block-image size-large\"><img decoding=\"async\" src=\"https:\/\/grandepremio.com\/es\/\/wp-content\/uploads\/2023\/05\/astonmartin-lancestroll-01-2-e1684251170334-1024x749.jpg\" alt=\"\" class=\"wp-image-155896\"\/><figcaption class=\"wp-element-caption\">Imola ya sufri\u00f3 muchas lluvias el a\u00f1o pasado (Foto: Aston Martin)<\/figcaption><\/figure>\n\n\n\n<p class=\"wp-block-paragraph\">El d\u00eda con menos probabilidades de lluvia durante el resto de la semana es exactamente el s\u00e1bado, pero a\u00fan con un 72% de posibilidades. Aunque la previsi\u00f3n de temperaturas es compatible con la del viernes, en torno a 19\u00b0C y 20\u00b0C de sensaci\u00f3n t\u00e9rmica, hay un 60% de probabilidades de lluvia a lo largo de la tarde [la FP3 para las 12.30 horas, con clasificaci\u00f3n a las 16.00 horas]. Y ser\u00e1 un d\u00eda con m\u00e1s apariciones del sol, pero, la mayor parte del tiempo, todav\u00eda con tiempo cerrado y vientos fuertes, alcanzando hasta 37 km\/h.<\/p>\n\n\n\n<p class=\"wp-block-paragraph\">El domingo de la carrera, las probabilidades de lluvia volver\u00e1n a alcanzar el 88%: la probabilidad m\u00e1s alta, del 66%, es exactamente por la tarde, cuando, adem\u00e1s de la lluvia, tambi\u00e9n se esperan tormentas el\u00e9ctricas. Est\u00e1 previsto que la carrera comience a las 15.00 hora local. Los vientos y la temperatura ambiente son similares a los del d\u00eda anterior.<\/p>\n\n\n\n<p class=\"wp-block-paragraph\">Por lo tanto, en este momento, la F\u00f3rmula 1 cree que podr\u00e1 celebrar el evento, pero la gran preocupaci\u00f3n son los r\u00edos de la regi\u00f3n. El<strong> Santerno <\/strong>es el principal temor, porque est\u00e1 justo al lado, pero no es el \u00fanico. Si el nivel del agua no baja en los pr\u00f3ximos d\u00edas, <strong>la F1 tendr\u00e1 un grave problema que resolver.<\/strong><\/p>\n\n\n\n<p class=\"wp-block-paragraph\"><strong>GRANDE PR\u00caMIO sigue EN DIRECTO y EN TIEMPO REAL <\/strong>todas las actividades del <strong>Gran Premio de F\u00f3rmula 1 de Emilia-Roma\u00f1a.<\/strong><\/p>\n\n\n\n<p class=\"wp-block-paragraph\"><\/p>\n","protected":false},"excerpt":{"rendered":"<p>La situaci\u00f3n clim\u00e1tica en la regi\u00f3n de Emilia Roma\u00f1a, donde correr\u00e1 la F\u00f3rmula 1 el pr\u00f3ximo fin de semana, es inquietante ante el riesgo de tormentas e inundaciones.<\/p>\n","protected":false},"author":0,"featured_media":1000683444,"comment_status":"closed","ping_status":"closed","sticky":false,"template":"","format":"standard","meta":{"42wp_featured_image_caption":"","42wp_featured_image_credits":"","42wp_featured_video":"","42wp_featured_image_hidden":false,"42wp_authors_list":[],"footnotes":""},"categories":[5],"tags":[],"42wp_author":[14224],"class_list":["post-19150","post","type-post","status-publish","format-standard","has-post-thumbnail","hentry","category-f1","42wp_author-pedro-marum"],"_links":{"self":[{"href":"https:\/\/grandepremio.com\/es\/wp-json\/wp\/v2\/posts\/19150","targetHints":{"allow":["GET"]}}],"collection":[{"href":"https:\/\/grandepremio.com\/es\/wp-json\/wp\/v2\/posts"}],"about":[{"href":"https:\/\/grandepremio.com\/es\/wp-json\/wp\/v2\/types\/post"}],"replies":[{"embeddable":true,"href":"https:\/\/grandepremio.com\/es\/wp-json\/wp\/v2\/comments?post=19150"}],"version-history":[{"count":0,"href":"https:\/\/grandepremio.com\/es\/wp-json\/wp\/v2\/posts\/19150\/revisions"}],"wp:featuredmedia":[{"embeddable":true,"href":"https:\/\/grandepremio.com\/es\/wp-json\/wp\/v2\/media\/1000683444"}],"wp:attachment":[{"href":"https:\/\/grandepremio.com\/es\/wp-json\/wp\/v2\/media?parent=19150"}],"wp:term":[{"taxonomy":"category","embeddable":true,"href":"https:\/\/grandepremio.com\/es\/wp-json\/wp\/v2\/categories?post=19150"},{"taxonomy":"post_tag","embeddable":true,"href":"https:\/\/grandepremio.com\/es\/wp-json\/wp\/v2\/tags?post=19150"},{"taxonomy":"42wp_author","embeddable":true,"href":"https:\/\/grandepremio.com\/es\/wp-json\/wp\/v2\/42wp_author?post=19150"}],"curies":[{"name":"wp","href":"https:\/\/api.w.org\/{rel}","templated":true}]}}