{"id":19155,"date":"2023-05-16T12:20:17","date_gmt":"2023-05-16T15:20:17","guid":{"rendered":"https:\/\/grandepremio.com\/es\/2023\/05\/16\/evacuado-imola-tormenta-riesgo-inundaciones\/"},"modified":"2023-05-16T13:07:26","modified_gmt":"2023-05-16T16:07:26","slug":"evacuado-imola-tormenta-riesgo-inundaciones","status":"publish","type":"post","link":"https:\/\/grandepremio.com\/es\/f1\/evacuado-imola-tormenta-riesgo-inundaciones\/","title":{"rendered":"Evacuado el circuito de Imola por la previsi\u00f3n de tormenta y riesgo de inundaciones"},"content":{"rendered":"\n<p class=\"wp-block-paragraph\">Semana complicada en Imola desde el punto de vista meteorol\u00f3gico, algo que empieza a afectar a la <strong><a href=\"https:\/\/grandepremio.com\/es\/\/f1\/\" target=\"_blank\" rel=\"noreferrer noopener\">F\u00f3rmula 1<\/a><\/strong>. A tres d\u00edas del inicio de las actividades en pista para el <strong>GP Emilia-Roma\u00f1a<\/strong> y con parte de la log\u00edstica de organizaci\u00f3n, equipos y prensa ya trabajando activamente in situ, el Autodromo Enzo e Dino Ferrari fue evacuado a primera hora de la tarde del martes (16) debido a la previsi\u00f3n de tormenta y riesgo de lluvia.<\/p>\n\n\n\n<p class=\"wp-block-paragraph\"><strong>\u00a1Conoce el canal de Grande Pr\u00eamio en Espa\u00f1ol en&nbsp;<\/strong><a href=\"https:\/\/www.youtube.com\/channel\/UCDxWojGVUi9gWYhrY0pGbIQ\" target=\"_blank\" rel=\"noreferrer noopener\"><strong>YouTube<\/strong><\/a><strong>!<\/strong><br><strong>\u00a1Sigue a Grande Pr\u00eamio en Espa\u00f1ol en&nbsp;<\/strong><a href=\"https:\/\/twitter.com\/grandepremioES\" target=\"_blank\" rel=\"noreferrer noopener\"><strong>Twitter&nbsp;<\/strong><\/a><strong>y en&nbsp;<\/strong><a href=\"https:\/\/www.instagram.com\/grandepremioes\/\" target=\"_blank\" rel=\"noreferrer noopener\"><strong>Instagram<\/strong><\/a><strong>!<\/strong><\/p>\n\n\n\n<p class=\"wp-block-paragraph\">Por tanto, el fin de semana empieza a verse afectado, aunque la <strong>F1<\/strong> cree que podr\u00e1 seguir con normalidad los trabajos del evento. Inicialmente, la previsi\u00f3n meteorol\u00f3gica indicaba lluvia s\u00f3lo hasta el lunes, pero las cosas han cambiado. Ahora, adem\u00e1s de seguir lloviendo, hay alerta roja por tormentas para el resto del martes, adem\u00e1s de alertas naranjas, de moderadas a fuertes, por vendaval y tormenta el\u00e9ctrica.<\/p>\n\n\n\n<p class=\"wp-block-paragraph\">La situaci\u00f3n se agrava porque hay un r\u00edo que discurre paralelo a gran parte del circuito, el Santerno, y a<strong>umenta exponencialmente las posibilidades de inundaciones en el recinto<\/strong>. Las probabilidades de lluvia contin\u00faan durante toda la semana, incluso entre el viernes y el domingo.<\/p>\n\n\n\n<figure class=\"wp-block-image size-large\"><img decoding=\"async\" src=\"https:\/\/grandepremio.com\/es\/\/wp-content\/uploads\/2023\/05\/FwQPhKhaQAEAVXL-1024x576.jpg\" alt=\"\" class=\"wp-image-155923\"\/><figcaption class=\"wp-element-caption\">Crecida del r\u00edo cercano al circuito de Imola. (Foto: Reproducci\u00f3n\/Laurent Dupin)<\/figcaption><\/figure>\n\n\n\n<p class=\"wp-block-paragraph\">Tambi\u00e9n por la ma\u00f1ana, <strong><a href=\"https:\/\/grandepremio.com\/es\/\/f1\/emilia-romana-alerta-roja-tormentas-e-inundaciones\/\" target=\"_blank\" rel=\"noreferrer noopener\">el Departamento de Protecci\u00f3n Civil emiti\u00f3 una alerta roja por fuertes vientos y alto riesgo de inundaciones con posibilidad de desprendimientos.<\/a><\/strong><\/p>\n\n\n\n<p class=\"wp-block-paragraph\">El gobierno local estima hasta 100 mm de lluvia sobre las zonas m\u00e1s peligrosas el martes, pero el volumen podr\u00eda llegar a 150 mm, considerado preocupante &#8211; el \u00edndice de precipitaciones indica la cantidad de agua por metro cuadrado.<\/p>\n\n\n\n<p class=\"wp-block-paragraph\">La nueva alerta llev\u00f3 a las autoridades a cerrar las escuelas y las carreteras con riesgo de inundaci\u00f3n. Tambi\u00e9n se aconsej\u00f3 a la poblaci\u00f3n que evitara viajar durante este periodo.<\/p>\n\n\n\n<p class=\"wp-block-paragraph\">A pesar del pron\u00f3stico clim\u00e1tico, los equipos de la<strong> F1<\/strong> ya estaban trabajando en el circuito de Imola, al igual que los empleados del trazado y, tambi\u00e9n, los equipos de televisi\u00f3n para dejar todo listo de cara al viernes, d\u00eda de los primeros entrenamientos libres. <\/p>\n\n\n\n<p class=\"wp-block-paragraph\">No obstante, existe un plan operativo para hacer frente a la probabilidad de lluvia y garantizar que las instalaciones para los aficionados, incluidos los aparcamientos, se utilicen durante todo el evento. La propia F1, por cierto, tambi\u00e9n est\u00e1 preparada para condiciones de pista mojada: Pirelli llevar\u00e1 a Imola un nuevo neum\u00e1tico de lluvia que prescinde del precalentamiento.<\/p>\n\n\n\n<p class=\"wp-block-paragraph\">De acuerdo con informaciones de la <strong>RAI<\/strong>, la televisi\u00f3n estatal italiana, hay dos muertos hasta el momento en la zona de la Emilia Romagna y cientos de evacuados, debido a la crecida del r\u00edo. Incluso, se ha bloqueado el tr\u00e1fico y se esperan m\u00e1s lluvias. <strong>Desde la gobernaci\u00f3n local, indicaron que nunca hab\u00eda ca\u00eddo tanta agua en apenas 36 horas.<\/strong><\/p>\n\n\n\n<p class=\"wp-block-paragraph\">La <strong>F\u00f3rmula 1<\/strong> vuelve el fin de semana del 19 al 21 de mayo en Imola, con el GP de Emilia-Roma\u00f1a.<\/p>\n\n\n\n<figure class=\"wp-block-embed is-type-rich is-provider-twitter wp-block-embed-twitter\"><div class=\"wp-block-embed__wrapper\">\n<blockquote class=\"twitter-tweet\" data-width=\"500\" data-dnt=\"true\"><p lang=\"es\" dir=\"ltr\">Traducci\u00f3n=&gt; El circuito <a href=\"https:\/\/x.com\/hashtag\/Imola?src=hash&amp;ref_src=twsrc%5Etfw\">#Imola<\/a> fue evacuado por riesgo de inundaci\u00f3n a causa de la fuerte lluvia.<a href=\"https:\/\/x.com\/hashtag\/F1?src=hash&amp;ref_src=twsrc%5Etfw\">#F1<\/a> <a href=\"https:\/\/x.com\/hashtag\/ImolaGP?src=hash&amp;ref_src=twsrc%5Etfw\">#ImolaGP<\/a> <a href=\"https:\/\/t.co\/t2drVDliIb\">https:\/\/t.co\/t2drVDliIb<\/a><\/p>&mdash; Ana Maria Mercado\ud83c\udf41 (@AnaMariaMercad) <a href=\"https:\/\/x.com\/AnaMariaMercad\/status\/1658468497146404870?ref_src=twsrc%5Etfw\">May 16, 2023<\/a><\/blockquote><script async src=\"https:\/\/platform.x.com\/widgets.js\" charset=\"utf-8\"><\/script>\n<\/div><\/figure>\n","protected":false},"excerpt":{"rendered":"<p>A menos de tres d\u00edas para que los monoplazas de F1 salgan a la pista, Imola tuvo que ser evacuada debido a las fuertes lluvias ca\u00eddas en la regi\u00f3n.<\/p>\n","protected":false},"author":0,"featured_media":1010155896,"comment_status":"closed","ping_status":"closed","sticky":false,"template":"","format":"standard","meta":{"42wp_featured_image_caption":"","42wp_featured_image_credits":"","42wp_featured_video":"","42wp_featured_image_hidden":false,"42wp_authors_list":[],"footnotes":""},"categories":[5],"tags":[181,179,2527,2647,1488,448,199,249,197,206],"42wp_author":[14237],"class_list":["post-19155","post","type-post","status-publish","format-standard","has-post-thumbnail","hentry","category-f1","tag-f1","tag-formula-1","tag-gp-de-emilia-romana","tag-gp-de-imola-2","tag-grande-premio","tag-imola","tag-lewis-hamilton","tag-max-verstappen","tag-mercedes","tag-red-bull","42wp_author-gabriel-garcia"],"_links":{"self":[{"href":"https:\/\/grandepremio.com\/es\/wp-json\/wp\/v2\/posts\/19155","targetHints":{"allow":["GET"]}}],"collection":[{"href":"https:\/\/grandepremio.com\/es\/wp-json\/wp\/v2\/posts"}],"about":[{"href":"https:\/\/grandepremio.com\/es\/wp-json\/wp\/v2\/types\/post"}],"replies":[{"embeddable":true,"href":"https:\/\/grandepremio.com\/es\/wp-json\/wp\/v2\/comments?post=19155"}],"version-history":[{"count":0,"href":"https:\/\/grandepremio.com\/es\/wp-json\/wp\/v2\/posts\/19155\/revisions"}],"wp:featuredmedia":[{"embeddable":true,"href":"https:\/\/grandepremio.com\/es\/wp-json\/wp\/v2\/media\/1010155896"}],"wp:attachment":[{"href":"https:\/\/grandepremio.com\/es\/wp-json\/wp\/v2\/media?parent=19155"}],"wp:term":[{"taxonomy":"category","embeddable":true,"href":"https:\/\/grandepremio.com\/es\/wp-json\/wp\/v2\/categories?post=19155"},{"taxonomy":"post_tag","embeddable":true,"href":"https:\/\/grandepremio.com\/es\/wp-json\/wp\/v2\/tags?post=19155"},{"taxonomy":"42wp_author","embeddable":true,"href":"https:\/\/grandepremio.com\/es\/wp-json\/wp\/v2\/42wp_author?post=19155"}],"curies":[{"name":"wp","href":"https:\/\/api.w.org\/{rel}","templated":true}]}}