{"id":19168,"date":"2023-05-15T09:04:26","date_gmt":"2023-05-15T12:04:26","guid":{"rendered":"https:\/\/grandepremio.com\/es\/2023\/05\/15\/kalle-rovanpera-victoria-wrc-rally-portugal\/"},"modified":"2023-05-15T09:21:50","modified_gmt":"2023-05-15T12:21:50","slug":"kalle-rovanpera-victoria-wrc-rally-portugal","status":"publish","type":"post","link":"https:\/\/grandepremio.com\/es\/rally\/kalle-rovanpera-victoria-wrc-rally-portugal\/","title":{"rendered":"Rovanper\u00e4 se impone ante rivales y vuelve a la victoria en el WRC en el Rally de Portugal"},"content":{"rendered":"\n<p class=\"wp-block-paragraph\"><strong>Kalle Rovanper\u00e4<\/strong> no dio margen de reacci\u00f3n a sus rivales y confirm\u00f3 su victoria en el <strong>Rally de Portugal,<\/strong> valedero para el <strong>WRC 2023.<\/strong> El finland\u00e9s termin\u00f3 las etapas del s\u00e1bado con una c\u00f3moda ventaja de 57s5 sobre <strong>Dani Sordo<\/strong>, pero aun as\u00ed mantuvo el ritmo el domingo y fue el mejor en las etapas 17 y 19 &#8211; esta \u00faltima la <strong>Power Stage, <\/strong>que le vali\u00f3 una bonificaci\u00f3n de cinco puntos en la clasificaci\u00f3n. En n\u00fameros, el piloto del <strong>Toyota Yaris WRC<\/strong> #69 acumul\u00f3 diez victorias en 19 etapas en este Rally.<\/p>\n\n\n\n<p class=\"wp-block-paragraph\">Las actividades de hoy promet\u00edan cierta emoci\u00f3n entre Thierry Neuville y Esapekka Lappi en la lucha por el podio, como ocurri\u00f3 durante todo el s\u00e1bado, pero el escenario cambi\u00f3 en la etapa 16. El belga tuvo un problema con el turbo de su coche y cay\u00f3 de la tercera a la quinta posici\u00f3n. As\u00ed, el compatriota de Rovanper\u00e4 hered\u00f3 entonces la \u00faltima plaza del podio y sin demasiada oposici\u00f3n, ya que <strong>Ott T\u00e4nak<\/strong> estaba a m\u00e1s de un minuto. Sordo, tambi\u00e9n en solitario, fue segundo.<\/p>\n\n\n\n<p class=\"wp-block-paragraph\">T\u00e4nak, aunque regular este domingo y se llev\u00f3 la victoria en la 18\u00aa etapa. No obstante, ya estaba retrasado en la general por un problema con su neum\u00e1tico delantero derecho que se le sali\u00f3 el pasado viernes. La \u00fanica salida fue intentar llevar su <strong>Ford<\/strong> a la cuarta plaza, hasta quedar a dos minutos de Rovanper\u00e4 en el clasificador final. <\/p>\n\n\n\n<p class=\"wp-block-paragraph\"><strong><strong>\u00a1Conoce el canal de Grande Pr\u00eamio en Espa\u00f1ol en\u00a0<a href=\"https:\/\/www.youtube.com\/channel\/UCDxWojGVUi9gWYhrY0pGbIQ\" target=\"_blank\" rel=\"noreferrer noopener\">YouTube<\/a>!<br>\u00a1Sigue a\u00a0Grande Pr\u00eamio en Espa\u00f1ol\u00a0en\u00a0<a href=\"https:\/\/twitter.com\/grandepremioES\" target=\"_blank\" rel=\"noreferrer noopener\">Twitter\u00a0<\/a>y en\u00a0<a href=\"https:\/\/www.instagram.com\/grandepremioes\/\" target=\"_blank\" rel=\"noreferrer noopener\">Instagram<\/a>!<\/strong><\/strong><\/p>\n\n\n\n<figure class=\"wp-block-image size-large\"><img decoding=\"async\" src=\"https:\/\/www.grandepremio.com\/br\/wp-content\/uploads\/2023\/05\/000_33F26P6-1024x683.jpg\" alt=\"\" class=\"wp-image-683041\"\/><figcaption class=\"wp-element-caption\">Thierry Neuville se qued\u00f3 afuera del podio tras un problema en el turbo de su Hyundai i20 WRC. (Foto: Miguel Riopa \/ AFP)<\/figcaption><\/figure>\n\n\n\n<p class=\"wp-block-paragraph\">Otros pilotos de la parrilla no pudieron completar el Rally de Portugal. El gal\u00e9s <a href=\"https:\/\/grandepremio.com\/es\/\/rally\/rally-evans-vence-croacia-wrc\/\" target=\"_blank\" rel=\"noreferrer noopener\"><strong>Elfyn Evans<\/strong>, ganador del <strong>Rally de Croacia,<\/strong><\/a> volc\u00f3 el viernes por la tarde, aunque tanto \u00e9l como su copiloto salieron ilesos del accidente. Luego, <strong>Takamoto Katsuta<\/strong> tuvo que abandonar el s\u00e1bado por un fallo en el alternador. Finalmente, el veterano <strong>S\u00e9bastien Ogier<\/strong>, tercero en el campeonato, no particip\u00f3 en esta fecha.<\/p>\n\n\n\n<p class=\"wp-block-paragraph\">Esta ha sido la primera victoria de Rovanper\u00e4 desde el <strong>Rally de Nueva Zelanda<\/strong> en octubre del a\u00f1o pasado, donde gan\u00f3 el t\u00edtulo de la temporada 2022. Con este resultado en Portugal, el finland\u00e9s se puso l\u00edder del WRC con 98 puntos, 17 m\u00e1s que T\u00e4nak.<\/p>\n\n\n\n<p class=\"wp-block-paragraph\">La pr\u00f3xima etapa del <strong>Campeonato del Mundo<\/strong> tendr\u00e1 lugar en Cerde\u00f1a, Italia, con 19 etapas del 1 al 4 de junio, que re\u00fanen los siguientes recorridos: Olbia-Cabbu Abbas, Tantariles 20ris 1, Monte Lerno 1, Terranova 1, Tantariles 20ris 2, Monte Lerno 2, Terranova 2, Coiluna-Loelle 1, Su Filigosu 1, Erula-Tula 1, Tempio Pausania 1, Coiluna-Loelle 2, Su Filigosu 2, Erula-Tula 2, Tempio Pausania 2, Arzachena &#8211; Braniatogghiu 1, Cerde\u00f1a 1, Arzachena &#8211; Braniatogghiu 2 y Cerde\u00f1a 2.<\/p>\n","protected":false},"excerpt":{"rendered":"<p>Kalle Rovanper\u00e4 gan\u00f3 por primera vez en 2023 en el Rally de Portugal y lleg\u00f3 a la punta del campeonato del WRC. Dani Sordo y Esapekka Lappi completaron el podio.<\/p>\n","protected":false},"author":0,"featured_media":1000683042,"comment_status":"closed","ping_status":"closed","sticky":false,"template":"","format":"standard","meta":{"42wp_featured_image_caption":"","42wp_featured_image_credits":"","42wp_featured_video":"","42wp_featured_image_hidden":false,"42wp_authors_list":[],"footnotes":""},"categories":[9],"tags":[2270,5616,452,1226],"42wp_author":[14223],"class_list":["post-19168","post","type-post","status-publish","format-standard","has-post-thumbnail","hentry","category-rally","tag-kalle-rovanpera","tag-mundial-de-rally-2023","tag-rally","tag-wrc","42wp_author-esteban-nieto"],"_links":{"self":[{"href":"https:\/\/grandepremio.com\/es\/wp-json\/wp\/v2\/posts\/19168","targetHints":{"allow":["GET"]}}],"collection":[{"href":"https:\/\/grandepremio.com\/es\/wp-json\/wp\/v2\/posts"}],"about":[{"href":"https:\/\/grandepremio.com\/es\/wp-json\/wp\/v2\/types\/post"}],"replies":[{"embeddable":true,"href":"https:\/\/grandepremio.com\/es\/wp-json\/wp\/v2\/comments?post=19168"}],"version-history":[{"count":0,"href":"https:\/\/grandepremio.com\/es\/wp-json\/wp\/v2\/posts\/19168\/revisions"}],"wp:featuredmedia":[{"embeddable":true,"href":"https:\/\/grandepremio.com\/es\/wp-json\/wp\/v2\/media\/1000683042"}],"wp:attachment":[{"href":"https:\/\/grandepremio.com\/es\/wp-json\/wp\/v2\/media?parent=19168"}],"wp:term":[{"taxonomy":"category","embeddable":true,"href":"https:\/\/grandepremio.com\/es\/wp-json\/wp\/v2\/categories?post=19168"},{"taxonomy":"post_tag","embeddable":true,"href":"https:\/\/grandepremio.com\/es\/wp-json\/wp\/v2\/tags?post=19168"},{"taxonomy":"42wp_author","embeddable":true,"href":"https:\/\/grandepremio.com\/es\/wp-json\/wp\/v2\/42wp_author?post=19168"}],"curies":[{"name":"wp","href":"https:\/\/api.w.org\/{rel}","templated":true}]}}