{"id":19183,"date":"2023-05-12T12:15:58","date_gmt":"2023-05-12T15:15:58","guid":{"rendered":"https:\/\/grandepremio.com\/es\/2023\/05\/12\/miller-domina-libre-2-francia-problemas-bagnaia-y-marquez\/"},"modified":"2023-05-12T12:33:40","modified_gmt":"2023-05-12T15:33:40","slug":"miller-domina-libre-2-francia-problemas-bagnaia-y-marquez","status":"publish","type":"post","link":"https:\/\/grandepremio.com\/es\/motogp\/miller-domina-libre-2-francia-problemas-bagnaia-y-marquez\/","title":{"rendered":"Miller repite y domina la libre 2 del GP de Francia, problemas para Bagnaia y M\u00e1rquez"},"content":{"rendered":"\n<p class=\"wp-block-paragraph\">La segunda sesi\u00f3n libre de <strong><a href=\"https:\/\/grandepremio.com\/es\/\/motogp\/\" target=\"_blank\" rel=\"noreferrer noopener\">MotoGP<\/a><\/strong> fue m\u00e1s accidentada pero igual de competitiva que la matinal del viernes (12). Despu\u00e9s de todo, hab\u00eda diez plazas de clasificaci\u00f3n directa en juego en la Q2 para el GP de Francia, y <strong>Jack Miller<\/strong> lider\u00f3 la clasificaci\u00f3n. El australiano lider\u00f3 ambas sesiones libres, permitiendo a KTM sonre\u00edr con el ritmo presentado en Le Mans.<\/p>\n\n\n\n<p class=\"wp-block-paragraph\"><strong>Aleix Espargar\u00f3<\/strong> apareci\u00f3 al final en segunda posici\u00f3n y qued\u00f3 a 0s119 de Miller.<strong> Marco Bezzecchi<\/strong> domin\u00f3 la sesi\u00f3n, pero fue superado en los instantes finales. KTM, Aprilia y Ducati completan las tres primeras posiciones.<\/p>\n\n\n\n<p class=\"wp-block-paragraph\">Tras ellos, el equipo Pramac ubic\u00f3 a sus dos motos en el top cinco con Jorge Mart\u00edn y Johann Zarco, en tanto que Maverick Vi\u00f1ales, Brad Binder, con la otra KTM oficial, Marc M\u00e1rquez y Francesco Bagnaia completaron los diez primeros que avanzar\u00e1n directamente a la Q2 de la ma\u00f1ana del s\u00e1bado.<\/p>\n\n\n\n<p class=\"wp-block-paragraph\">Fabio Quartararo lo intent\u00f3 todo, pero acab\u00f3 13\u00ba y disputar\u00e1 la Q1.<\/p>\n\n\n\n<p class=\"wp-block-paragraph\">La sesi\u00f3n clasificatoria de MotoGP est\u00e1 prevista para ma\u00f1ana a las 5.50h. La salida de la carrera al sprint tendr\u00e1 lugar a las 10h.<\/p>\n\n\n\n<p class=\"wp-block-paragraph\"><strong><u>Descubre c\u00f3mo ha ido la segunda sesi\u00f3n de entrenamientos de MotoGP en Le Mans:<\/u><\/strong><\/p>\n\n\n\n<p class=\"wp-block-paragraph\"><strong>MotoGP<\/strong> ha iniciado la segunda sesi\u00f3n de ensayos con un tiempo todav\u00eda parcialmente nublado. Los term\u00f3metros marcaban 18\u00baC, y la temperatura del asfalto era de 33\u00baC. La humedad era del 55% y el viento no superaba los 16 km\/h.<\/p>\n\n\n\n<p class=\"wp-block-paragraph\">El tiempo segu\u00eda nublado, pero la pista estaba m\u00e1s caliente. Por lo tanto, los pilotos ten\u00edan la oportunidad <a href=\"https:\/\/grandepremio.com\/es\/\/motogp\/miller-tiempo-libre-1-francia-motogp\/\" target=\"_blank\" rel=\"noreferrer noopener\">de batir el tiempo de Jack Miller -a pesar de la posibilidad de lluvia-, el mejor del d\u00eda hasta el momento<\/a>: 1min31s449. Tambi\u00e9n porque el tiempo era m\u00e1s largo en el reloj, 60 minutos, y la sesi\u00f3n v\u00e1lida para garantizar puestos directos en la Q2 de ma\u00f1ana.<\/p>\n\n\n\n<p class=\"wp-block-paragraph\">El primero en tomar la delantera ha sido <strong>Luca Marini<\/strong>, con 1min32s275. Jorge Mart\u00edn, Brad Binder, \u00c1lex Rins y \u00c1lex M\u00e1rquez le segu\u00edan de cerca. Marco Bezzecchi era el siguiente y ten\u00eda a Mart\u00edn a s\u00f3lo 0s001. Y es que la vuelta que llev\u00f3 a Marini al liderato fue borrada.<\/p>\n\n\n\n<figure class=\"wp-block-video\"><video class=\"video-js vjs-big-play-centered\" data-gp-vjs=\"1\" controls src=\"https:\/\/www.grandepremio.com\/br\/wp-content\/uploads\/2023\/05\/XG37hwoIFP0GmfIN.mp4\"><\/video><figcaption class=\"wp-element-caption\">Inicio de los entrenamientos libres 2 (V\u00eddeo: MotoGP)<\/figcaption><\/figure>\n\n\n\n<p class=\"wp-block-paragraph\"><strong>Aleix Espargar\u00f3<\/strong> ha sido el primero en irse al suelo en los entrenamientos libres 2. Hasta entonces, la jornada del viernes hab\u00eda sido m\u00e1s tranquila en ese aspecto, con pocas ca\u00eddas a lo largo del d\u00eda en la categor\u00eda reina.<\/p>\n\n\n\n<p class=\"wp-block-paragraph\">La KTM de <strong>Binder<\/strong> ha hecho un trompo en 1min32s262 y se ha colocado en primera posici\u00f3n, dejando a Bezzecchi a s\u00f3lo 0s004. Joan Mir fue el segundo en irse al suelo, pero se levant\u00f3 aparentemente sin problemas.<\/p>\n\n\n\n<p class=\"wp-block-paragraph\">El #72 insisti\u00f3 en quedarse con la punta, bajando el tiempo de Binder que ya se acercaba al mejor tiempo del d\u00eda con 1min31s654 &#8211; el \u00fanico en el rango de 1min31s hasta el momento.<\/p>\n\n\n\n<p class=\"wp-block-paragraph\">Y si la pr\u00e1ctica 1 no fue tan accidentada, la pr\u00e1ctica 2 comenz\u00f3 m\u00e1s tensa. Augusto Fern\u00e1ndez ha sido el tercero en caerse, y eso s\u00f3lo con 13 minutos. Y \u00c1lex M\u00e1rquez fue cuarto poco despu\u00e9s.<\/p>\n\n\n\n<p class=\"wp-block-paragraph\">Transcurridos 20 minutos, las primeras posiciones apenas variaban. Francesco Bagnaia era 11\u00ba, Fabio Quartararo 12\u00ba. <a href=\"https:\/\/grandepremio.com\/es\/\/motogp\/marquez-aprobado-volver-francia-examen-medicos\/\" target=\"_blank\" rel=\"noreferrer noopener\">Marc M\u00e1rquez<\/a> s\u00f3lo era 14\u00ba. Las ca\u00eddas se suced\u00edan y Jorge Mart\u00edn era quinto.<\/p>\n\n\n\n<figure class=\"wp-block-video\"><video class=\"video-js vjs-big-play-centered\" data-gp-vjs=\"1\" controls src=\"https:\/\/www.grandepremio.com\/br\/wp-content\/uploads\/2023\/05\/IZSbUCO5lTo_hu41.mp4\"><\/video><figcaption class=\"wp-element-caption\">La segunda sesi\u00f3n libre estuvo llena de ca\u00eddas (V\u00eddeo: MotoGP)<\/figcaption><\/figure>\n\n\n\n<p class=\"wp-block-paragraph\">A falta de menos de 30 minutos para el final, Bezzecchi ha mantenido el liderazgo, pero la batalla por la segunda plaza ha seguido apretada. <strong>Maverick Vi\u00f1ales<\/strong> estaba a 0s413 del l\u00edder, con Binder y Miller sigui\u00e9ndole de cerca. En cuanto a los puestos en la Q2, los tiempos combinados de los 10 primeros se mantuvieron intactos.<\/p>\n\n\n\n<p class=\"wp-block-paragraph\">Y fue Binder quien bati\u00f3 el tiempo de su compa\u00f1ero de equipo: 1&#8217;31.352, el mejor crono del d\u00eda y que le garantizaba un puesto directo en la Q2. Quartararo tambi\u00e9n estaba entre los 10 aspirantes.<\/p>\n\n\n\n<p class=\"wp-block-paragraph\">Bezzecchi volv\u00eda a ponerse en cabeza con una vuelta de 1&#8217;31.150, con Miller a s\u00f3lo 0.162 por detr\u00e1s. En ese momento Marc M\u00e1rquez y Bagnaia eran dos nombres fuertes sin plaza garantizada.<\/p>\n\n\n\n<p class=\"wp-block-paragraph\"><strong>\u00a1Conoce el canal de Grande Pr\u00eamio en Espa\u00f1ol en&nbsp;<\/strong><a href=\"https:\/\/www.youtube.com\/channel\/UCDxWojGVUi9gWYhrY0pGbIQ\" target=\"_blank\" rel=\"noreferrer noopener\"><strong>YouTube<\/strong><\/a><strong>!<\/strong><br><strong>\u00a1Sigue a Grande Pr\u00eamio en Espa\u00f1ol en&nbsp;<\/strong><a href=\"https:\/\/twitter.com\/grandepremioES\" target=\"_blank\" rel=\"noreferrer noopener\"><strong>Twitter&nbsp;<\/strong><\/a><strong>y en&nbsp;<\/strong><a href=\"https:\/\/www.instagram.com\/grandepremioes\/\" target=\"_blank\" rel=\"noreferrer noopener\"><strong>Instagram<\/strong><\/a><strong>!<\/strong><\/p>\n\n\n\n<p class=\"wp-block-paragraph\">A falta de tres minutos para el final, el piloto del #93 Honda ha saltado hasta la quinta posici\u00f3n, asegur\u00e1ndose un puesto en la Q2. Bagnaia tambi\u00e9n, pero en 10\u00aa posici\u00f3n. Espargar\u00f3 era el que volaba, amenazando a Bezzecchi en segunda posici\u00f3n, a s\u00f3lo 0s055.<\/p>\n\n\n\n<p class=\"wp-block-paragraph\">Como no pod\u00eda ser de otra manera, <strong>Miller<\/strong> quer\u00eda terminar el d\u00eda en lo m\u00e1s alto, no hab\u00eda manera. El Diablo&#8217; lo intent\u00f3, pero qued\u00f3 fuera del top-10 en la sesi\u00f3n combinada y disputar\u00e1 la Q1. Marc M\u00e1rquez volvi\u00f3 a caerse, pero se levant\u00f3 aparentemente sin problemas. El espa\u00f1ol acab\u00f3 8\u00ba y pasar\u00e1 directamente a la Q2.<\/p>\n","protected":false},"excerpt":{"rendered":"<p>Jack Miller no quiso dejar nada en este viernes de entrenamientos del Gran Premio de Francia y, con un tiempo de 1:30.950, fue el gran dominador de la jornada de ensayos. A pesar de los inconvenientes, Pecco Bagnaia y Marc M\u00e1rquez lograron pasar a la Q2 de ma\u00f1ana. <\/p>\n","protected":false},"author":0,"featured_media":1010155088,"comment_status":"closed","ping_status":"closed","sticky":false,"template":"","format":"standard","meta":{"42wp_featured_image_caption":"","42wp_featured_image_credits":"","42wp_featured_video":"","42wp_featured_image_hidden":false,"42wp_authors_list":[],"footnotes":""},"categories":[8],"tags":[1377,1394,1340,1306,1376,221,3687,1383,1381,1614,1392,1615,1293],"42wp_author":[14237],"class_list":["post-19183","post","type-post","status-publish","format-standard","has-post-thumbnail","hentry","category-motogp","tag-aleix-espargaro","tag-aprilia","tag-ducati","tag-fabio-quartararo","tag-francesco-bagnaia","tag-honda","tag-honda-motogp","tag-jack-miller","tag-ktm","tag-luca-marini","tag-marc-marquez-2","tag-marco-bezzecchi","tag-motogp","42wp_author-gabriel-garcia"],"_links":{"self":[{"href":"https:\/\/grandepremio.com\/es\/wp-json\/wp\/v2\/posts\/19183","targetHints":{"allow":["GET"]}}],"collection":[{"href":"https:\/\/grandepremio.com\/es\/wp-json\/wp\/v2\/posts"}],"about":[{"href":"https:\/\/grandepremio.com\/es\/wp-json\/wp\/v2\/types\/post"}],"replies":[{"embeddable":true,"href":"https:\/\/grandepremio.com\/es\/wp-json\/wp\/v2\/comments?post=19183"}],"version-history":[{"count":0,"href":"https:\/\/grandepremio.com\/es\/wp-json\/wp\/v2\/posts\/19183\/revisions"}],"wp:featuredmedia":[{"embeddable":true,"href":"https:\/\/grandepremio.com\/es\/wp-json\/wp\/v2\/media\/1010155088"}],"wp:attachment":[{"href":"https:\/\/grandepremio.com\/es\/wp-json\/wp\/v2\/media?parent=19183"}],"wp:term":[{"taxonomy":"category","embeddable":true,"href":"https:\/\/grandepremio.com\/es\/wp-json\/wp\/v2\/categories?post=19183"},{"taxonomy":"post_tag","embeddable":true,"href":"https:\/\/grandepremio.com\/es\/wp-json\/wp\/v2\/tags?post=19183"},{"taxonomy":"42wp_author","embeddable":true,"href":"https:\/\/grandepremio.com\/es\/wp-json\/wp\/v2\/42wp_author?post=19183"}],"curies":[{"name":"wp","href":"https:\/\/api.w.org\/{rel}","templated":true}]}}