{"id":19195,"date":"2023-05-11T09:36:28","date_gmt":"2023-05-11T12:36:28","guid":{"rendered":"https:\/\/grandepremio.com\/es\/2023\/05\/11\/marquez-aprobado-volver-francia-examen-medicos\/"},"modified":"2023-05-11T10:59:27","modified_gmt":"2023-05-11T13:59:27","slug":"marquez-aprobado-volver-francia-examen-medicos","status":"publish","type":"post","link":"https:\/\/grandepremio.com\/es\/motogp\/marquez-aprobado-volver-francia-examen-medicos\/","title":{"rendered":"Marc M\u00e1rquez queda aprobado por Dorna para volver en Francia, tras examenes m\u00e9dicos"},"content":{"rendered":"\n<p class=\"wp-block-paragraph\">Tras la revisi\u00f3n de los m\u00e9dicos, que es obligatoria en el Mundial de Motociclismo, los especialistas le han dado la autorizaci\u00f3n para que <a href=\"https:\/\/grandepremio.com\/es\/\/motogp\/moto-gp-marc-marquez-medicos-francia\/\" target=\"_blank\" rel=\"noreferrer noopener\"><strong>Marc M\u00e1rquez<\/strong> <\/a>vuelva a las pistas este fin de semana en la variante Bugatti del circuito de Le Mans, sede del <strong>GP de Francia.<\/strong><\/p>\n\n\n\n<p class=\"wp-block-paragraph\">Hay que recordar que el catal\u00e1n padeci\u00f3 la fractura en la mano derecha por una ca\u00edda en el <strong>GP de Portugal<\/strong>, por lo cual debi\u00f3 pasar por el quir\u00f3fano, y esa cirug\u00eda le ha impedido regresar a la competici\u00f3n en el tiempo reciente. A diferencia de lo que ocurri\u00f3 con la fractura de 2020, esta vez la opci\u00f3n fue por precauci\u00f3n.<\/p>\n\n\n\n<figure class=\"wp-block-image size-large\"><img decoding=\"async\" src=\"https:\/\/grandepremio.com\/es\/\/wp-content\/uploads\/2023\/05\/Fv12rQeWYAEz7iZ-1024x683.jpg\" alt=\"\" class=\"wp-image-154853\"\/><figcaption class=\"wp-element-caption\">Marc M\u00e1rquez, feliz por su regreso a MotoGP. (Foto: Box Repsol)<\/figcaption><\/figure>\n\n\n\n<p class=\"wp-block-paragraph\">Debido a las indicaciones de los profesionales de su equipo de trabajo, Marc no estuvo presente en los <strong>GP de Argentina<\/strong>, de las Am\u00e9ricas y de Espa\u00f1a, y ya ten\u00eda <a href=\"https:\/\/grandepremio.com\/es\/\/motogp\/marc-marquez-liberado-medicos-francia-motogp\/\" target=\"_blank\" rel=\"noreferrer noopener\">el visto bueno de sus m\u00e9dicos personales para subirse a la Honda nuevamente.<\/a><\/p>\n\n\n\n<p class=\"wp-block-paragraph\">&#8220;Por supuesto, como piloto, siempre quieres volver lo antes posible, pero con una lesi\u00f3n como \u00e9sta, es muy importante dejar que se cure&#8221;, reflexion\u00f3 el m\u00faltiple campe\u00f3n del mundo.<\/p>\n\n\n\n<p class=\"wp-block-paragraph\"><strong>\u00a1Conoce el canal de Grande Pr\u00eamio en Espa\u00f1ol en&nbsp;<\/strong><a href=\"https:\/\/www.youtube.com\/channel\/UCDxWojGVUi9gWYhrY0pGbIQ\" target=\"_blank\" rel=\"noreferrer noopener\"><strong>YouTube<\/strong><\/a><strong>!<\/strong><br><strong>\u00a1Sigue a Grande Pr\u00eamio en Espa\u00f1ol en&nbsp;<\/strong><a href=\"https:\/\/twitter.com\/grandepremioES\" target=\"_blank\" rel=\"noreferrer noopener\"><strong>Twitter&nbsp;<\/strong><\/a><strong>y en&nbsp;<\/strong><a href=\"https:\/\/www.instagram.com\/grandepremioes\/\" target=\"_blank\" rel=\"noreferrer noopener\"><strong>Instagram<\/strong><\/a><strong>!<\/strong><\/p>\n\n\n\n<p class=\"wp-block-paragraph\">&#8220;Ahora estoy aqu\u00ed y completamente centrado en pilotar. No tengo ninguna preocupaci\u00f3n por la lesi\u00f3n, ya que est\u00e1 totalmente recuperada. Vamos a ver qu\u00e9 nos depara el GP de Francia y, lo m\u00e1s importante, trabajar al m\u00e1ximo&#8221;, cerr\u00f3.<\/p>\n\n\n\n<p class=\"wp-block-paragraph\">M\u00e1rquez tampoco tendr\u00e1 que preocuparse por la sanci\u00f3n que recibi\u00f3 por provocar la ca\u00edda de<strong> Miguel Oliveira<\/strong> en Portimao. Debido a un error de los comisarios en el texto original, que preve\u00eda la aplicaci\u00f3n de la sanci\u00f3n en Termas de R\u00edo Hondo, el Panel crey\u00f3 conveniente hacer un parche de la sanci\u00f3n tras la confirmaci\u00f3n de la ausencia del hermano de \u00c1lex en la etapa sudamericana.<\/p>\n\n\n\n<p class=\"wp-block-paragraph\"><a href=\"https:\/\/grandepremio.com\/es\/\/motogp\/fim-anula-sancion-marc-marquez-motogp\/\" target=\"_blank\" rel=\"noreferrer noopener\">El equipo Honda recurri\u00f3 entonces y el Tribunal de Apelaci\u00f3n decidi\u00f3 anular la sanci\u00f3n, d\u00e1ndola por cumplida por la ausencia de M\u00e1rquez en Argentina<\/a>. El texto de la sanci\u00f3n hab\u00eda contemplado que cumpliera con la sanci\u00f3n a su regreso, pero era algo que no estaba originalmente en el esp\u00edritu de la norma tal como estaba escrita.<\/p>\n\n\n\n<p class=\"wp-block-paragraph\"><strong><a href=\"https:\/\/grandepremio.com\/es\/\/motogp\/\" target=\"_blank\" rel=\"noreferrer noopener\">MotoGP<\/a> <\/strong>vuelve a la acci\u00f3n el fin de semana del 14 de mayo, con el <strong>GP de Francia<\/strong> en Le Mans.<\/p>\n","protected":false},"excerpt":{"rendered":"<p>Ausente desde el GP de Portugal, Marc M\u00e1rquez ha superado el reconocimiento m\u00e9dico celebrado en la ma\u00f1ana del jueves (11) en Le Mans y ha recibido el visto bueno para volver al servicio activo en MotoGP.<\/p>\n","protected":false},"author":0,"featured_media":1010117961,"comment_status":"closed","ping_status":"closed","sticky":false,"template":"","format":"standard","meta":{"42wp_featured_image_caption":"","42wp_featured_image_credits":"","42wp_featured_video":"","42wp_featured_image_hidden":false,"42wp_authors_list":[],"footnotes":""},"categories":[8],"tags":[1394,1340,1428,972,221,1381,7108,1392,1403,1293,455],"42wp_author":[14237],"class_list":["post-19195","post","type-post","status-publish","format-standard","has-post-thumbnail","hentry","category-motogp","tag-aprilia","tag-ducati","tag-gp-de-francia","tag-gp-de-portugal","tag-honda","tag-ktm","tag-le-mans-bugatti","tag-marc-marquez-2","tag-miguel-oliveira","tag-motogp","tag-portimao","42wp_author-gabriel-garcia"],"_links":{"self":[{"href":"https:\/\/grandepremio.com\/es\/wp-json\/wp\/v2\/posts\/19195","targetHints":{"allow":["GET"]}}],"collection":[{"href":"https:\/\/grandepremio.com\/es\/wp-json\/wp\/v2\/posts"}],"about":[{"href":"https:\/\/grandepremio.com\/es\/wp-json\/wp\/v2\/types\/post"}],"replies":[{"embeddable":true,"href":"https:\/\/grandepremio.com\/es\/wp-json\/wp\/v2\/comments?post=19195"}],"version-history":[{"count":0,"href":"https:\/\/grandepremio.com\/es\/wp-json\/wp\/v2\/posts\/19195\/revisions"}],"wp:featuredmedia":[{"embeddable":true,"href":"https:\/\/grandepremio.com\/es\/wp-json\/wp\/v2\/media\/1010117961"}],"wp:attachment":[{"href":"https:\/\/grandepremio.com\/es\/wp-json\/wp\/v2\/media?parent=19195"}],"wp:term":[{"taxonomy":"category","embeddable":true,"href":"https:\/\/grandepremio.com\/es\/wp-json\/wp\/v2\/categories?post=19195"},{"taxonomy":"post_tag","embeddable":true,"href":"https:\/\/grandepremio.com\/es\/wp-json\/wp\/v2\/tags?post=19195"},{"taxonomy":"42wp_author","embeddable":true,"href":"https:\/\/grandepremio.com\/es\/wp-json\/wp\/v2\/42wp_author?post=19195"}],"curies":[{"name":"wp","href":"https:\/\/api.w.org\/{rel}","templated":true}]}}