{"id":19207,"date":"2023-05-09T17:42:45","date_gmt":"2023-05-09T20:42:45","guid":{"rendered":"https:\/\/grandepremio.com\/es\/2023\/05\/09\/formula-e-tokio-los-angeles-china-2025\/"},"modified":"2023-05-09T17:42:47","modified_gmt":"2023-05-09T20:42:47","slug":"formula-e-tokio-los-angeles-china-2025","status":"publish","type":"post","link":"https:\/\/grandepremio.com\/es\/formula-e\/formula-e-tokio-los-angeles-china-2025\/","title":{"rendered":"F\u00f3rmula E confirma planes de correr en Tokio y Los \u00c1ngeles y apunta a China para 2025"},"content":{"rendered":"\n<p class=\"wp-block-paragraph\">Mientras la primera temporada de los nuevos coches Gen3 sigue rodando a todo vapor en la <strong>F\u00f3rmula E<\/strong>, la organizaci\u00f3n de la categor\u00eda ya planea sus pr\u00f3ximos pasos y est\u00e1 cerca de una definici\u00f3n sobre el campeonato del a\u00f1o pr\u00f3ximo. Seg\u00fan el cofundador y jefe<strong> Alberto Longo,<\/strong> <strong>Tokio<\/strong> y<strong> Los \u00c1ngeles<\/strong> siguen siendo los principales objetivos de la disciplina el\u00e9ctrica para su d\u00e9cima edici\u00f3n, pero los acuerdos a\u00fan no est\u00e1n cerrados. Con una reuni\u00f3n prevista en el <strong>Consejo Mundial del Motor <\/strong>en junio, se espera una definici\u00f3n para entonces.<\/p>\n\n\n\n<p class=\"wp-block-paragraph\">Longo ya hab\u00eda adelantado, en una conversaci\u00f3n con <strong>GRANDE PR\u00caMIO <\/strong>antes del <strong>eP de S\u00e3o Paulo<\/strong> en marzo, que la F\u00f3rmula E est\u00e1 intentando organizar su primera carrera en Jap\u00f3n el a\u00f1o que viene y sue\u00f1a con volver a una ciudad de <strong>Estados Unidos<\/strong> tras abandonar<strong> Nueva York. Portland <\/strong>entr\u00f3 en el calendario de este a\u00f1o, pero act\u00faa como sustituto provisional y no es probable que se mantenga para el a\u00f1o que viene.<\/p>\n\n\n\n<p class=\"wp-block-paragraph\">Esta vez, en declaraciones al portal ingl\u00e9s <strong>The Race,<\/strong> el m\u00e1ximo responsable de la F\u00f3rmula E reafirm\u00f3 sus planes de cerrar con Tokio para 2024. El pasado fin de semana, incluso se pudo ver a miembros del gobierno japon\u00e9s presentes en el<strong> <\/strong><a href=\"https:\/\/grandepremio.com\/es\/\/formula-e\/cassidy-evans-gana-monaco-fenestraz\/\" target=\"_blank\" rel=\"noreferrer noopener\"><strong>eP de M\u00f3naco<\/strong> <\/a>como invitados de la categor\u00eda, que aprovech\u00f3 la ocasi\u00f3n para acercar posturas de cara a un acuerdo.<\/p>\n\n\n\n<figure class=\"wp-block-image size-large\"><img decoding=\"async\" src=\"https:\/\/www.grandepremio.com\/br\/wp-content\/uploads\/2023\/03\/Alberto-Longo-1024x785.jpg\" alt=\"\" class=\"wp-image-664410\"\/><figcaption class=\"wp-element-caption\">Jefe de la F\u00f3rmula E, Alberto Longo confirm\u00f3 intenciones de correr en Tokio y Los \u00c1ngeles. (Foto: On Board Motorsports)<\/figcaption><\/figure>\n\n\n\n<p class=\"wp-block-paragraph\">&#8220;Siempre ha habido inter\u00e9s por parte del gobierno de Tokio en albergar una carrera de F\u00f3rmula E, y la F\u00f3rmula E siempre ha querido correr all\u00ed&#8221;, admiti\u00f3 Longo. &#8220;El marat\u00f3n de Tokio tard\u00f3 ocho a\u00f1os en recibir aprobaci\u00f3n. Y se trataa de una disciplina que tiene menos impacto en la vida local que nosotros. As\u00ed que sin duda es dif\u00edcil llegar all\u00ed&#8221;, subray\u00f3.<\/p>\n\n\n\n<p class=\"wp-block-paragraph\">&#8220;Yo dir\u00eda que estamos m\u00e1s cerca que nunca&#8221;, recalc\u00f3. &#8220;Tokio es definitivamente una de las ciudades candidatas que tenemos [para 2024] y potencialmente podr\u00eda a\u00f1adirse al calendario a corto plazo&#8221;, recalc\u00f3.<\/p>\n\n\n\n<p class=\"wp-block-paragraph\">En cuanto a Los \u00c1ngeles, una de las hip\u00f3tesis planteadas por la propia categor\u00eda era correr con un formato similar al del <strong>eP de Se\u00fal <\/strong>del a\u00f1o pasado, que utiliz\u00f3 tanto el exterior como el interior del Estadio Ol\u00edmpico. Sin embargo, Longo fren\u00f3 las expectativas y asegur\u00f3 que, a pesar de la cantidad de estadios que hay en la ciudad californiana, la estructura no es lo suficientemente ancha como para permitir la entrada y salida de los autos de carrera.<\/p>\n\n\n\n<p class=\"wp-block-paragraph\">&#8220;En principio, es algo muy bueno, porque los estadios de Estados Unidos est\u00e1n justo en el centro de las ciudades, que es nuestra base, lo que queremos hacer&#8221;, se\u00f1al\u00f3. &#8220;Tienen grandes aparcamientos a su alrededor, as\u00ed que podr\u00edas hacer un evento fant\u00e1stico en un circuito con muchas opciones, desde el dise\u00f1o de la pista hasta la cantidad de tribunas que puedes tener adem\u00e1s de las que ya hay en el estadio&#8221;, coment\u00f3.<\/p>\n\n\n\n<figure class=\"wp-block-image size-full\"><img decoding=\"async\" src=\"https:\/\/www.grandepremio.com\/br\/wp-content\/uploads\/2019\/03\/20193241359566_357234_867467_a193197_medium_web__DMa-1.jpg\" alt=\"\" class=\"wp-image-370026\"\/><figcaption class=\"wp-element-caption\">A F\u00f3rmula E j\u00e1 visitou a China em 2019, em Sanya, e tenta voltar em um futuro pr\u00f3ximo (Foto: F\u00f3rmula E)<\/figcaption><\/figure>\n\n\n\n<p class=\"wp-block-paragraph\"><strong>\u00a1Conoce el canal de Grande Pr\u00eamio en Espa\u00f1ol en\u00a0<a href=\"https:\/\/www.youtube.com\/channel\/UCDxWojGVUi9gWYhrY0pGbIQ\" target=\"_blank\" rel=\"noreferrer noopener\">YouTube<\/a>!<br>\u00a1Sigue a\u00a0Grande Pr\u00eamio en Espa\u00f1ol\u00a0en\u00a0<a href=\"https:\/\/twitter.com\/grandepremioES\" target=\"_blank\" rel=\"noreferrer noopener\">Twitter\u00a0<\/a>y en\u00a0<a href=\"https:\/\/www.instagram.com\/grandepremioes\/\" target=\"_blank\" rel=\"noreferrer noopener\">Instagram<\/a>!<\/strong><\/p>\n\n\n\n<p class=\"wp-block-paragraph\">&#8220;As\u00ed que definitivamente es algo que estamos estudiando, y lo hemos hecho desde el principio&#8221;, asegur\u00f3. &#8220;Sin embargo, en su mayor parte, la idea ha sido rechazada por el hecho de que no podemos entrar en los estadios: las puertas no son lo suficientemente anchas&#8221;, lament\u00f3.<\/p>\n\n\n\n<p class=\"wp-block-paragraph\">Por \u00faltimo, sobre China -que a\u00fan mantiene estrictos protocolos sanitarios tras la pandemia-, Longo admiti\u00f3 que es muy dif\u00edcil imaginar un regreso al pa\u00eds asi\u00e1tico el a\u00f1o que viene. Por otro lado, el directivo dej\u00f3 claro que el lugar sigue como uno de los deseos de la categor\u00eda para el calendario de 2025.<\/p>\n\n\n\n<p class=\"wp-block-paragraph\">&#8220;No s\u00e9 si se celebrar\u00e1 alg\u00fan tipo de carrera all\u00ed, pero ya dijimos al principio de la temporada pasada que no ser\u00eda posible volver este a\u00f1o&#8221;, record\u00f3. &#8220;Para el a\u00f1o que viene, todav\u00eda estamos en conversaciones con nuestros promotores y si no ocurre, volveremos el siguiente&#8221;, finaliz\u00f3.<\/p>\n\n\n\n<p class=\"wp-block-paragraph\">La <strong>F\u00f3rmula E<\/strong> vuelve a calentar motores a partir del 3 de junio, con la doble ronda del<strong> eP de Yakarta. GRANDE PR\u00caMIO en Espa\u00f1ol <\/strong>ofrece una cobertura completa de la competencia. <\/p>\n","protected":false},"excerpt":{"rendered":"<p>Cofundador y jefe de la F\u00f3rmula E, Alberto Longo reafirm\u00f3 los planes de la categor\u00eda en visitar Tokio y Los \u00c1ngeles por primera vez, y revel\u00f3 un posible retorno a China en 2025. <\/p>\n","protected":false},"author":0,"featured_media":1000681030,"comment_status":"closed","ping_status":"closed","sticky":false,"template":"","format":"standard","meta":{"42wp_featured_image_caption":"","42wp_featured_image_credits":"","42wp_featured_video":"","42wp_featured_image_hidden":false,"42wp_authors_list":[],"footnotes":""},"categories":[18],"tags":[6212,1634,462,2613,7089,7090],"42wp_author":[14223],"class_list":["post-19207","post","type-post","status-publish","format-standard","has-post-thumbnail","hentry","category-formula-e","tag-alberto-longo","tag-china","tag-formula-e","tag-formula-e-2023","tag-los-angeles","tag-tokio","42wp_author-esteban-nieto"],"_links":{"self":[{"href":"https:\/\/grandepremio.com\/es\/wp-json\/wp\/v2\/posts\/19207","targetHints":{"allow":["GET"]}}],"collection":[{"href":"https:\/\/grandepremio.com\/es\/wp-json\/wp\/v2\/posts"}],"about":[{"href":"https:\/\/grandepremio.com\/es\/wp-json\/wp\/v2\/types\/post"}],"replies":[{"embeddable":true,"href":"https:\/\/grandepremio.com\/es\/wp-json\/wp\/v2\/comments?post=19207"}],"version-history":[{"count":0,"href":"https:\/\/grandepremio.com\/es\/wp-json\/wp\/v2\/posts\/19207\/revisions"}],"wp:featuredmedia":[{"embeddable":true,"href":"https:\/\/grandepremio.com\/es\/wp-json\/wp\/v2\/media\/1000681030"}],"wp:attachment":[{"href":"https:\/\/grandepremio.com\/es\/wp-json\/wp\/v2\/media?parent=19207"}],"wp:term":[{"taxonomy":"category","embeddable":true,"href":"https:\/\/grandepremio.com\/es\/wp-json\/wp\/v2\/categories?post=19207"},{"taxonomy":"post_tag","embeddable":true,"href":"https:\/\/grandepremio.com\/es\/wp-json\/wp\/v2\/tags?post=19207"},{"taxonomy":"42wp_author","embeddable":true,"href":"https:\/\/grandepremio.com\/es\/wp-json\/wp\/v2\/42wp_author?post=19207"}],"curies":[{"name":"wp","href":"https:\/\/api.w.org\/{rel}","templated":true}]}}