{"id":19228,"date":"2023-05-08T14:50:00","date_gmt":"2023-05-08T17:50:00","guid":{"rendered":"https:\/\/grandepremio.com\/es\/2023\/05\/08\/director-alpine-laurent-rossi-amateurismo-formula-1\/"},"modified":"2023-05-08T15:29:28","modified_gmt":"2023-05-08T18:29:28","slug":"director-alpine-laurent-rossi-amateurismo-formula-1","status":"publish","type":"post","link":"https:\/\/grandepremio.com\/es\/f1\/director-alpine-laurent-rossi-amateurismo-formula-1\/","title":{"rendered":"Director de Alpine critica &#8220;amateurismo&#8221; del equipo: &#8220;No aprendieron con los errores&#8221;"},"content":{"rendered":"\n<p class=\"wp-block-paragraph\">El director general de <strong>Alpine<\/strong>, <strong>Laurent Rossi,<\/strong> hizo fuertes comentarios sobre el inicio de temporada de la escuder\u00eda francesa, que comenz\u00f3 por debajo de sus expectativas. <a href=\"https:\/\/grandepremio.com\/es\/\/f1\/max-verstappen-victoria-miami-formula-1\/\" target=\"_blank\" rel=\"noreferrer noopener\">En el <strong>GP de Miami<\/strong>,<\/a> el equipo con sede en <strong>Enstone<\/strong> obtuvo su mejor resultado del a\u00f1o, con<strong> Pierre Gasly<\/strong> octavo y <strong>Esteban Ocon<\/strong> noveno.<\/p>\n\n\n\n<p class=\"wp-block-paragraph\">En una entrevista a la emisora francesa Canal+, Rossi admiti\u00f3 que Alpine sufre con el rendimiento del A523, pero tambi\u00e9n hizo fuertes cr\u00edticas sobre la labor por parte del equipo, que s\u00f3lo sum\u00f3 14 puntos en lo que va de temporada, y aparece s\u00f3lo sexto entre los Constructores, empatado con <strong>McLaren.<\/strong><\/p>\n\n\n\n<p class=\"wp-block-paragraph\">&#8220;Este a\u00f1o, empezamos con d\u00e9ficit de rendimiento por un lado, y d\u00e9ficit de ejecuci\u00f3n por el otro. Eso es mucho. Estamos en una posici\u00f3n nada digna en relaci\u00f3n a los recursos invertidos. Y muy lejos del objetivo final del a\u00f1o. Lo que veo es ciertamente una falta de rendimiento y una falta de rigor en la ejecuci\u00f3n, pero tambi\u00e9n potencialmente un estado de \u00e1nimo que no est\u00e1 al nivel de lo que hab\u00eda hecho Alpine el a\u00f1o pasado&#8221;, declar\u00f3 Rossi.<\/p>\n\n\n\n<p class=\"wp-block-paragraph\"><strong>\u00a1Conoce el canal de Grande Pr\u00eamio en Espa\u00f1ol en&nbsp;<a href=\"https:\/\/www.youtube.com\/channel\/UCDxWojGVUi9gWYhrY0pGbIQ\" target=\"_blank\" rel=\"noreferrer noopener\">YouTube<\/a>!<br>\u00a1Sigue a&nbsp;Grande Pr\u00eamio en Espa\u00f1ol&nbsp;en&nbsp;<a href=\"https:\/\/twitter.com\/grandepremioES\" target=\"_blank\" rel=\"noreferrer noopener\">Twitter&nbsp;<\/a>y en&nbsp;<a href=\"https:\/\/www.instagram.com\/grandepremioes\/\" target=\"_blank\" rel=\"noreferrer noopener\">Instagram<\/a>!<\/strong><\/p>\n\n\n\n<figure class=\"wp-block-image size-large\"><img decoding=\"async\" src=\"https:\/\/www.grandepremio.com\/br\/wp-content\/uploads\/2023\/05\/f1-2023-miami-treinos-livres-alpine-pierregasly-01-4-1024x683.jpg\" alt=\"\" class=\"wp-image-680529\"\/><figcaption class=\"wp-element-caption\">Pierre Gasly logr\u00f3 llegar a los puntos en el GP de Miami (Foto: Alpine)<\/figcaption><\/figure>\n\n\n\n<p class=\"wp-block-paragraph\">El director de Alpine record\u00f3 los problemas en el <strong>GP de Bahrein,<\/strong> cuando Gasly larg\u00f3 \u00faltimo y Ocon abandon\u00f3 tras una serie de penalizaciones. Rossi entiende que el amateurismo del equipo ha perjudicado algunas actuaciones hasta ahora, y tambi\u00e9n inst\u00f3 a una mejora tras los errores cometidos.<\/p>\n\n\n\n<p class=\"wp-block-paragraph\">&#8220;No me gust\u00f3 el primer GP porque hubo mucho amateurismo que llev\u00f3 a un resultado que no fue el correcto, que fue mediocre, malo. La \u00faltima carrera, en Bak\u00fa, me pareci\u00f3 tan horrible como la de Bahr\u00e9in. Y eso no es aceptable. El derecho a equivocarse es un principio b\u00e1sico, de los errores se aprende. Sin embargo, cuando se repiten los errores, se demuestra que no se ha aprendido y que no se asume la responsabilidad. Eso es inaceptable&#8221;, cerr\u00f3 el director de Alpine.<\/p>\n\n\n\n<p class=\"wp-block-paragraph\">La F\u00f3rmula 1 regresa dentro de quince d\u00edas con el<strong> GP de Emilia-Roma\u00f1a,<\/strong> sexta prueba del calendario. <strong>GRANDE PR\u00caMIO en Espa\u00f1ol sigue en DIRECTO y EN TIEMPO REAL <\/strong>todas las actividades de la temporada 2023.<\/p>\n","protected":false},"excerpt":{"rendered":"<p>El CEO de Alpine, Laurent Rossi, consider\u00f3 que el equipo actu\u00f3 con &#8220;amateurismo&#8221;, debido a un inicio de temporada de F\u00f3rmula 1 en el que no cumpli\u00f3 con las expectativas.<\/p>\n","protected":false},"author":0,"featured_media":1000680036,"comment_status":"closed","ping_status":"closed","sticky":false,"template":"","format":"standard","meta":{"42wp_featured_image_caption":"","42wp_featured_image_credits":"","42wp_featured_video":"","42wp_featured_image_hidden":false,"42wp_authors_list":[],"footnotes":""},"categories":[5],"tags":[678,362,181,1676,179,2534,1534,1488,3438,2237,1500,427],"42wp_author":[14223],"class_list":["post-19228","post","type-post","status-publish","format-standard","has-post-thumbnail","hentry","category-f1","tag-alpine","tag-esteban-ocon","tag-f1","tag-f1-2023","tag-formula-1","tag-formula-1-2023","tag-gp-de-miami","tag-grande-premio","tag-grande-premio-en-espanol","tag-grandepremio","tag-laurent-rossi","tag-pierre-gasly","42wp_author-esteban-nieto"],"_links":{"self":[{"href":"https:\/\/grandepremio.com\/es\/wp-json\/wp\/v2\/posts\/19228","targetHints":{"allow":["GET"]}}],"collection":[{"href":"https:\/\/grandepremio.com\/es\/wp-json\/wp\/v2\/posts"}],"about":[{"href":"https:\/\/grandepremio.com\/es\/wp-json\/wp\/v2\/types\/post"}],"replies":[{"embeddable":true,"href":"https:\/\/grandepremio.com\/es\/wp-json\/wp\/v2\/comments?post=19228"}],"version-history":[{"count":0,"href":"https:\/\/grandepremio.com\/es\/wp-json\/wp\/v2\/posts\/19228\/revisions"}],"wp:featuredmedia":[{"embeddable":true,"href":"https:\/\/grandepremio.com\/es\/wp-json\/wp\/v2\/media\/1000680036"}],"wp:attachment":[{"href":"https:\/\/grandepremio.com\/es\/wp-json\/wp\/v2\/media?parent=19228"}],"wp:term":[{"taxonomy":"category","embeddable":true,"href":"https:\/\/grandepremio.com\/es\/wp-json\/wp\/v2\/categories?post=19228"},{"taxonomy":"post_tag","embeddable":true,"href":"https:\/\/grandepremio.com\/es\/wp-json\/wp\/v2\/tags?post=19228"},{"taxonomy":"42wp_author","embeddable":true,"href":"https:\/\/grandepremio.com\/es\/wp-json\/wp\/v2\/42wp_author?post=19228"}],"curies":[{"name":"wp","href":"https:\/\/api.w.org\/{rel}","templated":true}]}}