{"id":19330,"date":"2023-04-30T14:24:47","date_gmt":"2023-04-30T17:24:47","guid":{"rendered":"https:\/\/grandepremio.com\/es\/2023\/04\/30\/formula-1-aston-martin-baku-bien-ejecutado\/"},"modified":"2023-04-30T14:28:39","modified_gmt":"2023-04-30T17:28:39","slug":"formula-1-aston-martin-baku-bien-ejecutado","status":"publish","type":"post","link":"https:\/\/grandepremio.com\/es\/f1\/formula-1-aston-martin-baku-bien-ejecutado\/","title":{"rendered":"Aston Martin celebra &#8220;fin de semana bien ejecutado&#8221; en un Bak\u00fa &#8220;desafiante&#8221;"},"content":{"rendered":"\n<p class=\"wp-block-paragraph\">Despu\u00e9s de debutar con tres podios consecutivos en la <strong>temporada 2023<\/strong> de <strong>F\u00f3rmula 1<\/strong>,<strong> Aston Martin<\/strong> ya se estaba acostumbrando al estrellato. El resultado no se repiti\u00f3 en el<strong> <a href=\"https:\/\/grandepremio.com\/es\/\/f1\/sergio-perez-victoria-baku-gp-de-azerbaiyan\/\">GP de Azerbaiy\u00e1n<\/a><\/strong>, pero a\u00fan as\u00ed la evaluaci\u00f3n interna sigue siendo positiva. <strong><a href=\"https:\/\/grandepremio.com\/es\/\/f1\/alonso-ferrari-suerte-baku-miami-diferente\/\">Fernando Alonso<\/a><\/strong> termin\u00f3 en cuarto lugar, mientras que <strong>Lance Stroll <\/strong>termin\u00f3 en s\u00e9ptimo.<\/p>\n\n\n\n<p class=\"wp-block-paragraph\"><strong>\u00a1Conoce el canal de Grande Pr\u00eamio en Espa\u00f1ol en\u00a0<a href=\"https:\/\/www.youtube.com\/channel\/UCDxWojGVUi9gWYhrY0pGbIQ\" target=\"_blank\" rel=\"noreferrer noopener\">YouTube<\/a>!<br>\u00a1Sigue a\u00a0Grande Pr\u00eamio en Espa\u00f1ol\u00a0en\u00a0<a href=\"https:\/\/twitter.com\/grandepremioES\" target=\"_blank\" rel=\"noreferrer noopener\">Twitter\u00a0<\/a>y en\u00a0<a href=\"https:\/\/www.instagram.com\/grandepremioes\/\" target=\"_blank\" rel=\"noreferrer noopener\">Instagram<\/a>!<\/strong><\/p>\n\n\n\n<p class=\"wp-block-paragraph\">Al menos, eso es lo que asegur\u00f3 el jefe del equipo, <strong>Mike Krack<\/strong>, despu\u00e9s de la carrera. Con la carrera principal y la sprint, <strong><a href=\"https:\/\/grandepremio.com\/es\/\/f1\/formula-1-aston-martin-aprendizaje-domingo-baku\/\">Aston Martin<\/a> <\/strong>sum\u00f3 m\u00e1s de dos docenas de puntos y lo suficiente para asegurarse el segundo lugar en el <strong>Campeonato de Constructores<\/strong>.<\/p>\n\n\n\n<p class=\"wp-block-paragraph\">&#8220;Otro fin de semana bien ejecutado por todo el equipo&#8221;, celebr\u00f3. &#8220;Salimos de Bak\u00fa con un total de 22 puntos, combinados entre los dos pilotos y las dos carreras. <strong>Es un buen retorno para una pista tan desafiante y un evento tan dif\u00edcil<\/strong>&#8220;, continu\u00f3.<\/p>\n\n\n\n<figure class=\"wp-block-image size-large\"><img decoding=\"async\" src=\"https:\/\/www.grandepremio.com\/br\/wp-content\/uploads\/2023\/04\/astonmartin-lancestroll-afp-01-5-1024x683.jpg\" alt=\"\" class=\"wp-image-677614\"\/><figcaption class=\"wp-element-caption\">Lance Stroll volvi\u00f3 a puntuar con Aston Martin. (Foto: AFP) <\/figcaption><\/figure>\n\n\n\n<p class=\"wp-block-paragraph\">&#8220;<strong>Todos los cr\u00e9ditos van para los pilotos, que hicieron un excelente trabajo<\/strong> para mejorar desde la largada. Pudieron mantener los neum\u00e1ticos duros mucho m\u00e1s all\u00e1 de un stint largo y, a\u00fan as\u00ed conservar un buen ritmo de carrera, adem\u00e1s de llevar los coches a casa para cerrar un fin de semana limpio&#8221;, afirm\u00f3 Krack.<\/p>\n\n\n\n<p class=\"wp-block-paragraph\">&#8220;Esto nos prepara bastante para nuestro primer viaje del a\u00f1o a Estados Unidos la pr\u00f3xima semana, donde <strong><a href=\"https:\/\/grandepremio.com\/es\/\/f1\/formula-1-aston-martin-aprendizaje-domingo-baku\/\">nos prepararemos para entretener a los fans<\/a><\/strong>&#8220;, finaliz\u00f3 el jefe de Aston Martin.<\/p>\n\n\n\n<p class=\"wp-block-paragraph\">La <strong>F\u00f3rmula 1<\/strong> hace un largo viaje y regresa la pr\u00f3xima semana, del <strong>5 al 7 de mayo,<\/strong> con el <strong>Gran Premio de Miami<\/strong>, la primera de las tres etapas del a\u00f1o en Estados Unidos.<\/p>\n","protected":false},"excerpt":{"rendered":"<p>Mike Krack, jefe de Aston Martin, defini\u00f3 positivamente la participaci\u00f3n del equipo en el Gran Premio de Azerbaiy\u00e1n, incluso sin subir al podio.<\/p>\n","protected":false},"author":0,"featured_media":1000677611,"comment_status":"closed","ping_status":"closed","sticky":false,"template":"","format":"standard","meta":{"42wp_featured_image_caption":"","42wp_featured_image_credits":"","42wp_featured_video":"","42wp_featured_image_hidden":false,"42wp_authors_list":[],"footnotes":""},"categories":[5],"tags":[209,5721,5624,4605,181,1676,2358,179,1488,2237],"42wp_author":[14235],"class_list":["post-19330","post","type-post","status-publish","format-standard","has-post-thumbnail","hentry","category-f1","tag-aston-martin","tag-aston-martin-2023","tag-aston-martin-amr23","tag-aston-martin-formula-1","tag-f1","tag-f1-2023","tag-f1-hoy","tag-formula-1","tag-grande-premio","tag-grandepremio","42wp_author-barbara-mincioni"],"_links":{"self":[{"href":"https:\/\/grandepremio.com\/es\/wp-json\/wp\/v2\/posts\/19330","targetHints":{"allow":["GET"]}}],"collection":[{"href":"https:\/\/grandepremio.com\/es\/wp-json\/wp\/v2\/posts"}],"about":[{"href":"https:\/\/grandepremio.com\/es\/wp-json\/wp\/v2\/types\/post"}],"replies":[{"embeddable":true,"href":"https:\/\/grandepremio.com\/es\/wp-json\/wp\/v2\/comments?post=19330"}],"version-history":[{"count":0,"href":"https:\/\/grandepremio.com\/es\/wp-json\/wp\/v2\/posts\/19330\/revisions"}],"wp:featuredmedia":[{"embeddable":true,"href":"https:\/\/grandepremio.com\/es\/wp-json\/wp\/v2\/media\/1000677611"}],"wp:attachment":[{"href":"https:\/\/grandepremio.com\/es\/wp-json\/wp\/v2\/media?parent=19330"}],"wp:term":[{"taxonomy":"category","embeddable":true,"href":"https:\/\/grandepremio.com\/es\/wp-json\/wp\/v2\/categories?post=19330"},{"taxonomy":"post_tag","embeddable":true,"href":"https:\/\/grandepremio.com\/es\/wp-json\/wp\/v2\/tags?post=19330"},{"taxonomy":"42wp_author","embeddable":true,"href":"https:\/\/grandepremio.com\/es\/wp-json\/wp\/v2\/42wp_author?post=19330"}],"curies":[{"name":"wp","href":"https:\/\/api.w.org\/{rel}","templated":true}]}}