{"id":19333,"date":"2023-04-30T12:28:40","date_gmt":"2023-04-30T15:28:40","guid":{"rendered":"https:\/\/grandepremio.com\/es\/2023\/04\/30\/formula-1-hamilton-mercedes-baku-mentalidad\/"},"modified":"2023-04-30T12:32:23","modified_gmt":"2023-04-30T15:32:23","slug":"formula-1-hamilton-mercedes-baku-mentalidad","status":"publish","type":"post","link":"https:\/\/grandepremio.com\/es\/f1\/formula-1-hamilton-mercedes-baku-mentalidad\/","title":{"rendered":"Hamilton sostiene que &#8220;dio el m\u00e1ximo&#8221; y elogia a Mercedes: &#8220;Mentalidad ganadora&#8221;"},"content":{"rendered":"\n<p class=\"wp-block-paragraph\"><strong>Lewis Hamilton<\/strong> dio todo lo que el <strong>W14<\/strong> pod\u00eda ofrecer en el<strong> <a href=\"https:\/\/grandepremio.com\/es\/\/f1\/sergio-perez-victoria-baku-gp-de-azerbaiyan\/\">GP de Azerbaiy\u00e1n<\/a><\/strong>. Tuvo problemas con la parada en boxes, pero se recuper\u00f3 y termin\u00f3 la carrera en sexto lugar. Justo despu\u00e9s de la carrera, <strong>el piloto siete veces campe\u00f3n mundial celebr\u00f3 el resultado y elogi\u00f3 a Mercedes<\/strong>.<\/p>\n\n\n\n<p class=\"wp-block-paragraph\">Fue casi una <a href=\"https:\/\/grandepremio.com\/es\/\/f1\/formula-1-verstappen-baku-azar\/\">carrera<\/a> de recuperaci\u00f3n para el ingl\u00e9s. Poco despu\u00e9s de la apertura de pit-stops, Mercedes lo llam\u00f3 a boxes pero el momento result\u00f3 ser el peor posible. Primero, porque regres\u00f3 detr\u00e1s de una fila de tres autos, en el und\u00e9cimo lugar; segundo, porque un poco m\u00e1s atr\u00e1s, <a href=\"https:\/\/grandepremio.com\/es\/\/video\/f1\/de-vries-abandona-azerbaiyan-golpe\/\"><strong>Nyck De Vries<\/strong>, de <strong>AlphaTauri<\/strong>, toc\u00f3 el muro<\/a>, rompi\u00f3 la suspensi\u00f3n y caus\u00f3 la entrada del coche de seguridad segundos despu\u00e9s de que <strong>Hamilton<\/strong> dejara el pit-lane. Fue un balde de agua fr\u00eda en el intento de <em>undercut<\/em> de <strong>Mercedes contra Fernando Alonso y Carlos Sainz.<\/strong><\/p>\n\n\n\n<p class=\"wp-block-paragraph\">A partir de ah\u00ed, el heptacampe\u00f3n dio un peque\u00f1o espect\u00e1culo. Despu\u00e9s de la relanzada, inici\u00f3 un pilotaje agresivo para salir del d\u00e9cimo lugar al sexto puesto, detr\u00e1s de la <strong><a href=\"https:\/\/grandepremio.com\/es\/\/f1\/formula-1-leclerc-baku-tercero-ferrari\/\">Ferrari<\/a> de Sainz<\/strong>. Al final, falt\u00f3 un poco m\u00e1s de ritmo de coche y neum\u00e1tico para atacar al espa\u00f1ol, al que se acerc\u00f3.<\/p>\n\n\n\n<figure class=\"wp-block-image size-large\"><img decoding=\"async\" src=\"https:\/\/www.grandepremio.com\/br\/wp-content\/uploads\/2023\/04\/mercedes-lewishamilton-afp-01-6-1024x683.jpg\" alt=\"\" class=\"wp-image-677623\"\/><figcaption class=\"wp-element-caption\">Lewis Hamilton, durante el GP de Azerbaiy\u00e1n (Foto: AFP) <\/figcaption><\/figure>\n\n\n\n<p class=\"wp-block-paragraph\">&#8220;Creo que logramos sacar el m\u00e1ximo del coche. Tuvimos una buena preparaci\u00f3n en la f\u00e1brica antes de llegar aqu\u00ed, con mucho trabajo en el simulador&#8221;, destac\u00f3 Hamilton. &#8220;<strong>Estoy muy orgulloso del equipo<\/strong>&#8220;.<\/p>\n\n\n\n<p class=\"wp-block-paragraph\">&#8220;La mentalidad del equipo es genial. <strong>Hay un pensamiento ganador,<\/strong> todo el mundo est\u00e1 enfocado en progresar y llegar al nivel que sabemos que podemos ocupar&#8221;, continu\u00f3. &#8220;Todos trabajan muy bien, y eso es todo lo que podemos pedir hasta que tengamos esas actualizaciones que, espero, nos pongan a\u00fan m\u00e1s en la pelea&#8221;.<\/p>\n\n\n\n<p class=\"wp-block-paragraph\">El heptacampe\u00f3n ocupa actualmente el <strong>cuarto lugar<\/strong> del <strong>Mundial de Piloto<\/strong>s, con 46 puntos sumados. Despu\u00e9s de un segundo lugar en el GP de Australia, hace tres semanas, <strong>fue la primera vez en la temporada que termin\u00f3 fuera del top-5<\/strong>.<\/p>\n\n\n\n<p class=\"wp-block-paragraph\">La <strong>F\u00f3rmula 1<\/strong> hace un largo viaje y vuelve la semana que viene, del <strong>5 al 7 de mayo, con el GP de Miami<\/strong>, la primera de tres etapas del a\u00f1o en <strong>Estados Unidos.<\/strong><\/p>\n","protected":false},"excerpt":{"rendered":"<p>Lewis Hamilton tuvo una carrera de recuperaci\u00f3n en Azerbaiy\u00e1n despu\u00e9s de ser perjudicado por la entrada del coche de seguridad y celebr\u00f3 el sexto lugar.<\/p>\n","protected":false},"author":0,"featured_media":1000677578,"comment_status":"closed","ping_status":"closed","sticky":false,"template":"","format":"standard","meta":{"42wp_featured_image_caption":"","42wp_featured_image_credits":"","42wp_featured_video":"","42wp_featured_image_hidden":false,"42wp_authors_list":[],"footnotes":""},"categories":[5],"tags":[181,179,1488,2237,405,4026,199,197,1238,4453,1236,4561],"42wp_author":[14235],"class_list":["post-19333","post","type-post","status-publish","format-standard","has-post-thumbnail","hentry","category-f1","tag-f1","tag-formula-1","tag-grande-premio","tag-grandepremio","tag-hamilton","tag-hamilton-2023","tag-lewis-hamilton","tag-mercedes","tag-mercedes-amg","tag-mercedes-amg-f1-team","tag-mercedes-f1","tag-mercedes-w14","42wp_author-barbara-mincioni"],"_links":{"self":[{"href":"https:\/\/grandepremio.com\/es\/wp-json\/wp\/v2\/posts\/19333","targetHints":{"allow":["GET"]}}],"collection":[{"href":"https:\/\/grandepremio.com\/es\/wp-json\/wp\/v2\/posts"}],"about":[{"href":"https:\/\/grandepremio.com\/es\/wp-json\/wp\/v2\/types\/post"}],"replies":[{"embeddable":true,"href":"https:\/\/grandepremio.com\/es\/wp-json\/wp\/v2\/comments?post=19333"}],"version-history":[{"count":0,"href":"https:\/\/grandepremio.com\/es\/wp-json\/wp\/v2\/posts\/19333\/revisions"}],"wp:featuredmedia":[{"embeddable":true,"href":"https:\/\/grandepremio.com\/es\/wp-json\/wp\/v2\/media\/1000677578"}],"wp:attachment":[{"href":"https:\/\/grandepremio.com\/es\/wp-json\/wp\/v2\/media?parent=19333"}],"wp:term":[{"taxonomy":"category","embeddable":true,"href":"https:\/\/grandepremio.com\/es\/wp-json\/wp\/v2\/categories?post=19333"},{"taxonomy":"post_tag","embeddable":true,"href":"https:\/\/grandepremio.com\/es\/wp-json\/wp\/v2\/tags?post=19333"},{"taxonomy":"42wp_author","embeddable":true,"href":"https:\/\/grandepremio.com\/es\/wp-json\/wp\/v2\/42wp_author?post=19333"}],"curies":[{"name":"wp","href":"https:\/\/api.w.org\/{rel}","templated":true}]}}