{"id":19348,"date":"2023-04-29T14:40:50","date_gmt":"2023-04-29T17:40:50","guid":{"rendered":"https:\/\/grandepremio.com\/es\/2023\/04\/29\/max-verstappen-critica-george-russell-sprint-azerbaiyan\/"},"modified":"2023-04-29T14:52:11","modified_gmt":"2023-04-29T17:52:11","slug":"max-verstappen-critica-george-russell-sprint-azerbaiyan","status":"publish","type":"post","link":"https:\/\/grandepremio.com\/es\/f1\/max-verstappen-critica-george-russell-sprint-azerbaiyan\/","title":{"rendered":"Verstappen critica maniobra de Russell en la carrera sprint de Baku: &#8220;No la entiendo&#8221;"},"content":{"rendered":"\n<figure class=\"wp-block-video\"><video class=\"video-js vjs-big-play-centered\" data-gp-vjs=\"1\" controls src=\"https:\/\/grandepremio.com\/es\/\/wp-content\/uploads\/2023\/04\/video-output-41EF14AF-3424-408E-8C0B-3A3C86BC06B2.mp4\"><\/video><figcaption class=\"wp-element-caption\">Max Verstappen y George Russell discutieron al final de la carrera sprint en Azerbaiy\u00e1n. (Video: F1)<\/figcaption><\/figure>\n\n\n\n<p class=\"wp-block-paragraph\"><strong>Max Verstappen<\/strong> no termin\u00f3 nada contento con su tercer puesto en la <strong>carrera sprint <\/strong>del <strong>GP de Azerbaiy\u00e1n<\/strong>. Poco despu\u00e9s de la carrera, el bicampe\u00f3n del mundo critic\u00f3 una arriesgada maniobra de <strong>George Russell,<\/strong> de <strong>Mercedes,<\/strong> durante una encarnizada lucha en la primera vuelta. En parque cerrado, el holand\u00e9s lo increp\u00f3 al brit\u00e1nico, hasta llegar a insultarlo. <\/p>\n\n\n\n<p class=\"wp-block-paragraph\">En el tr\u00e1mite de la carrera, Verstappen tuvo una carrera accidentada. Perdi\u00f3 la tercera posici\u00f3n por aquella pelea con Russell que acab\u00f3 con un toque entre ambos. Sin embargo, un reinicio con auto de seguridad, provocado por problemas e<a href=\"https:\/\/grandepremio.com\/es\/\/video\/f1\/tsunoda-pierde-neumatico-abandona-sprint-f1\/\" target=\"_blank\" rel=\"noreferrer noopener\">n el siniestrado <strong>AlphaTauri<\/strong> de <strong>Yuki Tsunoda<\/strong><\/a>, le permiti\u00f3 al #1 recuperar la tercera plaza en la reanudaci\u00f3n de la quinta vuelta. Pero el coche ten\u00eda da\u00f1os del incidente, un agujero en el pont\u00f3n, y su <strong>RB19<\/strong> carec\u00eda del ritmo de otras oportunidades. <\/p>\n\n\n\n<p class=\"wp-block-paragraph\"><strong>\u00a1Conoce el canal de Grande Pr\u00eamio en Espa\u00f1ol en\u00a0<a href=\"https:\/\/www.youtube.com\/channel\/UCDxWojGVUi9gWYhrY0pGbIQ\" target=\"_blank\" rel=\"noreferrer noopener\">YouTube<\/a>!<br>\u00a1Sigue a\u00a0Grande Pr\u00eamio en Espa\u00f1ol\u00a0en\u00a0<a href=\"https:\/\/twitter.com\/grandepremioES\" target=\"_blank\" rel=\"noreferrer noopener\">Twitter\u00a0<\/a>y en\u00a0<a href=\"https:\/\/www.instagram.com\/grandepremioes\/\" target=\"_blank\" rel=\"noreferrer noopener\">Instagram<\/a>!<\/strong><\/p>\n\n\n\n<figure class=\"wp-block-image size-large\"><img decoding=\"async\" src=\"https:\/\/www.grandepremio.com\/br\/wp-content\/uploads\/2023\/04\/Verstappen-Russell-1024x576.jpg\" alt=\"\" class=\"wp-image-676967\"\/><figcaption class=\"wp-element-caption\">Max Verstappen fue a increpar a George Russell por la maniobra del sprint (Foto: Reproducci\u00f3n)<\/figcaption><\/figure>\n\n\n\n<p class=\"wp-block-paragraph\">El gran problema fue la disputa con Russell, que casi lleva a Verstappen contra el muro. Por radio, el #1 no ocult\u00f3 su descontento. Tras la carrera, se quej\u00f3 p\u00fablicamente.<\/p>\n\n\n\n<p class=\"wp-block-paragraph\">&#8220;No entiendo por qu\u00e9 arriesgar tanto en una vuelta y acercarse tanto al lateral de mi coche. Todos \u00edbamos con neum\u00e1ticos fr\u00edos, era muy f\u00e1cil frenar&#8221;, empez\u00f3. &#8220;Su bonita forma de explicar, &#8216;ah, sabes que bloque\u00e9 los neum\u00e1ticos, mira en la [c\u00e1mara] onboard&#8217;, no tiene ning\u00fan sentido&#8221;, critic\u00f3.<\/p>\n\n\n\n<p class=\"wp-block-paragraph\">Verstappen se refiri\u00f3 a un momento m\u00e1s acalorado captado justo despu\u00e9s de la carrera y justo antes de conceder la entrevista, en el Parque Cerrado, cuando discuti\u00f3 con Russell. &#8220;No ten\u00eda agarre&#8221;, manifest\u00f3 el brit\u00e1nico, disculp\u00e1ndose. El holand\u00e9s replic\u00f3: &#8220;\u00a1Nadie ten\u00eda agarre! Todos tenemos que dejar un poco de espacio. Espera lo mismo la pr\u00f3xima vez&#8221;.<\/p>\n\n\n\n<figure class=\"wp-block-image size-large\"><img decoding=\"async\" src=\"https:\/\/grandepremio.com\/es\/\/wp-content\/uploads\/2023\/04\/SI202304291028-1024x683.jpg\" alt=\"\" class=\"wp-image-149072\"\/><figcaption class=\"wp-element-caption\">Max Verstappen se involucr\u00f3 en una batalla con George Russell por el tercer lugar en el inicio de la carrera sprint. (Foto: Getty Images \/ Red Bull Content Pool)<\/figcaption><\/figure>\n\n\n\n<p class=\"wp-block-paragraph\">Los seis puntos del tercer puesto mantienen a Verstappen al frente del campeonato de pilotos con 75 unidades, 13 por delante de P\u00e9rez, que termin\u00f3 el s\u00e1bado con ocho m\u00e1s en el bolsillo. <strong>Fernando Alonso,<\/strong> de <strong>Aston Martin,<\/strong> es tercero con 48.<\/p>\n\n\n\n<p class=\"wp-block-paragraph\">A pesar del trago amargo, el holand\u00e9s subray\u00f3: &#8220;As\u00ed son las cosas. Centr\u00e9monos en la carrera de ma\u00f1ana&#8221;.<\/p>\n\n\n\n<p class=\"wp-block-paragraph\">La acci\u00f3n continuar\u00e1 este domingo, con la celebraci\u00f3n del<strong>\u00a0GP de Azerbaiy\u00e1n.\u00a0Grande Pr\u00eamio en Espa\u00f1ol<\/strong>\u00a0sigue\u00a0<strong>EN VIVO Y EN TIEMPO REAL<\/strong>\u00a0todas las actividades del Mundial de\u00a0<a href=\"https:\/\/grandepremio.com\/es\/\/f1\/\" target=\"_blank\" rel=\"noreferrer noopener\"><\/a><a href=\"https:\/\/grandepremio.com\/es\/\/f1\/\" target=\"_blank\" rel=\"noreferrer noopener\"><\/a><a href=\"https:\/\/grandepremio.com\/es\/\/f1\/\" target=\"_blank\" rel=\"noreferrer noopener\"><\/a><a href=\"https:\/\/grandepremio.com\/es\/\/f1\/\" target=\"_blank\" rel=\"noreferrer noopener\"><\/a><a href=\"https:\/\/grandepremio.com\/es\/\/f1\/\" target=\"_blank\" rel=\"noreferrer noopener\">F\u00f3rmula 1<\/a>.<\/p>\n\n\n\n<p class=\"wp-block-paragraph\"><\/p>\n","protected":false},"excerpt":{"rendered":"<p>Max Verstappen habl\u00f3 sobre la discusi\u00f3n que mantuvo con George Russell en Parque Cerrado por el incidente que tuvieron en el sprint del GP de Azerbaiy\u00e1n.  <\/p>\n","protected":false},"author":0,"featured_media":1000676955,"comment_status":"closed","ping_status":"closed","sticky":false,"template":"","format":"standard","meta":{"42wp_featured_image_caption":"","42wp_featured_image_credits":"","42wp_featured_video":"","42wp_featured_image_hidden":false,"42wp_authors_list":[],"footnotes":""},"categories":[5],"tags":[1545,2581,181,1676,179,2534,253,1386,1488,3438,2237,249,197,206],"42wp_author":[14223],"class_list":["post-19348","post","type-post","status-publish","format-standard","has-post-thumbnail","hentry","category-f1","tag-carrera-sprint","tag-carrera-sprint-f1","tag-f1","tag-f1-2023","tag-formula-1","tag-formula-1-2023","tag-george-russell","tag-gp-de-azerbaiyan","tag-grande-premio","tag-grande-premio-en-espanol","tag-grandepremio","tag-max-verstappen","tag-mercedes","tag-red-bull","42wp_author-esteban-nieto"],"_links":{"self":[{"href":"https:\/\/grandepremio.com\/es\/wp-json\/wp\/v2\/posts\/19348","targetHints":{"allow":["GET"]}}],"collection":[{"href":"https:\/\/grandepremio.com\/es\/wp-json\/wp\/v2\/posts"}],"about":[{"href":"https:\/\/grandepremio.com\/es\/wp-json\/wp\/v2\/types\/post"}],"replies":[{"embeddable":true,"href":"https:\/\/grandepremio.com\/es\/wp-json\/wp\/v2\/comments?post=19348"}],"version-history":[{"count":0,"href":"https:\/\/grandepremio.com\/es\/wp-json\/wp\/v2\/posts\/19348\/revisions"}],"wp:featuredmedia":[{"embeddable":true,"href":"https:\/\/grandepremio.com\/es\/wp-json\/wp\/v2\/media\/1000676955"}],"wp:attachment":[{"href":"https:\/\/grandepremio.com\/es\/wp-json\/wp\/v2\/media?parent=19348"}],"wp:term":[{"taxonomy":"category","embeddable":true,"href":"https:\/\/grandepremio.com\/es\/wp-json\/wp\/v2\/categories?post=19348"},{"taxonomy":"post_tag","embeddable":true,"href":"https:\/\/grandepremio.com\/es\/wp-json\/wp\/v2\/tags?post=19348"},{"taxonomy":"42wp_author","embeddable":true,"href":"https:\/\/grandepremio.com\/es\/wp-json\/wp\/v2\/42wp_author?post=19348"}],"curies":[{"name":"wp","href":"https:\/\/api.w.org\/{rel}","templated":true}]}}