{"id":19367,"date":"2023-04-28T17:53:59","date_gmt":"2023-04-28T20:53:59","guid":{"rendered":"https:\/\/grandepremio.com\/es\/2023\/04\/28\/formula-1-ferrari-mekies-baku-leclerc\/"},"modified":"2023-04-28T18:00:35","modified_gmt":"2023-04-28T21:00:35","slug":"formula-1-ferrari-mekies-baku-leclerc","status":"publish","type":"post","link":"https:\/\/grandepremio.com\/es\/f1\/formula-1-ferrari-mekies-baku-leclerc\/","title":{"rendered":"Ferrari celebra el &#8220;algo m\u00e1s&#8221; de Leclerc en Bak\u00fa: esperan &#8220;Mejorar el ritmo de carrera&#8221;"},"content":{"rendered":"\n<p class=\"wp-block-paragraph\"><strong>Ferrari<\/strong> arranc\u00f3 por fin la temporada 2023 de <strong>F\u00f3rmula 1<\/strong>, y el lugar no pod\u00eda ser m\u00e1s propicio: el circuito urbano de <strong>Bak\u00fa<\/strong>, donde <strong>Charles Leclerc <\/strong>logr\u00f3 tres <em>pole-positions<\/em> en seis ediciones del <strong>GP de Azerbaiy\u00e1n<\/strong>, incluida <a href=\"https:\/\/grandepremio.com\/es\/\/f1\/charles-leclerc-pole-azerbaiyan-formula-1\/\">la clasificaci\u00f3n de hoy<\/a>. El equipo italiano estaba muy contento con el resultado, pero <strong>Laurent Mekies quiso mantener los pies en el suelo al hablar de sus expectativas para la carrera del domingo<\/strong>.<\/p>\n\n\n\n<p class=\"wp-block-paragraph\"><strong><strong>\u00a1Conoce el canal de Grande Pr\u00eamio en Espa\u00f1ol en\u00a0<a href=\"https:\/\/www.youtube.com\/channel\/UCDxWojGVUi9gWYhrY0pGbIQ\" target=\"_blank\" rel=\"noreferrer noopener\">YouTube<\/a>!<br>\u00a1Sigue a\u00a0Grande Pr\u00eamio en Espa\u00f1ol\u00a0en\u00a0<a href=\"https:\/\/twitter.com\/grandepremioES\" target=\"_blank\" rel=\"noreferrer noopener\">Twitter\u00a0<\/a>y en\u00a0<a href=\"https:\/\/www.instagram.com\/grandepremioes\/\" target=\"_blank\" rel=\"noreferrer noopener\">Instagram<\/a>!<\/strong><\/strong><\/p>\n\n\n\n<p class=\"wp-block-paragraph\"><strong>Mekies<\/strong> explic\u00f3 que<strong> el principal foco de trabajo de Ferrari ha estado en la b\u00fasqueda de un ritmo de carrera mejor <\/strong>que el presentado hasta ahora. El director del equipo declar\u00f3 que era bueno ver no s\u00f3lo a Leclerc, sino <strong>tambi\u00e9n a <a href=\"https:\/\/grandepremio.com\/es\/\/f1\/formula-1-baku-sainz-clasificacion\/\">Carlos Sainz terminando entre los cuatro primeros<\/a><\/strong>.<\/p>\n\n\n\n<figure class=\"wp-block-image size-large\"><img decoding=\"async\" src=\"https:\/\/www.grandepremio.com\/br\/wp-content\/uploads\/2023\/04\/ferrari-carlossainz-afp-02-2-1024x683.jpg\" alt=\"\" class=\"wp-image-675617\"\/><figcaption class=\"wp-element-caption\">Carlos Sainz termin\u00f3 cuarto en la clasificaci\u00f3n en Bak\u00fa (Foto: AFP)<\/figcaption><\/figure>\n\n\n\n<p class=\"wp-block-paragraph\">&#8220;Es una gran pole para el equipo y para Charles&#8221;, admiti\u00f3 Mekies, subrayando que el monegasco &#8220;es especial&#8221; en Bak\u00fa. &#8220;<strong>Ya es s\u00faper r\u00e1pido en clasificaci\u00f3n, pero aqu\u00ed tiene algo extra. Ha sido poleman aqu\u00ed en los \u00faltimos a\u00f1os<\/strong>&#8220;, subray\u00f3.<\/p>\n\n\n\n<p class=\"wp-block-paragraph\">&#8220;<strong>La realidad es que era bueno tener a Carlos y Charles luchando por el top-4<\/strong>. Hemos estado trabajando duro desde la \u00faltima carrera, y hemos notado algunos signos positivos en Melbourne, aunque salimos a cero de all\u00ed. <strong>Hoy hemos confirmado que los cambios de Melbourne nos han colocado en una mejor posici\u00f3n<\/strong>&#8220;, a\u00f1adi\u00f3 Mekies, consciente de que s\u00f3lo tendr\u00e1 un escenario m\u00e1s realista el domingo.<\/p>\n\n\n\n<p class=\"wp-block-paragraph\">&#8220;<strong>Todo el trabajo duro en Maranello es tratar de encontrar m\u00e1s ritmo de carrera, e ir\u00f3nicamente se aleja del enfoque con el DRS<\/strong>, que tiene m\u00e1s peso en la qualy. La prioridad es regularizar el ritmo de carrera&#8221;, finaliz\u00f3 el director, que hace las maletas rumbo a AlphaTauri, pero aprovech\u00f3 para reiterar que de momento, est\u00e1 &#8220;centrado al 100%&#8221; en los resultados de Ferrari.<\/p>\n\n\n\n<figure class=\"wp-block-embed is-type-video is-provider-youtube wp-block-embed-youtube wp-embed-aspect-16-9 wp-has-aspect-ratio\"><div class=\"wp-block-embed__wrapper\">\n<iframe loading=\"lazy\" title=\"LA F\u00d3RMULA 1 RELANZA LA SPRINT PERO FALLA LA IMPLEMENTACI\u00d3N\" width=\"500\" height=\"281\" src=\"https:\/\/www.youtube.com\/embed\/wcrSG71b97E?feature=oembed\" frameborder=\"0\" allow=\"accelerometer; autoplay; clipboard-write; encrypted-media; gyroscope; picture-in-picture; web-share\" referrerpolicy=\"strict-origin-when-cross-origin\" allowfullscreen><\/iframe>\n<\/div><\/figure>\n\n\n\n<p class=\"wp-block-paragraph\">La acci\u00f3n continuar\u00e1 este s\u00e1bado, c<strong>on el debut del nuevo formato de clasificaci\u00f3n shootout y la carrera sprint del GP de Azerbaiy\u00e1n.\u00a0Grande Pr\u00eamio en Espa\u00f1ol<\/strong>\u00a0sigue\u00a0<strong>EN VIVO Y EN TIEMPO REAL<\/strong>\u00a0todas las actividades del Mundial de\u00a0<a href=\"https:\/\/grandepremio.com\/es\/\/f1\/\" target=\"_blank\" rel=\"noreferrer noopener\"><\/a><a href=\"https:\/\/grandepremio.com\/es\/\/f1\/\" target=\"_blank\" rel=\"noreferrer noopener\"><\/a><a href=\"https:\/\/grandepremio.com\/es\/\/f1\/\" target=\"_blank\" rel=\"noreferrer noopener\"><\/a><a href=\"https:\/\/grandepremio.com\/es\/\/f1\/\" target=\"_blank\" rel=\"noreferrer noopener\"><\/a><a href=\"https:\/\/grandepremio.com\/es\/\/f1\/\" target=\"_blank\" rel=\"noreferrer noopener\">F\u00f3rmula 1<\/a>.<\/p>\n","protected":false},"excerpt":{"rendered":"<p>Charles Leclerc ha sido el poleman en las tres \u00faltimas ediciones del GP de Azerbaiy\u00e1n, contando la conseguida hoy pero Laurent Mekies reconoci\u00f3 que Ferrari ha estado trabajando duro desde Melbourne para mejorar su ritmo de carrera.<\/p>\n","protected":false},"author":0,"featured_media":1000675897,"comment_status":"closed","ping_status":"closed","sticky":false,"template":"","format":"standard","meta":{"42wp_featured_image_caption":"","42wp_featured_image_credits":"","42wp_featured_video":"","42wp_featured_image_hidden":false,"42wp_authors_list":[],"footnotes":""},"categories":[5],"tags":[1385,1393,247,2766,181,185,5662,179,2904,2237,501,643],"42wp_author":[14235],"class_list":["post-19367","post","type-post","status-publish","format-standard","has-post-thumbnail","hentry","category-f1","tag-azerbaiyan","tag-baku","tag-charles-leclerc","tag-charles-leclerc-ferrari","tag-f1","tag-ferrari","tag-ferrari-sf-23","tag-formula-1","tag-gp-de-azerbaijan","tag-grandepremio","tag-leclerc","tag-scuderia-ferrari","42wp_author-barbara-mincioni"],"_links":{"self":[{"href":"https:\/\/grandepremio.com\/es\/wp-json\/wp\/v2\/posts\/19367","targetHints":{"allow":["GET"]}}],"collection":[{"href":"https:\/\/grandepremio.com\/es\/wp-json\/wp\/v2\/posts"}],"about":[{"href":"https:\/\/grandepremio.com\/es\/wp-json\/wp\/v2\/types\/post"}],"replies":[{"embeddable":true,"href":"https:\/\/grandepremio.com\/es\/wp-json\/wp\/v2\/comments?post=19367"}],"version-history":[{"count":0,"href":"https:\/\/grandepremio.com\/es\/wp-json\/wp\/v2\/posts\/19367\/revisions"}],"wp:featuredmedia":[{"embeddable":true,"href":"https:\/\/grandepremio.com\/es\/wp-json\/wp\/v2\/media\/1000675897"}],"wp:attachment":[{"href":"https:\/\/grandepremio.com\/es\/wp-json\/wp\/v2\/media?parent=19367"}],"wp:term":[{"taxonomy":"category","embeddable":true,"href":"https:\/\/grandepremio.com\/es\/wp-json\/wp\/v2\/categories?post=19367"},{"taxonomy":"post_tag","embeddable":true,"href":"https:\/\/grandepremio.com\/es\/wp-json\/wp\/v2\/tags?post=19367"},{"taxonomy":"42wp_author","embeddable":true,"href":"https:\/\/grandepremio.com\/es\/wp-json\/wp\/v2\/42wp_author?post=19367"}],"curies":[{"name":"wp","href":"https:\/\/api.w.org\/{rel}","templated":true}]}}